{"id":3435,"date":"2024-07-30T19:30:36","date_gmt":"2024-07-30T18:30:36","guid":{"rendered":"https:\/\/elmawkie.dz\/fr\/?p=3435"},"modified":"2024-07-30T19:30:36","modified_gmt":"2024-07-30T18:30:36","slug":"algerie-tunisie-les-ministeres-de-linterieur-des-deux-pays-maintiennent-leur-action-commune-face-aux-differents-defis","status":"publish","type":"post","link":"https:\/\/elmawkie.dz\/fr\/algerie-tunisie-les-ministeres-de-linterieur-des-deux-pays-maintiennent-leur-action-commune-face-aux-differents-defis\/","title":{"rendered":"Alg\u00e9rie\/Tunisie: les minist\u00e8res de l&rsquo;Int\u00e9rieur des deux pays maintiennent leur action commune face aux diff\u00e9rents d\u00e9fis"},"content":{"rendered":"<div class=\"itemIntroText col-xs-hidden \">\n<p><strong>ALGER &#8211; Le ministre de l&rsquo;Int\u00e9rieur, des Collectivit\u00e9s locales et de l&rsquo;Am\u00e9nagement du territoire, Brahim Merad a affirm\u00e9, mardi \u00e0 Alger, que l&rsquo;action commune entre les minist\u00e8res de l&rsquo;Int\u00e9rieur alg\u00e9rien et tunisien se poursuivait pour faire face aux diff\u00e9rents d\u00e9fis.<\/strong><\/p>\n<\/div>\n<div class=\"itemFullText\">\n<p>S&rsquo;exprimant \u00e0 l&rsquo;issue de ses entretiens avec son homologue tunisien, Khaled Nouri qui effectue une visite de travail en Alg\u00e9rie, M. Merad a d\u00e9clar\u00e9 avoir \u00ab\u00a0abord\u00e9 avec le ministre tunisien de l&rsquo;Int\u00e9rieur plusieurs questions. L&rsquo;action commune entre les minist\u00e8res de l&rsquo;Int\u00e9rieur des deux pays se poursuit au niveau des commissions bilat\u00e9rales cr\u00e9\u00e9es r\u00e9cemment et ce, en vue de faire face aux diff\u00e9rents d\u00e9fis tels que la migration clandestine et les r\u00e9seaux de contrebande, de drogue et de psychotropes\u00a0\u00bb.<\/p>\n<blockquote><p><em><strong>Cette rencontre a port\u00e9 \u00e9galement sur \u00ab\u00a0la mobilit\u00e9 entre l&rsquo;Alg\u00e9rie et la Tunisie et la poursuite du d\u00e9veloppement des r\u00e9gions frontali\u00e8res entre les deux pays\u00a0\u00bb, ajoute M. Merad. \u00ab\u00a0La s\u00e9curit\u00e9 de la Tunisie est li\u00e9e \u00e0 celle de l&rsquo;Alg\u00e9rie, comme affirm\u00e9 par les pr\u00e9sidents des deux pays, MM. Abdelmadjid Tebboune et Ka\u00efs Sa\u00efed\u00a0\u00bb, a-t-il rappel\u00e9.<\/strong><\/em><\/p><\/blockquote>\n<p>Et d&rsquo;ajouter: \u00ab\u00a0nous \u0153uvrons \u00e0 d\u00e9velopper la r\u00e9gion dans le cadre de l&rsquo;int\u00e9gration socio\u00e9conomique et du bon voisinage, \u00e0 travers la pr\u00e9vention de tout ce qui pourrait porter atteinte \u00e0 la s\u00e9curit\u00e9 des citoyens et de leurs biens outre la lutte contre tous les ph\u00e9nom\u00e8nes n\u00e9gatifs\u00a0\u00bb.Aps<\/p>\n<\/div>\n","protected":false},"excerpt":{"rendered":"<p>ALGER &#8211; Le ministre de l&rsquo;Int\u00e9rieur, des Collectivit\u00e9s locales et de l&rsquo;Am\u00e9nagement du territoire, Brahim Merad a affirm\u00e9, mardi \u00e0 Alger, que l&rsquo;action commune entre les minist\u00e8res de l&rsquo;Int\u00e9rieur alg\u00e9rien et tunisien se poursuivait pour faire face aux diff\u00e9rents d\u00e9fis. S&rsquo;exprimant \u00e0 l&rsquo;issue de ses entretiens avec son homologue tunisien, Khaled Nouri qui effectue une &hellip;<\/p>\n","protected":false},"author":3,"featured_media":3436,"comment_status":"open","ping_status":"open","sticky":false,"template":"","format":"standard","meta":{"footnotes":""},"categories":[47],"tags":[],"class_list":["post-3435","post","type-post","status-publish","format-standard","has-post-thumbnail","hentry","category-national"],"yoast_head":"<!-- This site is optimized with the Yoast SEO Premium plugin v22.6 (Yoast SEO v22.6) - https:\/\/yoast.com\/wordpress\/plugins\/seo\/ -->\n<title>Alg\u00e9rie\/Tunisie: les minist\u00e8res de l&#039;Int\u00e9rieur des deux pays maintiennent leur action commune face aux diff\u00e9rents d\u00e9fis - El Mawkie<\/title>\n<meta name=\"robots\" content=\"index, follow, max-snippet:-1, max-image-preview:large, max-video-preview:-1\" \/>\n<link rel=\"canonical\" href=\"https:\/\/elmawkie.dz\/fr\/algerie-tunisie-les-ministeres-de-linterieur-des-deux-pays-maintiennent-leur-action-commune-face-aux-differents-defis\/\" \/>\n<meta property=\"og:locale\" content=\"fr_FR\" \/>\n<meta property=\"og:type\" content=\"article\" \/>\n<meta property=\"og:title\" content=\"Alg\u00e9rie\/Tunisie: les minist\u00e8res de l&#039;Int\u00e9rieur des deux pays maintiennent leur action commune face aux diff\u00e9rents d\u00e9fis\" \/>\n<meta property=\"og:description\" content=\"ALGER &#8211; Le ministre de l&rsquo;Int\u00e9rieur, des Collectivit\u00e9s locales et de l&rsquo;Am\u00e9nagement du territoire, Brahim Merad a affirm\u00e9, mardi \u00e0 Alger, que l&rsquo;action commune entre les minist\u00e8res de l&rsquo;Int\u00e9rieur alg\u00e9rien et tunisien se poursuivait pour faire face aux diff\u00e9rents d\u00e9fis. S&rsquo;exprimant \u00e0 l&rsquo;issue de ses entretiens avec son homologue tunisien, Khaled Nouri qui effectue une &hellip;\" \/>\n<meta property=\"og:url\" content=\"https:\/\/elmawkie.dz\/fr\/algerie-tunisie-les-ministeres-de-linterieur-des-deux-pays-maintiennent-leur-action-commune-face-aux-differents-defis\/\" \/>\n<meta property=\"og:site_name\" content=\"El Mawkie\" \/>\n<meta property=\"article:publisher\" content=\"https:\/\/www.facebook.com\/profile.php?id=100088407094989&amp;locale=fr_FR\" \/>\n<meta property=\"article:published_time\" content=\"2024-07-30T18:30:36+00:00\" \/>\n<meta property=\"og:image\" content=\"https:\/\/elmawkie.dz\/fr\/wp-content\/uploads\/2024\/07\/IMG_9230.jpeg\" \/>\n\t<meta property=\"og:image:width\" content=\"580\" \/>\n\t<meta property=\"og:image:height\" content=\"387\" \/>\n\t<meta property=\"og:image:type\" content=\"image\/jpeg\" \/>\n<meta name=\"author\" content=\"Hamra Fouzia\" \/>\n<meta name=\"twitter:card\" content=\"summary_large_image\" \/>\n<meta name=\"twitter:label1\" content=\"Written by\" \/>\n\t<meta name=\"twitter:data1\" content=\"Hamra Fouzia\" \/>\n\t<meta name=\"twitter:label2\" content=\"Est. reading time\" \/>\n\t<meta name=\"twitter:data2\" content=\"1 minute\" \/>\n<script type=\"application\/ld+json\" class=\"yoast-schema-graph\">{\"@context\":\"https:\/\/schema.org\",\"@graph\":[{\"@type\":\"Article\",\"@id\":\"https:\/\/elmawkie.dz\/fr\/algerie-tunisie-les-ministeres-de-linterieur-des-deux-pays-maintiennent-leur-action-commune-face-aux-differents-defis\/#article\",\"isPartOf\":{\"@id\":\"https:\/\/elmawkie.dz\/fr\/algerie-tunisie-les-ministeres-de-linterieur-des-deux-pays-maintiennent-leur-action-commune-face-aux-differents-defis\/\"},\"author\":{\"name\":\"Hamra Fouzia\",\"@id\":\"https:\/\/elmawkie.dz\/fr\/#\/schema\/person\/4ed8433201bc23634185d8dd37097c64\"},\"headline\":\"Alg\u00e9rie\/Tunisie: les minist\u00e8res de l&rsquo;Int\u00e9rieur des deux pays maintiennent leur action commune face aux diff\u00e9rents d\u00e9fis\",\"datePublished\":\"2024-07-30T18:30:36+00:00\",\"dateModified\":\"2024-07-30T18:30:36+00:00\",\"mainEntityOfPage\":{\"@id\":\"https:\/\/elmawkie.dz\/fr\/algerie-tunisie-les-ministeres-de-linterieur-des-deux-pays-maintiennent-leur-action-commune-face-aux-differents-defis\/\"},\"wordCount\":288,\"commentCount\":0,\"publisher\":{\"@id\":\"https:\/\/elmawkie.dz\/fr\/#organization\"},\"image\":{\"@id\":\"https:\/\/elmawkie.dz\/fr\/algerie-tunisie-les-ministeres-de-linterieur-des-deux-pays-maintiennent-leur-action-commune-face-aux-differents-defis\/#primaryimage\"},\"thumbnailUrl\":\"https:\/\/elmawkie.dz\/fr\/wp-content\/uploads\/2024\/07\/IMG_9230.jpeg\",\"articleSection\":[\"National\"],\"inLanguage\":\"fr-FR\",\"potentialAction\":[{\"@type\":\"CommentAction\",\"name\":\"Comment\",\"target\":[\"https:\/\/elmawkie.dz\/fr\/algerie-tunisie-les-ministeres-de-linterieur-des-deux-pays-maintiennent-leur-action-commune-face-aux-differents-defis\/#respond\"]}]},{\"@type\":\"WebPage\",\"@id\":\"https:\/\/elmawkie.dz\/fr\/algerie-tunisie-les-ministeres-de-linterieur-des-deux-pays-maintiennent-leur-action-commune-face-aux-differents-defis\/\",\"url\":\"https:\/\/elmawkie.dz\/fr\/algerie-tunisie-les-ministeres-de-linterieur-des-deux-pays-maintiennent-leur-action-commune-face-aux-differents-defis\/\",\"name\":\"Alg\u00e9rie\/Tunisie: les minist\u00e8res de l'Int\u00e9rieur des deux pays maintiennent leur action commune face aux diff\u00e9rents d\u00e9fis - El Mawkie\",\"isPartOf\":{\"@id\":\"https:\/\/elmawkie.dz\/fr\/#website\"},\"primaryImageOfPage\":{\"@id\":\"https:\/\/elmawkie.dz\/fr\/algerie-tunisie-les-ministeres-de-linterieur-des-deux-pays-maintiennent-leur-action-commune-face-aux-differents-defis\/#primaryimage\"},\"image\":{\"@id\":\"https:\/\/elmawkie.dz\/fr\/algerie-tunisie-les-ministeres-de-linterieur-des-deux-pays-maintiennent-leur-action-commune-face-aux-differents-defis\/#primaryimage\"},\"thumbnailUrl\":\"https:\/\/elmawkie.dz\/fr\/wp-content\/uploads\/2024\/07\/IMG_9230.jpeg\",\"datePublished\":\"2024-07-30T18:30:36+00:00\",\"dateModified\":\"2024-07-30T18:30:36+00:00\",\"breadcrumb\":{\"@id\":\"https:\/\/elmawkie.dz\/fr\/algerie-tunisie-les-ministeres-de-linterieur-des-deux-pays-maintiennent-leur-action-commune-face-aux-differents-defis\/#breadcrumb\"},\"inLanguage\":\"fr-FR\",\"potentialAction\":[{\"@type\":\"ReadAction\",\"target\":[\"https:\/\/elmawkie.dz\/fr\/algerie-tunisie-les-ministeres-de-linterieur-des-deux-pays-maintiennent-leur-action-commune-face-aux-differents-defis\/\"]}]},{\"@type\":\"ImageObject\",\"inLanguage\":\"fr-FR\",\"@id\":\"https:\/\/elmawkie.dz\/fr\/algerie-tunisie-les-ministeres-de-linterieur-des-deux-pays-maintiennent-leur-action-commune-face-aux-differents-defis\/#primaryimage\",\"url\":\"https:\/\/elmawkie.dz\/fr\/wp-content\/uploads\/2024\/07\/IMG_9230.jpeg\",\"contentUrl\":\"https:\/\/elmawkie.dz\/fr\/wp-content\/uploads\/2024\/07\/IMG_9230.jpeg\",\"width\":580,\"height\":387},{\"@type\":\"BreadcrumbList\",\"@id\":\"https:\/\/elmawkie.dz\/fr\/algerie-tunisie-les-ministeres-de-linterieur-des-deux-pays-maintiennent-leur-action-commune-face-aux-differents-defis\/#breadcrumb\",\"itemListElement\":[{\"@type\":\"ListItem\",\"position\":1,\"name\":\"Home\",\"item\":\"https:\/\/elmawkie.dz\/fr\/\"},{\"@type\":\"ListItem\",\"position\":2,\"name\":\"Alg\u00e9rie\/Tunisie: les minist\u00e8res de l&rsquo;Int\u00e9rieur des deux pays maintiennent leur action commune face aux diff\u00e9rents d\u00e9fis\"}]},{\"@type\":\"WebSite\",\"@id\":\"https:\/\/elmawkie.dz\/fr\/#website\",\"url\":\"https:\/\/elmawkie.dz\/fr\/\",\"name\":\"EL MAWKIE\",\"description\":\"Journal \u00c9lectronique Alg\u00e9rien\",\"publisher\":{\"@id\":\"https:\/\/elmawkie.dz\/fr\/#organization\"},\"potentialAction\":[{\"@type\":\"SearchAction\",\"target\":{\"@type\":\"EntryPoint\",\"urlTemplate\":\"https:\/\/elmawkie.dz\/fr\/?s={search_term_string}\"},\"query-input\":\"required name=search_term_string\"}],\"inLanguage\":\"fr-FR\"},{\"@type\":\"Organization\",\"@id\":\"https:\/\/elmawkie.dz\/fr\/#organization\",\"name\":\"EL MAWKIE\",\"url\":\"https:\/\/elmawkie.dz\/fr\/\",\"logo\":{\"@type\":\"ImageObject\",\"inLanguage\":\"fr-FR\",\"@id\":\"https:\/\/elmawkie.dz\/fr\/#\/schema\/logo\/image\/\",\"url\":\"https:\/\/elmawkie.dz\/fr\/wp-content\/uploads\/2024\/05\/logo1.png\",\"contentUrl\":\"https:\/\/elmawkie.dz\/fr\/wp-content\/uploads\/2024\/05\/logo1.png\",\"width\":1648,\"height\":652,\"caption\":\"EL MAWKIE\"},\"image\":{\"@id\":\"https:\/\/elmawkie.dz\/fr\/#\/schema\/logo\/image\/\"},\"sameAs\":[\"https:\/\/www.facebook.com\/profile.php?id=100088407094989&locale=fr_FR\"]},{\"@type\":\"Person\",\"@id\":\"https:\/\/elmawkie.dz\/fr\/#\/schema\/person\/4ed8433201bc23634185d8dd37097c64\",\"name\":\"Hamra Fouzia\",\"image\":{\"@type\":\"ImageObject\",\"inLanguage\":\"fr-FR\",\"@id\":\"https:\/\/elmawkie.dz\/fr\/#\/schema\/person\/image\/\",\"url\":\"https:\/\/secure.gravatar.com\/avatar\/ea215268aad51f3219f9a59227db6fa1?s=96&d=mm&r=g\",\"contentUrl\":\"https:\/\/secure.gravatar.com\/avatar\/ea215268aad51f3219f9a59227db6fa1?s=96&d=mm&r=g\",\"caption\":\"Hamra Fouzia\"},\"sameAs\":[\"https:\/\/elmawkie.dz\/fr\"],\"url\":\"https:\/\/elmawkie.dz\/fr\/author\/elmawkie\/\"}]}<\/script>\n<!-- \/ Yoast SEO Premium plugin. -->","yoast_head_json":{"title":"Alg\u00e9rie\/Tunisie: les minist\u00e8res de l'Int\u00e9rieur des deux pays maintiennent leur action commune face aux diff\u00e9rents d\u00e9fis - El Mawkie","robots":{"index":"index","follow":"follow","max-snippet":"max-snippet:-1","max-image-preview":"max-image-preview:large","max-video-preview":"max-video-preview:-1"},"canonical":"https:\/\/elmawkie.dz\/fr\/algerie-tunisie-les-ministeres-de-linterieur-des-deux-pays-maintiennent-leur-action-commune-face-aux-differents-defis\/","og_locale":"fr_FR","og_type":"article","og_title":"Alg\u00e9rie\/Tunisie: les minist\u00e8res de l'Int\u00e9rieur des deux pays maintiennent leur action commune face aux diff\u00e9rents d\u00e9fis","og_description":"ALGER &#8211; Le ministre de l&rsquo;Int\u00e9rieur, des Collectivit\u00e9s locales et de l&rsquo;Am\u00e9nagement du territoire, Brahim Merad a affirm\u00e9, mardi \u00e0 Alger, que l&rsquo;action commune entre les minist\u00e8res de l&rsquo;Int\u00e9rieur alg\u00e9rien et tunisien se poursuivait pour faire face aux diff\u00e9rents d\u00e9fis. S&rsquo;exprimant \u00e0 l&rsquo;issue de ses entretiens avec son homologue tunisien, Khaled Nouri qui effectue une &hellip;","og_url":"https:\/\/elmawkie.dz\/fr\/algerie-tunisie-les-ministeres-de-linterieur-des-deux-pays-maintiennent-leur-action-commune-face-aux-differents-defis\/","og_site_name":"El Mawkie","article_publisher":"https:\/\/www.facebook.com\/profile.php?id=100088407094989&locale=fr_FR","article_published_time":"2024-07-30T18:30:36+00:00","og_image":[{"width":580,"height":387,"url":"https:\/\/elmawkie.dz\/fr\/wp-content\/uploads\/2024\/07\/IMG_9230.jpeg","type":"image\/jpeg"}],"author":"Hamra Fouzia","twitter_card":"summary_large_image","twitter_misc":{"Written by":"Hamra Fouzia","Est. reading time":"1 minute"},"schema":{"@context":"https:\/\/schema.org","@graph":[{"@type":"Article","@id":"https:\/\/elmawkie.dz\/fr\/algerie-tunisie-les-ministeres-de-linterieur-des-deux-pays-maintiennent-leur-action-commune-face-aux-differents-defis\/#article","isPartOf":{"@id":"https:\/\/elmawkie.dz\/fr\/algerie-tunisie-les-ministeres-de-linterieur-des-deux-pays-maintiennent-leur-action-commune-face-aux-differents-defis\/"},"author":{"name":"Hamra Fouzia","@id":"https:\/\/elmawkie.dz\/fr\/#\/schema\/person\/4ed8433201bc23634185d8dd37097c64"},"headline":"Alg\u00e9rie\/Tunisie: les minist\u00e8res de l&rsquo;Int\u00e9rieur des deux pays maintiennent leur action commune face aux diff\u00e9rents d\u00e9fis","datePublished":"2024-07-30T18:30:36+00:00","dateModified":"2024-07-30T18:30:36+00:00","mainEntityOfPage":{"@id":"https:\/\/elmawkie.dz\/fr\/algerie-tunisie-les-ministeres-de-linterieur-des-deux-pays-maintiennent-leur-action-commune-face-aux-differents-defis\/"},"wordCount":288,"commentCount":0,"publisher":{"@id":"https:\/\/elmawkie.dz\/fr\/#organization"},"image":{"@id":"https:\/\/elmawkie.dz\/fr\/algerie-tunisie-les-ministeres-de-linterieur-des-deux-pays-maintiennent-leur-action-commune-face-aux-differents-defis\/#primaryimage"},"thumbnailUrl":"https:\/\/elmawkie.dz\/fr\/wp-content\/uploads\/2024\/07\/IMG_9230.jpeg","articleSection":["National"],"inLanguage":"fr-FR","potentialAction":[{"@type":"CommentAction","name":"Comment","target":["https:\/\/elmawkie.dz\/fr\/algerie-tunisie-les-ministeres-de-linterieur-des-deux-pays-maintiennent-leur-action-commune-face-aux-differents-defis\/#respond"]}]},{"@type":"WebPage","@id":"https:\/\/elmawkie.dz\/fr\/algerie-tunisie-les-ministeres-de-linterieur-des-deux-pays-maintiennent-leur-action-commune-face-aux-differents-defis\/","url":"https:\/\/elmawkie.dz\/fr\/algerie-tunisie-les-ministeres-de-linterieur-des-deux-pays-maintiennent-leur-action-commune-face-aux-differents-defis\/","name":"Alg\u00e9rie\/Tunisie: les minist\u00e8res de l'Int\u00e9rieur des deux pays maintiennent leur action commune face aux diff\u00e9rents d\u00e9fis - El Mawkie","isPartOf":{"@id":"https:\/\/elmawkie.dz\/fr\/#website"},"primaryImageOfPage":{"@id":"https:\/\/elmawkie.dz\/fr\/algerie-tunisie-les-ministeres-de-linterieur-des-deux-pays-maintiennent-leur-action-commune-face-aux-differents-defis\/#primaryimage"},"image":{"@id":"https:\/\/elmawkie.dz\/fr\/algerie-tunisie-les-ministeres-de-linterieur-des-deux-pays-maintiennent-leur-action-commune-face-aux-differents-defis\/#primaryimage"},"thumbnailUrl":"https:\/\/elmawkie.dz\/fr\/wp-content\/uploads\/2024\/07\/IMG_9230.jpeg","datePublished":"2024-07-30T18:30:36+00:00","dateModified":"2024-07-30T18:30:36+00:00","breadcrumb":{"@id":"https:\/\/elmawkie.dz\/fr\/algerie-tunisie-les-ministeres-de-linterieur-des-deux-pays-maintiennent-leur-action-commune-face-aux-differents-defis\/#breadcrumb"},"inLanguage":"fr-FR","potentialAction":[{"@type":"ReadAction","target":["https:\/\/elmawkie.dz\/fr\/algerie-tunisie-les-ministeres-de-linterieur-des-deux-pays-maintiennent-leur-action-commune-face-aux-differents-defis\/"]}]},{"@type":"ImageObject","inLanguage":"fr-FR","@id":"https:\/\/elmawkie.dz\/fr\/algerie-tunisie-les-ministeres-de-linterieur-des-deux-pays-maintiennent-leur-action-commune-face-aux-differents-defis\/#primaryimage","url":"https:\/\/elmawkie.dz\/fr\/wp-content\/uploads\/2024\/07\/IMG_9230.jpeg","contentUrl":"https:\/\/elmawkie.dz\/fr\/wp-content\/uploads\/2024\/07\/IMG_9230.jpeg","width":580,"height":387},{"@type":"BreadcrumbList","@id":"https:\/\/elmawkie.dz\/fr\/algerie-tunisie-les-ministeres-de-linterieur-des-deux-pays-maintiennent-leur-action-commune-face-aux-differents-defis\/#breadcrumb","itemListElement":[{"@type":"ListItem","position":1,"name":"Home","item":"https:\/\/elmawkie.dz\/fr\/"},{"@type":"ListItem","position":2,"name":"Alg\u00e9rie\/Tunisie: les minist\u00e8res de l&rsquo;Int\u00e9rieur des deux pays maintiennent leur action commune face aux diff\u00e9rents d\u00e9fis"}]},{"@type":"WebSite","@id":"https:\/\/elmawkie.dz\/fr\/#website","url":"https:\/\/elmawkie.dz\/fr\/","name":"EL MAWKIE","description":"Journal \u00c9lectronique Alg\u00e9rien","publisher":{"@id":"https:\/\/elmawkie.dz\/fr\/#organization"},"potentialAction":[{"@type":"SearchAction","target":{"@type":"EntryPoint","urlTemplate":"https:\/\/elmawkie.dz\/fr\/?s={search_term_string}"},"query-input":"required name=search_term_string"}],"inLanguage":"fr-FR"},{"@type":"Organization","@id":"https:\/\/elmawkie.dz\/fr\/#organization","name":"EL MAWKIE","url":"https:\/\/elmawkie.dz\/fr\/","logo":{"@type":"ImageObject","inLanguage":"fr-FR","@id":"https:\/\/elmawkie.dz\/fr\/#\/schema\/logo\/image\/","url":"https:\/\/elmawkie.dz\/fr\/wp-content\/uploads\/2024\/05\/logo1.png","contentUrl":"https:\/\/elmawkie.dz\/fr\/wp-content\/uploads\/2024\/05\/logo1.png","width":1648,"height":652,"caption":"EL MAWKIE"},"image":{"@id":"https:\/\/elmawkie.dz\/fr\/#\/schema\/logo\/image\/"},"sameAs":["https:\/\/www.facebook.com\/profile.php?id=100088407094989&locale=fr_FR"]},{"@type":"Person","@id":"https:\/\/elmawkie.dz\/fr\/#\/schema\/person\/4ed8433201bc23634185d8dd37097c64","name":"Hamra Fouzia","image":{"@type":"ImageObject","inLanguage":"fr-FR","@id":"https:\/\/elmawkie.dz\/fr\/#\/schema\/person\/image\/","url":"https:\/\/secure.gravatar.com\/avatar\/ea215268aad51f3219f9a59227db6fa1?s=96&d=mm&r=g","contentUrl":"https:\/\/secure.gravatar.com\/avatar\/ea215268aad51f3219f9a59227db6fa1?s=96&d=mm&r=g","caption":"Hamra Fouzia"},"sameAs":["https:\/\/elmawkie.dz\/fr"],"url":"https:\/\/elmawkie.dz\/fr\/author\/elmawkie\/"}]}},"_links":{"self":[{"href":"https:\/\/elmawkie.dz\/fr\/wp-json\/wp\/v2\/posts\/3435","targetHints":{"allow":["GET"]}}],"collection":[{"href":"https:\/\/elmawkie.dz\/fr\/wp-json\/wp\/v2\/posts"}],"about":[{"href":"https:\/\/elmawkie.dz\/fr\/wp-json\/wp\/v2\/types\/post"}],"author":[{"embeddable":true,"href":"https:\/\/elmawkie.dz\/fr\/wp-json\/wp\/v2\/users\/3"}],"replies":[{"embeddable":true,"href":"https:\/\/elmawkie.dz\/fr\/wp-json\/wp\/v2\/comments?post=3435"}],"version-history":[{"count":0,"href":"https:\/\/elmawkie.dz\/fr\/wp-json\/wp\/v2\/posts\/3435\/revisions"}],"wp:featuredmedia":[{"embeddable":true,"href":"https:\/\/elmawkie.dz\/fr\/wp-json\/wp\/v2\/media\/3436"}],"wp:attachment":[{"href":"https:\/\/elmawkie.dz\/fr\/wp-json\/wp\/v2\/media?parent=3435"}],"wp:term":[{"taxonomy":"category","embeddable":true,"href":"https:\/\/elmawkie.dz\/fr\/wp-json\/wp\/v2\/categories?post=3435"},{"taxonomy":"post_tag","embeddable":true,"href":"https:\/\/elmawkie.dz\/fr\/wp-json\/wp\/v2\/tags?post=3435"}],"curies":[{"name":"wp","href":"https:\/\/api.w.org\/{rel}","templated":true}]}}