{"id":3429,"date":"2024-07-30T11:08:12","date_gmt":"2024-07-30T10:08:12","guid":{"rendered":"https:\/\/elmawkie.dz\/fr\/?p=3429"},"modified":"2024-07-30T11:10:44","modified_gmt":"2024-07-30T10:10:44","slug":"boughali-prend-part-a-la-ceremonie-dinvestiture-du-nouveau-president-iranien","status":"publish","type":"post","link":"https:\/\/elmawkie.dz\/fr\/boughali-prend-part-a-la-ceremonie-dinvestiture-du-nouveau-president-iranien\/","title":{"rendered":"Boughali prend part \u00e0 la c\u00e9r\u00e9monie d&rsquo;investiture du nouveau pr\u00e9sident Iranien"},"content":{"rendered":"<p><strong><em>Le pr\u00e9sident de l\u2019Assembl\u00e9e populaire nationale (APN), M. Brahim Boughali, participera, ce mardi, en Iran , \u00e0 la c\u00e9r\u00e9monie d\u2019investiture du nouveau pr\u00e9sident de la R\u00e9publique Islamique d\u2019Iran, Massoud Pezeshkian, en tant que repr\u00e9sentant du pr\u00e9sident de la R\u00e9publique , M. Abdelmadjid Tebboune, a indiqu\u00e9 l&rsquo;APN dans un communiqu\u00e9 .<\/em><\/strong><\/p>\n<p><em>En effet, Le pr\u00e9sident iranien , Massoud Pezeshkian, 69 ans, ancien ministre de la sant\u00e9, d\u00e9put\u00e9, a obtenu plus de 16,3 millions de voix vendredi 5 juillet , <\/em><em>pr\u00eatera serment devant le Parlement ce mardi en tant que neuvi\u00e8me pr\u00e9sident de la R\u00e9publique islamique d&rsquo;Iran .<\/em><\/p>\n<p>&nbsp;<\/p>\n","protected":false},"excerpt":{"rendered":"<p>Le pr\u00e9sident de l\u2019Assembl\u00e9e populaire nationale (APN), M. Brahim Boughali, participera, ce mardi, en Iran , \u00e0 la c\u00e9r\u00e9monie d\u2019investiture du nouveau pr\u00e9sident de la R\u00e9publique Islamique d\u2019Iran, Massoud Pezeshkian, en tant que repr\u00e9sentant du pr\u00e9sident de la R\u00e9publique , M. Abdelmadjid Tebboune, a indiqu\u00e9 l&rsquo;APN dans un communiqu\u00e9 . En effet, Le pr\u00e9sident iranien &hellip;<\/p>\n","protected":false},"author":3,"featured_media":3430,"comment_status":"open","ping_status":"open","sticky":false,"template":"","format":"standard","meta":{"footnotes":""},"categories":[47],"tags":[],"class_list":["post-3429","post","type-post","status-publish","format-standard","has-post-thumbnail","hentry","category-national"],"yoast_head":"<!-- This site is optimized with the Yoast SEO Premium plugin v22.6 (Yoast SEO v22.6) - https:\/\/yoast.com\/wordpress\/plugins\/seo\/ -->\n<title>Boughali prend part \u00e0 la c\u00e9r\u00e9monie d&#039;investiture du nouveau pr\u00e9sident Iranien - El Mawkie<\/title>\n<meta name=\"robots\" content=\"index, follow, max-snippet:-1, max-image-preview:large, max-video-preview:-1\" \/>\n<link rel=\"canonical\" href=\"https:\/\/elmawkie.dz\/fr\/boughali-prend-part-a-la-ceremonie-dinvestiture-du-nouveau-president-iranien\/\" \/>\n<meta property=\"og:locale\" content=\"fr_FR\" \/>\n<meta property=\"og:type\" content=\"article\" \/>\n<meta property=\"og:title\" content=\"Boughali prend part \u00e0 la c\u00e9r\u00e9monie d&#039;investiture du nouveau pr\u00e9sident Iranien\" \/>\n<meta property=\"og:description\" content=\"Le pr\u00e9sident de l\u2019Assembl\u00e9e populaire nationale (APN), M. Brahim Boughali, participera, ce mardi, en Iran , \u00e0 la c\u00e9r\u00e9monie d\u2019investiture du nouveau pr\u00e9sident de la R\u00e9publique Islamique d\u2019Iran, Massoud Pezeshkian, en tant que repr\u00e9sentant du pr\u00e9sident de la R\u00e9publique , M. Abdelmadjid Tebboune, a indiqu\u00e9 l&rsquo;APN dans un communiqu\u00e9 . En effet, Le pr\u00e9sident iranien &hellip;\" \/>\n<meta property=\"og:url\" content=\"https:\/\/elmawkie.dz\/fr\/boughali-prend-part-a-la-ceremonie-dinvestiture-du-nouveau-president-iranien\/\" \/>\n<meta property=\"og:site_name\" content=\"El Mawkie\" \/>\n<meta property=\"article:publisher\" content=\"https:\/\/www.facebook.com\/profile.php?id=100088407094989&amp;locale=fr_FR\" \/>\n<meta property=\"article:published_time\" content=\"2024-07-30T10:08:12+00:00\" \/>\n<meta property=\"article:modified_time\" content=\"2024-07-30T10:10:44+00:00\" \/>\n<meta property=\"og:image\" content=\"https:\/\/elmawkie.dz\/fr\/wp-content\/uploads\/2024\/07\/IMG_9208.jpeg\" \/>\n\t<meta property=\"og:image:width\" content=\"678\" \/>\n\t<meta property=\"og:image:height\" content=\"452\" \/>\n\t<meta property=\"og:image:type\" content=\"image\/jpeg\" \/>\n<meta name=\"author\" content=\"Hamra Fouzia\" \/>\n<meta name=\"twitter:card\" content=\"summary_large_image\" \/>\n<meta name=\"twitter:label1\" content=\"Written by\" \/>\n\t<meta name=\"twitter:data1\" content=\"Hamra Fouzia\" \/>\n\t<meta name=\"twitter:label2\" content=\"Est. reading time\" \/>\n\t<meta name=\"twitter:data2\" content=\"1 minute\" \/>\n<script type=\"application\/ld+json\" class=\"yoast-schema-graph\">{\"@context\":\"https:\/\/schema.org\",\"@graph\":[{\"@type\":\"Article\",\"@id\":\"https:\/\/elmawkie.dz\/fr\/boughali-prend-part-a-la-ceremonie-dinvestiture-du-nouveau-president-iranien\/#article\",\"isPartOf\":{\"@id\":\"https:\/\/elmawkie.dz\/fr\/boughali-prend-part-a-la-ceremonie-dinvestiture-du-nouveau-president-iranien\/\"},\"author\":{\"name\":\"Hamra Fouzia\",\"@id\":\"https:\/\/elmawkie.dz\/fr\/#\/schema\/person\/4ed8433201bc23634185d8dd37097c64\"},\"headline\":\"Boughali prend part \u00e0 la c\u00e9r\u00e9monie d&rsquo;investiture du nouveau pr\u00e9sident Iranien\",\"datePublished\":\"2024-07-30T10:08:12+00:00\",\"dateModified\":\"2024-07-30T10:10:44+00:00\",\"mainEntityOfPage\":{\"@id\":\"https:\/\/elmawkie.dz\/fr\/boughali-prend-part-a-la-ceremonie-dinvestiture-du-nouveau-president-iranien\/\"},\"wordCount\":121,\"commentCount\":0,\"publisher\":{\"@id\":\"https:\/\/elmawkie.dz\/fr\/#organization\"},\"image\":{\"@id\":\"https:\/\/elmawkie.dz\/fr\/boughali-prend-part-a-la-ceremonie-dinvestiture-du-nouveau-president-iranien\/#primaryimage\"},\"thumbnailUrl\":\"https:\/\/elmawkie.dz\/fr\/wp-content\/uploads\/2024\/07\/IMG_9208.jpeg\",\"articleSection\":[\"National\"],\"inLanguage\":\"fr-FR\",\"potentialAction\":[{\"@type\":\"CommentAction\",\"name\":\"Comment\",\"target\":[\"https:\/\/elmawkie.dz\/fr\/boughali-prend-part-a-la-ceremonie-dinvestiture-du-nouveau-president-iranien\/#respond\"]}]},{\"@type\":\"WebPage\",\"@id\":\"https:\/\/elmawkie.dz\/fr\/boughali-prend-part-a-la-ceremonie-dinvestiture-du-nouveau-president-iranien\/\",\"url\":\"https:\/\/elmawkie.dz\/fr\/boughali-prend-part-a-la-ceremonie-dinvestiture-du-nouveau-president-iranien\/\",\"name\":\"Boughali prend part \u00e0 la c\u00e9r\u00e9monie d'investiture du nouveau pr\u00e9sident Iranien - El Mawkie\",\"isPartOf\":{\"@id\":\"https:\/\/elmawkie.dz\/fr\/#website\"},\"primaryImageOfPage\":{\"@id\":\"https:\/\/elmawkie.dz\/fr\/boughali-prend-part-a-la-ceremonie-dinvestiture-du-nouveau-president-iranien\/#primaryimage\"},\"image\":{\"@id\":\"https:\/\/elmawkie.dz\/fr\/boughali-prend-part-a-la-ceremonie-dinvestiture-du-nouveau-president-iranien\/#primaryimage\"},\"thumbnailUrl\":\"https:\/\/elmawkie.dz\/fr\/wp-content\/uploads\/2024\/07\/IMG_9208.jpeg\",\"datePublished\":\"2024-07-30T10:08:12+00:00\",\"dateModified\":\"2024-07-30T10:10:44+00:00\",\"breadcrumb\":{\"@id\":\"https:\/\/elmawkie.dz\/fr\/boughali-prend-part-a-la-ceremonie-dinvestiture-du-nouveau-president-iranien\/#breadcrumb\"},\"inLanguage\":\"fr-FR\",\"potentialAction\":[{\"@type\":\"ReadAction\",\"target\":[\"https:\/\/elmawkie.dz\/fr\/boughali-prend-part-a-la-ceremonie-dinvestiture-du-nouveau-president-iranien\/\"]}]},{\"@type\":\"ImageObject\",\"inLanguage\":\"fr-FR\",\"@id\":\"https:\/\/elmawkie.dz\/fr\/boughali-prend-part-a-la-ceremonie-dinvestiture-du-nouveau-president-iranien\/#primaryimage\",\"url\":\"https:\/\/elmawkie.dz\/fr\/wp-content\/uploads\/2024\/07\/IMG_9208.jpeg\",\"contentUrl\":\"https:\/\/elmawkie.dz\/fr\/wp-content\/uploads\/2024\/07\/IMG_9208.jpeg\",\"width\":678,\"height\":452},{\"@type\":\"BreadcrumbList\",\"@id\":\"https:\/\/elmawkie.dz\/fr\/boughali-prend-part-a-la-ceremonie-dinvestiture-du-nouveau-president-iranien\/#breadcrumb\",\"itemListElement\":[{\"@type\":\"ListItem\",\"position\":1,\"name\":\"Home\",\"item\":\"https:\/\/elmawkie.dz\/fr\/\"},{\"@type\":\"ListItem\",\"position\":2,\"name\":\"Boughali prend part \u00e0 la c\u00e9r\u00e9monie d&rsquo;investiture du nouveau pr\u00e9sident Iranien\"}]},{\"@type\":\"WebSite\",\"@id\":\"https:\/\/elmawkie.dz\/fr\/#website\",\"url\":\"https:\/\/elmawkie.dz\/fr\/\",\"name\":\"EL MAWKIE\",\"description\":\"Journal \u00c9lectronique Alg\u00e9rien\",\"publisher\":{\"@id\":\"https:\/\/elmawkie.dz\/fr\/#organization\"},\"potentialAction\":[{\"@type\":\"SearchAction\",\"target\":{\"@type\":\"EntryPoint\",\"urlTemplate\":\"https:\/\/elmawkie.dz\/fr\/?s={search_term_string}\"},\"query-input\":\"required name=search_term_string\"}],\"inLanguage\":\"fr-FR\"},{\"@type\":\"Organization\",\"@id\":\"https:\/\/elmawkie.dz\/fr\/#organization\",\"name\":\"EL MAWKIE\",\"url\":\"https:\/\/elmawkie.dz\/fr\/\",\"logo\":{\"@type\":\"ImageObject\",\"inLanguage\":\"fr-FR\",\"@id\":\"https:\/\/elmawkie.dz\/fr\/#\/schema\/logo\/image\/\",\"url\":\"https:\/\/elmawkie.dz\/fr\/wp-content\/uploads\/2024\/05\/logo1.png\",\"contentUrl\":\"https:\/\/elmawkie.dz\/fr\/wp-content\/uploads\/2024\/05\/logo1.png\",\"width\":1648,\"height\":652,\"caption\":\"EL MAWKIE\"},\"image\":{\"@id\":\"https:\/\/elmawkie.dz\/fr\/#\/schema\/logo\/image\/\"},\"sameAs\":[\"https:\/\/www.facebook.com\/profile.php?id=100088407094989&locale=fr_FR\"]},{\"@type\":\"Person\",\"@id\":\"https:\/\/elmawkie.dz\/fr\/#\/schema\/person\/4ed8433201bc23634185d8dd37097c64\",\"name\":\"Hamra Fouzia\",\"image\":{\"@type\":\"ImageObject\",\"inLanguage\":\"fr-FR\",\"@id\":\"https:\/\/elmawkie.dz\/fr\/#\/schema\/person\/image\/\",\"url\":\"https:\/\/secure.gravatar.com\/avatar\/ea215268aad51f3219f9a59227db6fa1?s=96&d=mm&r=g\",\"contentUrl\":\"https:\/\/secure.gravatar.com\/avatar\/ea215268aad51f3219f9a59227db6fa1?s=96&d=mm&r=g\",\"caption\":\"Hamra Fouzia\"},\"sameAs\":[\"https:\/\/elmawkie.dz\/fr\"],\"url\":\"https:\/\/elmawkie.dz\/fr\/author\/elmawkie\/\"}]}<\/script>\n<!-- \/ Yoast SEO Premium plugin. -->","yoast_head_json":{"title":"Boughali prend part \u00e0 la c\u00e9r\u00e9monie d'investiture du nouveau pr\u00e9sident Iranien - El Mawkie","robots":{"index":"index","follow":"follow","max-snippet":"max-snippet:-1","max-image-preview":"max-image-preview:large","max-video-preview":"max-video-preview:-1"},"canonical":"https:\/\/elmawkie.dz\/fr\/boughali-prend-part-a-la-ceremonie-dinvestiture-du-nouveau-president-iranien\/","og_locale":"fr_FR","og_type":"article","og_title":"Boughali prend part \u00e0 la c\u00e9r\u00e9monie d'investiture du nouveau pr\u00e9sident Iranien","og_description":"Le pr\u00e9sident de l\u2019Assembl\u00e9e populaire nationale (APN), M. Brahim Boughali, participera, ce mardi, en Iran , \u00e0 la c\u00e9r\u00e9monie d\u2019investiture du nouveau pr\u00e9sident de la R\u00e9publique Islamique d\u2019Iran, Massoud Pezeshkian, en tant que repr\u00e9sentant du pr\u00e9sident de la R\u00e9publique , M. Abdelmadjid Tebboune, a indiqu\u00e9 l&rsquo;APN dans un communiqu\u00e9 . En effet, Le pr\u00e9sident iranien &hellip;","og_url":"https:\/\/elmawkie.dz\/fr\/boughali-prend-part-a-la-ceremonie-dinvestiture-du-nouveau-president-iranien\/","og_site_name":"El Mawkie","article_publisher":"https:\/\/www.facebook.com\/profile.php?id=100088407094989&locale=fr_FR","article_published_time":"2024-07-30T10:08:12+00:00","article_modified_time":"2024-07-30T10:10:44+00:00","og_image":[{"width":678,"height":452,"url":"https:\/\/elmawkie.dz\/fr\/wp-content\/uploads\/2024\/07\/IMG_9208.jpeg","type":"image\/jpeg"}],"author":"Hamra Fouzia","twitter_card":"summary_large_image","twitter_misc":{"Written by":"Hamra Fouzia","Est. reading time":"1 minute"},"schema":{"@context":"https:\/\/schema.org","@graph":[{"@type":"Article","@id":"https:\/\/elmawkie.dz\/fr\/boughali-prend-part-a-la-ceremonie-dinvestiture-du-nouveau-president-iranien\/#article","isPartOf":{"@id":"https:\/\/elmawkie.dz\/fr\/boughali-prend-part-a-la-ceremonie-dinvestiture-du-nouveau-president-iranien\/"},"author":{"name":"Hamra Fouzia","@id":"https:\/\/elmawkie.dz\/fr\/#\/schema\/person\/4ed8433201bc23634185d8dd37097c64"},"headline":"Boughali prend part \u00e0 la c\u00e9r\u00e9monie d&rsquo;investiture du nouveau pr\u00e9sident Iranien","datePublished":"2024-07-30T10:08:12+00:00","dateModified":"2024-07-30T10:10:44+00:00","mainEntityOfPage":{"@id":"https:\/\/elmawkie.dz\/fr\/boughali-prend-part-a-la-ceremonie-dinvestiture-du-nouveau-president-iranien\/"},"wordCount":121,"commentCount":0,"publisher":{"@id":"https:\/\/elmawkie.dz\/fr\/#organization"},"image":{"@id":"https:\/\/elmawkie.dz\/fr\/boughali-prend-part-a-la-ceremonie-dinvestiture-du-nouveau-president-iranien\/#primaryimage"},"thumbnailUrl":"https:\/\/elmawkie.dz\/fr\/wp-content\/uploads\/2024\/07\/IMG_9208.jpeg","articleSection":["National"],"inLanguage":"fr-FR","potentialAction":[{"@type":"CommentAction","name":"Comment","target":["https:\/\/elmawkie.dz\/fr\/boughali-prend-part-a-la-ceremonie-dinvestiture-du-nouveau-president-iranien\/#respond"]}]},{"@type":"WebPage","@id":"https:\/\/elmawkie.dz\/fr\/boughali-prend-part-a-la-ceremonie-dinvestiture-du-nouveau-president-iranien\/","url":"https:\/\/elmawkie.dz\/fr\/boughali-prend-part-a-la-ceremonie-dinvestiture-du-nouveau-president-iranien\/","name":"Boughali prend part \u00e0 la c\u00e9r\u00e9monie d'investiture du nouveau pr\u00e9sident Iranien - El Mawkie","isPartOf":{"@id":"https:\/\/elmawkie.dz\/fr\/#website"},"primaryImageOfPage":{"@id":"https:\/\/elmawkie.dz\/fr\/boughali-prend-part-a-la-ceremonie-dinvestiture-du-nouveau-president-iranien\/#primaryimage"},"image":{"@id":"https:\/\/elmawkie.dz\/fr\/boughali-prend-part-a-la-ceremonie-dinvestiture-du-nouveau-president-iranien\/#primaryimage"},"thumbnailUrl":"https:\/\/elmawkie.dz\/fr\/wp-content\/uploads\/2024\/07\/IMG_9208.jpeg","datePublished":"2024-07-30T10:08:12+00:00","dateModified":"2024-07-30T10:10:44+00:00","breadcrumb":{"@id":"https:\/\/elmawkie.dz\/fr\/boughali-prend-part-a-la-ceremonie-dinvestiture-du-nouveau-president-iranien\/#breadcrumb"},"inLanguage":"fr-FR","potentialAction":[{"@type":"ReadAction","target":["https:\/\/elmawkie.dz\/fr\/boughali-prend-part-a-la-ceremonie-dinvestiture-du-nouveau-president-iranien\/"]}]},{"@type":"ImageObject","inLanguage":"fr-FR","@id":"https:\/\/elmawkie.dz\/fr\/boughali-prend-part-a-la-ceremonie-dinvestiture-du-nouveau-president-iranien\/#primaryimage","url":"https:\/\/elmawkie.dz\/fr\/wp-content\/uploads\/2024\/07\/IMG_9208.jpeg","contentUrl":"https:\/\/elmawkie.dz\/fr\/wp-content\/uploads\/2024\/07\/IMG_9208.jpeg","width":678,"height":452},{"@type":"BreadcrumbList","@id":"https:\/\/elmawkie.dz\/fr\/boughali-prend-part-a-la-ceremonie-dinvestiture-du-nouveau-president-iranien\/#breadcrumb","itemListElement":[{"@type":"ListItem","position":1,"name":"Home","item":"https:\/\/elmawkie.dz\/fr\/"},{"@type":"ListItem","position":2,"name":"Boughali prend part \u00e0 la c\u00e9r\u00e9monie d&rsquo;investiture du nouveau pr\u00e9sident Iranien"}]},{"@type":"WebSite","@id":"https:\/\/elmawkie.dz\/fr\/#website","url":"https:\/\/elmawkie.dz\/fr\/","name":"EL MAWKIE","description":"Journal \u00c9lectronique Alg\u00e9rien","publisher":{"@id":"https:\/\/elmawkie.dz\/fr\/#organization"},"potentialAction":[{"@type":"SearchAction","target":{"@type":"EntryPoint","urlTemplate":"https:\/\/elmawkie.dz\/fr\/?s={search_term_string}"},"query-input":"required name=search_term_string"}],"inLanguage":"fr-FR"},{"@type":"Organization","@id":"https:\/\/elmawkie.dz\/fr\/#organization","name":"EL MAWKIE","url":"https:\/\/elmawkie.dz\/fr\/","logo":{"@type":"ImageObject","inLanguage":"fr-FR","@id":"https:\/\/elmawkie.dz\/fr\/#\/schema\/logo\/image\/","url":"https:\/\/elmawkie.dz\/fr\/wp-content\/uploads\/2024\/05\/logo1.png","contentUrl":"https:\/\/elmawkie.dz\/fr\/wp-content\/uploads\/2024\/05\/logo1.png","width":1648,"height":652,"caption":"EL MAWKIE"},"image":{"@id":"https:\/\/elmawkie.dz\/fr\/#\/schema\/logo\/image\/"},"sameAs":["https:\/\/www.facebook.com\/profile.php?id=100088407094989&locale=fr_FR"]},{"@type":"Person","@id":"https:\/\/elmawkie.dz\/fr\/#\/schema\/person\/4ed8433201bc23634185d8dd37097c64","name":"Hamra Fouzia","image":{"@type":"ImageObject","inLanguage":"fr-FR","@id":"https:\/\/elmawkie.dz\/fr\/#\/schema\/person\/image\/","url":"https:\/\/secure.gravatar.com\/avatar\/ea215268aad51f3219f9a59227db6fa1?s=96&d=mm&r=g","contentUrl":"https:\/\/secure.gravatar.com\/avatar\/ea215268aad51f3219f9a59227db6fa1?s=96&d=mm&r=g","caption":"Hamra Fouzia"},"sameAs":["https:\/\/elmawkie.dz\/fr"],"url":"https:\/\/elmawkie.dz\/fr\/author\/elmawkie\/"}]}},"_links":{"self":[{"href":"https:\/\/elmawkie.dz\/fr\/wp-json\/wp\/v2\/posts\/3429","targetHints":{"allow":["GET"]}}],"collection":[{"href":"https:\/\/elmawkie.dz\/fr\/wp-json\/wp\/v2\/posts"}],"about":[{"href":"https:\/\/elmawkie.dz\/fr\/wp-json\/wp\/v2\/types\/post"}],"author":[{"embeddable":true,"href":"https:\/\/elmawkie.dz\/fr\/wp-json\/wp\/v2\/users\/3"}],"replies":[{"embeddable":true,"href":"https:\/\/elmawkie.dz\/fr\/wp-json\/wp\/v2\/comments?post=3429"}],"version-history":[{"count":0,"href":"https:\/\/elmawkie.dz\/fr\/wp-json\/wp\/v2\/posts\/3429\/revisions"}],"wp:featuredmedia":[{"embeddable":true,"href":"https:\/\/elmawkie.dz\/fr\/wp-json\/wp\/v2\/media\/3430"}],"wp:attachment":[{"href":"https:\/\/elmawkie.dz\/fr\/wp-json\/wp\/v2\/media?parent=3429"}],"wp:term":[{"taxonomy":"category","embeddable":true,"href":"https:\/\/elmawkie.dz\/fr\/wp-json\/wp\/v2\/categories?post=3429"},{"taxonomy":"post_tag","embeddable":true,"href":"https:\/\/elmawkie.dz\/fr\/wp-json\/wp\/v2\/tags?post=3429"}],"curies":[{"name":"wp","href":"https:\/\/api.w.org\/{rel}","templated":true}]}}