{"id":3338,"date":"2024-07-28T09:26:48","date_gmt":"2024-07-28T08:26:48","guid":{"rendered":"https:\/\/elmawkie.dz\/fr\/?p=3338"},"modified":"2024-07-28T10:01:21","modified_gmt":"2024-07-28T09:01:21","slug":"oran-un-mort-et-deux-blesses-dans-un-accident-de-la-route-2","status":"publish","type":"post","link":"https:\/\/elmawkie.dz\/fr\/oran-un-mort-et-deux-blesses-dans-un-accident-de-la-route-2\/","title":{"rendered":"Oran : un mort et deux bless\u00e9s dans un accident de la route"},"content":{"rendered":"<p><em><strong>Les \u00e9l\u00e9ments de la protection civile de l\u2019unit\u00e9 principale d\u2019Oran, sont intervenus ce dimanche \u00e0 05h40, pour un accident de la circulation qui a fait une victime mortellement fauch\u00e9 par un v\u00e9hicule et deux autres ont \u00e9t\u00e9 bless\u00e9es.<\/strong><\/em><\/p>\n<p><strong><em>En effet, l\u2019accident est survenu sur l\u2019autoroute Est-Ouest vers Alger \u00e0 proximit\u00e9 de la commune de Oued Tlilat, faisant deux bless\u00e9s graves qui se trouvaient \u00e0 bord du v\u00e9hicule \u00e2g\u00e9es entre 26 et 34 ans, qui<\/em><\/strong><strong><em>\u00a0ont \u00e9t\u00e9 prises en charges sur les lieux puis \u00e9vacu\u00e9s par les m\u00eames services vers les urgences de l\u2019\u00e9tablissement hospitalier de Oued Tlilat , tandis que la d\u00e9pouille de la victime \u00e2g\u00e9 de 26 ans a \u00e9t\u00e9 d\u00e9pos\u00e9 \u00e0 la morgue du m\u00eame \u00e9tablissement hospitalier .<\/em><\/strong><\/p>\n<p>&nbsp;<\/p>\n<p>&nbsp;<\/p>\n","protected":false},"excerpt":{"rendered":"<p>Les \u00e9l\u00e9ments de la protection civile de l\u2019unit\u00e9 principale d\u2019Oran, sont intervenus ce dimanche \u00e0 05h40, pour un accident de la circulation qui a fait une victime mortellement fauch\u00e9 par un v\u00e9hicule et deux autres ont \u00e9t\u00e9 bless\u00e9es. En effet, l\u2019accident est survenu sur l\u2019autoroute Est-Ouest vers Alger \u00e0 proximit\u00e9 de la commune de Oued &hellip;<\/p>\n","protected":false},"author":3,"featured_media":3339,"comment_status":"open","ping_status":"open","sticky":false,"template":"","format":"standard","meta":{"footnotes":""},"categories":[51],"tags":[],"class_list":["post-3338","post","type-post","status-publish","format-standard","has-post-thumbnail","hentry","category-societe"],"yoast_head":"<!-- This site is optimized with the Yoast SEO Premium plugin v22.6 (Yoast SEO v22.6) - https:\/\/yoast.com\/wordpress\/plugins\/seo\/ -->\n<title>Oran : un mort et deux bless\u00e9s dans un accident de la route - El Mawkie<\/title>\n<meta name=\"robots\" content=\"index, follow, max-snippet:-1, max-image-preview:large, max-video-preview:-1\" \/>\n<link rel=\"canonical\" href=\"https:\/\/elmawkie.dz\/fr\/oran-un-mort-et-deux-blesses-dans-un-accident-de-la-route-2\/\" \/>\n<meta property=\"og:locale\" content=\"fr_FR\" \/>\n<meta property=\"og:type\" content=\"article\" \/>\n<meta property=\"og:title\" content=\"Oran : un mort et deux bless\u00e9s dans un accident de la route\" \/>\n<meta property=\"og:description\" content=\"Les \u00e9l\u00e9ments de la protection civile de l\u2019unit\u00e9 principale d\u2019Oran, sont intervenus ce dimanche \u00e0 05h40, pour un accident de la circulation qui a fait une victime mortellement fauch\u00e9 par un v\u00e9hicule et deux autres ont \u00e9t\u00e9 bless\u00e9es. En effet, l\u2019accident est survenu sur l\u2019autoroute Est-Ouest vers Alger \u00e0 proximit\u00e9 de la commune de Oued &hellip;\" \/>\n<meta property=\"og:url\" content=\"https:\/\/elmawkie.dz\/fr\/oran-un-mort-et-deux-blesses-dans-un-accident-de-la-route-2\/\" \/>\n<meta property=\"og:site_name\" content=\"El Mawkie\" \/>\n<meta property=\"article:publisher\" content=\"https:\/\/www.facebook.com\/profile.php?id=100088407094989&amp;locale=fr_FR\" \/>\n<meta property=\"article:published_time\" content=\"2024-07-28T08:26:48+00:00\" \/>\n<meta property=\"article:modified_time\" content=\"2024-07-28T09:01:21+00:00\" \/>\n<meta property=\"og:image\" content=\"https:\/\/elmawkie.dz\/fr\/wp-content\/uploads\/2024\/07\/IMG_9104.jpeg\" \/>\n\t<meta property=\"og:image:width\" content=\"622\" \/>\n\t<meta property=\"og:image:height\" content=\"493\" \/>\n\t<meta property=\"og:image:type\" content=\"image\/jpeg\" \/>\n<meta name=\"author\" content=\"Hamra Fouzia\" \/>\n<meta name=\"twitter:card\" content=\"summary_large_image\" \/>\n<meta name=\"twitter:label1\" content=\"Written by\" \/>\n\t<meta name=\"twitter:data1\" content=\"Hamra Fouzia\" \/>\n\t<meta name=\"twitter:label2\" content=\"Est. reading time\" \/>\n\t<meta name=\"twitter:data2\" content=\"1 minute\" \/>\n<script type=\"application\/ld+json\" class=\"yoast-schema-graph\">{\"@context\":\"https:\/\/schema.org\",\"@graph\":[{\"@type\":\"Article\",\"@id\":\"https:\/\/elmawkie.dz\/fr\/oran-un-mort-et-deux-blesses-dans-un-accident-de-la-route-2\/#article\",\"isPartOf\":{\"@id\":\"https:\/\/elmawkie.dz\/fr\/oran-un-mort-et-deux-blesses-dans-un-accident-de-la-route-2\/\"},\"author\":{\"name\":\"Hamra Fouzia\",\"@id\":\"https:\/\/elmawkie.dz\/fr\/#\/schema\/person\/4ed8433201bc23634185d8dd37097c64\"},\"headline\":\"Oran : un mort et deux bless\u00e9s dans un accident de la route\",\"datePublished\":\"2024-07-28T08:26:48+00:00\",\"dateModified\":\"2024-07-28T09:01:21+00:00\",\"mainEntityOfPage\":{\"@id\":\"https:\/\/elmawkie.dz\/fr\/oran-un-mort-et-deux-blesses-dans-un-accident-de-la-route-2\/\"},\"wordCount\":142,\"commentCount\":0,\"publisher\":{\"@id\":\"https:\/\/elmawkie.dz\/fr\/#organization\"},\"image\":{\"@id\":\"https:\/\/elmawkie.dz\/fr\/oran-un-mort-et-deux-blesses-dans-un-accident-de-la-route-2\/#primaryimage\"},\"thumbnailUrl\":\"https:\/\/elmawkie.dz\/fr\/wp-content\/uploads\/2024\/07\/IMG_9104.jpeg\",\"articleSection\":[\"Soci\u00e9t\u00e9\"],\"inLanguage\":\"fr-FR\",\"potentialAction\":[{\"@type\":\"CommentAction\",\"name\":\"Comment\",\"target\":[\"https:\/\/elmawkie.dz\/fr\/oran-un-mort-et-deux-blesses-dans-un-accident-de-la-route-2\/#respond\"]}]},{\"@type\":\"WebPage\",\"@id\":\"https:\/\/elmawkie.dz\/fr\/oran-un-mort-et-deux-blesses-dans-un-accident-de-la-route-2\/\",\"url\":\"https:\/\/elmawkie.dz\/fr\/oran-un-mort-et-deux-blesses-dans-un-accident-de-la-route-2\/\",\"name\":\"Oran : un mort et deux bless\u00e9s dans un accident de la route - El Mawkie\",\"isPartOf\":{\"@id\":\"https:\/\/elmawkie.dz\/fr\/#website\"},\"primaryImageOfPage\":{\"@id\":\"https:\/\/elmawkie.dz\/fr\/oran-un-mort-et-deux-blesses-dans-un-accident-de-la-route-2\/#primaryimage\"},\"image\":{\"@id\":\"https:\/\/elmawkie.dz\/fr\/oran-un-mort-et-deux-blesses-dans-un-accident-de-la-route-2\/#primaryimage\"},\"thumbnailUrl\":\"https:\/\/elmawkie.dz\/fr\/wp-content\/uploads\/2024\/07\/IMG_9104.jpeg\",\"datePublished\":\"2024-07-28T08:26:48+00:00\",\"dateModified\":\"2024-07-28T09:01:21+00:00\",\"breadcrumb\":{\"@id\":\"https:\/\/elmawkie.dz\/fr\/oran-un-mort-et-deux-blesses-dans-un-accident-de-la-route-2\/#breadcrumb\"},\"inLanguage\":\"fr-FR\",\"potentialAction\":[{\"@type\":\"ReadAction\",\"target\":[\"https:\/\/elmawkie.dz\/fr\/oran-un-mort-et-deux-blesses-dans-un-accident-de-la-route-2\/\"]}]},{\"@type\":\"ImageObject\",\"inLanguage\":\"fr-FR\",\"@id\":\"https:\/\/elmawkie.dz\/fr\/oran-un-mort-et-deux-blesses-dans-un-accident-de-la-route-2\/#primaryimage\",\"url\":\"https:\/\/elmawkie.dz\/fr\/wp-content\/uploads\/2024\/07\/IMG_9104.jpeg\",\"contentUrl\":\"https:\/\/elmawkie.dz\/fr\/wp-content\/uploads\/2024\/07\/IMG_9104.jpeg\",\"width\":622,\"height\":493},{\"@type\":\"BreadcrumbList\",\"@id\":\"https:\/\/elmawkie.dz\/fr\/oran-un-mort-et-deux-blesses-dans-un-accident-de-la-route-2\/#breadcrumb\",\"itemListElement\":[{\"@type\":\"ListItem\",\"position\":1,\"name\":\"Home\",\"item\":\"https:\/\/elmawkie.dz\/fr\/\"},{\"@type\":\"ListItem\",\"position\":2,\"name\":\"Oran : un mort et deux bless\u00e9s dans un accident de la route\"}]},{\"@type\":\"WebSite\",\"@id\":\"https:\/\/elmawkie.dz\/fr\/#website\",\"url\":\"https:\/\/elmawkie.dz\/fr\/\",\"name\":\"EL MAWKIE\",\"description\":\"Journal \u00c9lectronique Alg\u00e9rien\",\"publisher\":{\"@id\":\"https:\/\/elmawkie.dz\/fr\/#organization\"},\"potentialAction\":[{\"@type\":\"SearchAction\",\"target\":{\"@type\":\"EntryPoint\",\"urlTemplate\":\"https:\/\/elmawkie.dz\/fr\/?s={search_term_string}\"},\"query-input\":\"required name=search_term_string\"}],\"inLanguage\":\"fr-FR\"},{\"@type\":\"Organization\",\"@id\":\"https:\/\/elmawkie.dz\/fr\/#organization\",\"name\":\"EL MAWKIE\",\"url\":\"https:\/\/elmawkie.dz\/fr\/\",\"logo\":{\"@type\":\"ImageObject\",\"inLanguage\":\"fr-FR\",\"@id\":\"https:\/\/elmawkie.dz\/fr\/#\/schema\/logo\/image\/\",\"url\":\"https:\/\/elmawkie.dz\/fr\/wp-content\/uploads\/2024\/05\/logo1.png\",\"contentUrl\":\"https:\/\/elmawkie.dz\/fr\/wp-content\/uploads\/2024\/05\/logo1.png\",\"width\":1648,\"height\":652,\"caption\":\"EL MAWKIE\"},\"image\":{\"@id\":\"https:\/\/elmawkie.dz\/fr\/#\/schema\/logo\/image\/\"},\"sameAs\":[\"https:\/\/www.facebook.com\/profile.php?id=100088407094989&locale=fr_FR\"]},{\"@type\":\"Person\",\"@id\":\"https:\/\/elmawkie.dz\/fr\/#\/schema\/person\/4ed8433201bc23634185d8dd37097c64\",\"name\":\"Hamra Fouzia\",\"image\":{\"@type\":\"ImageObject\",\"inLanguage\":\"fr-FR\",\"@id\":\"https:\/\/elmawkie.dz\/fr\/#\/schema\/person\/image\/\",\"url\":\"https:\/\/secure.gravatar.com\/avatar\/ea215268aad51f3219f9a59227db6fa1?s=96&d=mm&r=g\",\"contentUrl\":\"https:\/\/secure.gravatar.com\/avatar\/ea215268aad51f3219f9a59227db6fa1?s=96&d=mm&r=g\",\"caption\":\"Hamra Fouzia\"},\"sameAs\":[\"https:\/\/elmawkie.dz\/fr\"],\"url\":\"https:\/\/elmawkie.dz\/fr\/author\/elmawkie\/\"}]}<\/script>\n<!-- \/ Yoast SEO Premium plugin. -->","yoast_head_json":{"title":"Oran : un mort et deux bless\u00e9s dans un accident de la route - El Mawkie","robots":{"index":"index","follow":"follow","max-snippet":"max-snippet:-1","max-image-preview":"max-image-preview:large","max-video-preview":"max-video-preview:-1"},"canonical":"https:\/\/elmawkie.dz\/fr\/oran-un-mort-et-deux-blesses-dans-un-accident-de-la-route-2\/","og_locale":"fr_FR","og_type":"article","og_title":"Oran : un mort et deux bless\u00e9s dans un accident de la route","og_description":"Les \u00e9l\u00e9ments de la protection civile de l\u2019unit\u00e9 principale d\u2019Oran, sont intervenus ce dimanche \u00e0 05h40, pour un accident de la circulation qui a fait une victime mortellement fauch\u00e9 par un v\u00e9hicule et deux autres ont \u00e9t\u00e9 bless\u00e9es. En effet, l\u2019accident est survenu sur l\u2019autoroute Est-Ouest vers Alger \u00e0 proximit\u00e9 de la commune de Oued &hellip;","og_url":"https:\/\/elmawkie.dz\/fr\/oran-un-mort-et-deux-blesses-dans-un-accident-de-la-route-2\/","og_site_name":"El Mawkie","article_publisher":"https:\/\/www.facebook.com\/profile.php?id=100088407094989&locale=fr_FR","article_published_time":"2024-07-28T08:26:48+00:00","article_modified_time":"2024-07-28T09:01:21+00:00","og_image":[{"width":622,"height":493,"url":"https:\/\/elmawkie.dz\/fr\/wp-content\/uploads\/2024\/07\/IMG_9104.jpeg","type":"image\/jpeg"}],"author":"Hamra Fouzia","twitter_card":"summary_large_image","twitter_misc":{"Written by":"Hamra Fouzia","Est. reading time":"1 minute"},"schema":{"@context":"https:\/\/schema.org","@graph":[{"@type":"Article","@id":"https:\/\/elmawkie.dz\/fr\/oran-un-mort-et-deux-blesses-dans-un-accident-de-la-route-2\/#article","isPartOf":{"@id":"https:\/\/elmawkie.dz\/fr\/oran-un-mort-et-deux-blesses-dans-un-accident-de-la-route-2\/"},"author":{"name":"Hamra Fouzia","@id":"https:\/\/elmawkie.dz\/fr\/#\/schema\/person\/4ed8433201bc23634185d8dd37097c64"},"headline":"Oran : un mort et deux bless\u00e9s dans un accident de la route","datePublished":"2024-07-28T08:26:48+00:00","dateModified":"2024-07-28T09:01:21+00:00","mainEntityOfPage":{"@id":"https:\/\/elmawkie.dz\/fr\/oran-un-mort-et-deux-blesses-dans-un-accident-de-la-route-2\/"},"wordCount":142,"commentCount":0,"publisher":{"@id":"https:\/\/elmawkie.dz\/fr\/#organization"},"image":{"@id":"https:\/\/elmawkie.dz\/fr\/oran-un-mort-et-deux-blesses-dans-un-accident-de-la-route-2\/#primaryimage"},"thumbnailUrl":"https:\/\/elmawkie.dz\/fr\/wp-content\/uploads\/2024\/07\/IMG_9104.jpeg","articleSection":["Soci\u00e9t\u00e9"],"inLanguage":"fr-FR","potentialAction":[{"@type":"CommentAction","name":"Comment","target":["https:\/\/elmawkie.dz\/fr\/oran-un-mort-et-deux-blesses-dans-un-accident-de-la-route-2\/#respond"]}]},{"@type":"WebPage","@id":"https:\/\/elmawkie.dz\/fr\/oran-un-mort-et-deux-blesses-dans-un-accident-de-la-route-2\/","url":"https:\/\/elmawkie.dz\/fr\/oran-un-mort-et-deux-blesses-dans-un-accident-de-la-route-2\/","name":"Oran : un mort et deux bless\u00e9s dans un accident de la route - El Mawkie","isPartOf":{"@id":"https:\/\/elmawkie.dz\/fr\/#website"},"primaryImageOfPage":{"@id":"https:\/\/elmawkie.dz\/fr\/oran-un-mort-et-deux-blesses-dans-un-accident-de-la-route-2\/#primaryimage"},"image":{"@id":"https:\/\/elmawkie.dz\/fr\/oran-un-mort-et-deux-blesses-dans-un-accident-de-la-route-2\/#primaryimage"},"thumbnailUrl":"https:\/\/elmawkie.dz\/fr\/wp-content\/uploads\/2024\/07\/IMG_9104.jpeg","datePublished":"2024-07-28T08:26:48+00:00","dateModified":"2024-07-28T09:01:21+00:00","breadcrumb":{"@id":"https:\/\/elmawkie.dz\/fr\/oran-un-mort-et-deux-blesses-dans-un-accident-de-la-route-2\/#breadcrumb"},"inLanguage":"fr-FR","potentialAction":[{"@type":"ReadAction","target":["https:\/\/elmawkie.dz\/fr\/oran-un-mort-et-deux-blesses-dans-un-accident-de-la-route-2\/"]}]},{"@type":"ImageObject","inLanguage":"fr-FR","@id":"https:\/\/elmawkie.dz\/fr\/oran-un-mort-et-deux-blesses-dans-un-accident-de-la-route-2\/#primaryimage","url":"https:\/\/elmawkie.dz\/fr\/wp-content\/uploads\/2024\/07\/IMG_9104.jpeg","contentUrl":"https:\/\/elmawkie.dz\/fr\/wp-content\/uploads\/2024\/07\/IMG_9104.jpeg","width":622,"height":493},{"@type":"BreadcrumbList","@id":"https:\/\/elmawkie.dz\/fr\/oran-un-mort-et-deux-blesses-dans-un-accident-de-la-route-2\/#breadcrumb","itemListElement":[{"@type":"ListItem","position":1,"name":"Home","item":"https:\/\/elmawkie.dz\/fr\/"},{"@type":"ListItem","position":2,"name":"Oran : un mort et deux bless\u00e9s dans un accident de la route"}]},{"@type":"WebSite","@id":"https:\/\/elmawkie.dz\/fr\/#website","url":"https:\/\/elmawkie.dz\/fr\/","name":"EL MAWKIE","description":"Journal \u00c9lectronique Alg\u00e9rien","publisher":{"@id":"https:\/\/elmawkie.dz\/fr\/#organization"},"potentialAction":[{"@type":"SearchAction","target":{"@type":"EntryPoint","urlTemplate":"https:\/\/elmawkie.dz\/fr\/?s={search_term_string}"},"query-input":"required name=search_term_string"}],"inLanguage":"fr-FR"},{"@type":"Organization","@id":"https:\/\/elmawkie.dz\/fr\/#organization","name":"EL MAWKIE","url":"https:\/\/elmawkie.dz\/fr\/","logo":{"@type":"ImageObject","inLanguage":"fr-FR","@id":"https:\/\/elmawkie.dz\/fr\/#\/schema\/logo\/image\/","url":"https:\/\/elmawkie.dz\/fr\/wp-content\/uploads\/2024\/05\/logo1.png","contentUrl":"https:\/\/elmawkie.dz\/fr\/wp-content\/uploads\/2024\/05\/logo1.png","width":1648,"height":652,"caption":"EL MAWKIE"},"image":{"@id":"https:\/\/elmawkie.dz\/fr\/#\/schema\/logo\/image\/"},"sameAs":["https:\/\/www.facebook.com\/profile.php?id=100088407094989&locale=fr_FR"]},{"@type":"Person","@id":"https:\/\/elmawkie.dz\/fr\/#\/schema\/person\/4ed8433201bc23634185d8dd37097c64","name":"Hamra Fouzia","image":{"@type":"ImageObject","inLanguage":"fr-FR","@id":"https:\/\/elmawkie.dz\/fr\/#\/schema\/person\/image\/","url":"https:\/\/secure.gravatar.com\/avatar\/ea215268aad51f3219f9a59227db6fa1?s=96&d=mm&r=g","contentUrl":"https:\/\/secure.gravatar.com\/avatar\/ea215268aad51f3219f9a59227db6fa1?s=96&d=mm&r=g","caption":"Hamra Fouzia"},"sameAs":["https:\/\/elmawkie.dz\/fr"],"url":"https:\/\/elmawkie.dz\/fr\/author\/elmawkie\/"}]}},"_links":{"self":[{"href":"https:\/\/elmawkie.dz\/fr\/wp-json\/wp\/v2\/posts\/3338","targetHints":{"allow":["GET"]}}],"collection":[{"href":"https:\/\/elmawkie.dz\/fr\/wp-json\/wp\/v2\/posts"}],"about":[{"href":"https:\/\/elmawkie.dz\/fr\/wp-json\/wp\/v2\/types\/post"}],"author":[{"embeddable":true,"href":"https:\/\/elmawkie.dz\/fr\/wp-json\/wp\/v2\/users\/3"}],"replies":[{"embeddable":true,"href":"https:\/\/elmawkie.dz\/fr\/wp-json\/wp\/v2\/comments?post=3338"}],"version-history":[{"count":0,"href":"https:\/\/elmawkie.dz\/fr\/wp-json\/wp\/v2\/posts\/3338\/revisions"}],"wp:featuredmedia":[{"embeddable":true,"href":"https:\/\/elmawkie.dz\/fr\/wp-json\/wp\/v2\/media\/3339"}],"wp:attachment":[{"href":"https:\/\/elmawkie.dz\/fr\/wp-json\/wp\/v2\/media?parent=3338"}],"wp:term":[{"taxonomy":"category","embeddable":true,"href":"https:\/\/elmawkie.dz\/fr\/wp-json\/wp\/v2\/categories?post=3338"},{"taxonomy":"post_tag","embeddable":true,"href":"https:\/\/elmawkie.dz\/fr\/wp-json\/wp\/v2\/tags?post=3338"}],"curies":[{"name":"wp","href":"https:\/\/api.w.org\/{rel}","templated":true}]}}