{"id":3333,"date":"2024-07-28T09:42:19","date_gmt":"2024-07-28T08:42:19","guid":{"rendered":"https:\/\/elmawkie.dz\/fr\/?p=3333"},"modified":"2024-07-28T09:42:19","modified_gmt":"2024-07-28T08:42:19","slug":"maktek-eurasia-2024-un-tremplin-pour-renforcer-la-cooperation-industrielle-algero-turque","status":"publish","type":"post","link":"https:\/\/elmawkie.dz\/fr\/maktek-eurasia-2024-un-tremplin-pour-renforcer-la-cooperation-industrielle-algero-turque\/","title":{"rendered":"Maktek Eurasia 2024 : Un tremplin pour renforcer la coop\u00e9ration industrielle alg\u00e9ro-turque"},"content":{"rendered":"<p><strong><em>Les \u00e9changes \u00e9conomiques entre l&rsquo;Alg\u00e9rie et la Turquie ne cessent de se renforcer. T\u00e9moignage de cette dynamique, la participation alg\u00e9rienne \u00e0 la prochaine \u00e9dition du salon Maktek Eurasia s&rsquo;annonce comme un \u00e9v\u00e9nement majeur. Ce rendez-vous industriel, qui se tiendra en Turquie en septembre prochain, offre une opportunit\u00e9 unique de consolider les liens \u00e9conomiques entre les deux pays et de jeter les bases d&rsquo;un v\u00e9ritable pont industriel entre l&rsquo;Alg\u00e9rie et la Turquie.<\/em><\/strong><\/p>\n<p><strong><em>En effet, la Tuyap Fair Organization a annonc\u00e9 dans un communiqu\u00e9 que le salon \u00ab Maktek Eurasia Fair \u00bb, organis\u00e9 en collaboration avec l&rsquo;Association des industriels et hommes d&rsquo;affaires de machines-outils (TIAD) et l&rsquo;Association des fabricants de machines (MIB), se tiendra cette ann\u00e9e du 30 septembre au 5 octobre 2024 au centre de Foire et de Congr\u00e8s de T\u00fcyap \u00e0 Istanbul.<\/em><\/strong><\/p>\n<p><em><strong>Selon la m\u00eame source, ce salon sp\u00e9cialis\u00e9 dans les outils coupants et les machines de l\u2019industrie accueillera plus de 1 000 entreprises et repr\u00e9sentants d&rsquo;entreprises. Les participants et visiteurs auront l&rsquo;occasion de d\u00e9couvrir les derniers produits technologiques, les innovations, les tendances de l&rsquo;industrie et les opportunit\u00e9s de coop\u00e9ration.<\/strong><\/em><\/p>\n<p><strong><em>Il est pr\u00e9vu que plus de 85.000 visiteurs de pr\u00e8s de 90 pays, y compris l&rsquo;Alg\u00e9rie, assisteront \u00e0 cet \u00e9v\u00e9nement. Cette participation ouvre de nouvelles perspectives prometteuses pour l\u2019alg\u00e9rie, offrant une vitrine internationale aux produits et savoir-faire alg\u00e9riens, favorisant ainsi les opportunit\u00e9s d&rsquo;exportation. Les entreprises alg\u00e9riennes pourront \u00e9tablir des contacts avec des partenaires potentiels, explorer de nouveaux march\u00e9s et diversifier leurs d\u00e9bouch\u00e9s commerciaux. Cette plateforme mettra \u00e9galement en valeur les atouts industriels de l&rsquo;Alg\u00e9rie aupr\u00e8s d&rsquo;investisseurs \u00e9trangers.<\/em><\/strong><\/p>\n<p><strong><em>Il est \u00e0 rappeler que l\u2019Alg\u00e9rie et la Turquie entretiennent des relations \u00e9conomiques privil\u00e9gi\u00e9es, avec un volume d&rsquo;\u00e9changes atteignant 6 milliards de dollars en 2023. Dans le secteur \u00e9nerg\u00e9tique, l\u2019Alg\u00e9rie est le principal fournisseur de GNL \u00e0 la Turquie, avec un volume de 1,8 million de tonnes d\u2019une valeur d\u2019un milliard de dollars en 2023, repr\u00e9sentant environ 52 % des importations turques de GNL cette ann\u00e9e-l\u00e0.<\/em><\/strong><\/p>\n","protected":false},"excerpt":{"rendered":"<p>Les \u00e9changes \u00e9conomiques entre l&rsquo;Alg\u00e9rie et la Turquie ne cessent de se renforcer. T\u00e9moignage de cette dynamique, la participation alg\u00e9rienne \u00e0 la prochaine \u00e9dition du salon Maktek Eurasia s&rsquo;annonce comme un \u00e9v\u00e9nement majeur. Ce rendez-vous industriel, qui se tiendra en Turquie en septembre prochain, offre une opportunit\u00e9 unique de consolider les liens \u00e9conomiques entre les &hellip;<\/p>\n","protected":false},"author":8,"featured_media":3346,"comment_status":"open","ping_status":"open","sticky":false,"template":"","format":"standard","meta":{"footnotes":""},"categories":[47],"tags":[88,185,110],"class_list":["post-3333","post","type-post","status-publish","format-standard","has-post-thumbnail","hentry","category-national","tag-algerie","tag-maktek-eurasia-2024","tag-turquie"],"yoast_head":"<!-- This site is optimized with the Yoast SEO Premium plugin v22.6 (Yoast SEO v22.6) - https:\/\/yoast.com\/wordpress\/plugins\/seo\/ -->\n<title>Maktek Eurasia 2024 : Un tremplin pour renforcer la coop\u00e9ration industrielle alg\u00e9ro-turque - El Mawkie<\/title>\n<meta name=\"robots\" content=\"index, follow, max-snippet:-1, max-image-preview:large, max-video-preview:-1\" \/>\n<link rel=\"canonical\" href=\"https:\/\/elmawkie.dz\/fr\/maktek-eurasia-2024-un-tremplin-pour-renforcer-la-cooperation-industrielle-algero-turque\/\" \/>\n<meta property=\"og:locale\" content=\"fr_FR\" \/>\n<meta property=\"og:type\" content=\"article\" \/>\n<meta property=\"og:title\" content=\"Maktek Eurasia 2024 : Un tremplin pour renforcer la coop\u00e9ration industrielle alg\u00e9ro-turque\" \/>\n<meta property=\"og:description\" content=\"Les \u00e9changes \u00e9conomiques entre l&rsquo;Alg\u00e9rie et la Turquie ne cessent de se renforcer. T\u00e9moignage de cette dynamique, la participation alg\u00e9rienne \u00e0 la prochaine \u00e9dition du salon Maktek Eurasia s&rsquo;annonce comme un \u00e9v\u00e9nement majeur. Ce rendez-vous industriel, qui se tiendra en Turquie en septembre prochain, offre une opportunit\u00e9 unique de consolider les liens \u00e9conomiques entre les &hellip;\" \/>\n<meta property=\"og:url\" content=\"https:\/\/elmawkie.dz\/fr\/maktek-eurasia-2024-un-tremplin-pour-renforcer-la-cooperation-industrielle-algero-turque\/\" \/>\n<meta property=\"og:site_name\" content=\"El Mawkie\" \/>\n<meta property=\"article:publisher\" content=\"https:\/\/www.facebook.com\/profile.php?id=100088407094989&amp;locale=fr_FR\" \/>\n<meta property=\"article:published_time\" content=\"2024-07-28T08:42:19+00:00\" \/>\n<meta property=\"og:image\" content=\"https:\/\/elmawkie.dz\/fr\/wp-content\/uploads\/2024\/07\/78b8c4bd-c8eb-411e-9424-6698cc143895.jpeg\" \/>\n\t<meta property=\"og:image:width\" content=\"1120\" \/>\n\t<meta property=\"og:image:height\" content=\"748\" \/>\n\t<meta property=\"og:image:type\" content=\"image\/jpeg\" \/>\n<meta name=\"author\" content=\"khayro\" \/>\n<meta name=\"twitter:card\" content=\"summary_large_image\" \/>\n<meta name=\"twitter:label1\" content=\"Written by\" \/>\n\t<meta name=\"twitter:data1\" content=\"khayro\" \/>\n\t<meta name=\"twitter:label2\" content=\"Est. reading time\" \/>\n\t<meta name=\"twitter:data2\" content=\"2 minutes\" \/>\n<script type=\"application\/ld+json\" class=\"yoast-schema-graph\">{\"@context\":\"https:\/\/schema.org\",\"@graph\":[{\"@type\":\"Article\",\"@id\":\"https:\/\/elmawkie.dz\/fr\/maktek-eurasia-2024-un-tremplin-pour-renforcer-la-cooperation-industrielle-algero-turque\/#article\",\"isPartOf\":{\"@id\":\"https:\/\/elmawkie.dz\/fr\/maktek-eurasia-2024-un-tremplin-pour-renforcer-la-cooperation-industrielle-algero-turque\/\"},\"author\":{\"name\":\"khayro\",\"@id\":\"https:\/\/elmawkie.dz\/fr\/#\/schema\/person\/15cb7eba76e08e2d2d0ad4b4c4fbb6cb\"},\"headline\":\"Maktek Eurasia 2024 : Un tremplin pour renforcer la coop\u00e9ration industrielle alg\u00e9ro-turque\",\"datePublished\":\"2024-07-28T08:42:19+00:00\",\"dateModified\":\"2024-07-28T08:42:19+00:00\",\"mainEntityOfPage\":{\"@id\":\"https:\/\/elmawkie.dz\/fr\/maktek-eurasia-2024-un-tremplin-pour-renforcer-la-cooperation-industrielle-algero-turque\/\"},\"wordCount\":371,\"commentCount\":0,\"publisher\":{\"@id\":\"https:\/\/elmawkie.dz\/fr\/#organization\"},\"image\":{\"@id\":\"https:\/\/elmawkie.dz\/fr\/maktek-eurasia-2024-un-tremplin-pour-renforcer-la-cooperation-industrielle-algero-turque\/#primaryimage\"},\"thumbnailUrl\":\"https:\/\/elmawkie.dz\/fr\/wp-content\/uploads\/2024\/07\/78b8c4bd-c8eb-411e-9424-6698cc143895.jpeg\",\"keywords\":[\"Alg\u00e9rie\",\"Maktek Eurasia 2024\",\"Turquie\"],\"articleSection\":[\"National\"],\"inLanguage\":\"fr-FR\",\"potentialAction\":[{\"@type\":\"CommentAction\",\"name\":\"Comment\",\"target\":[\"https:\/\/elmawkie.dz\/fr\/maktek-eurasia-2024-un-tremplin-pour-renforcer-la-cooperation-industrielle-algero-turque\/#respond\"]}]},{\"@type\":\"WebPage\",\"@id\":\"https:\/\/elmawkie.dz\/fr\/maktek-eurasia-2024-un-tremplin-pour-renforcer-la-cooperation-industrielle-algero-turque\/\",\"url\":\"https:\/\/elmawkie.dz\/fr\/maktek-eurasia-2024-un-tremplin-pour-renforcer-la-cooperation-industrielle-algero-turque\/\",\"name\":\"Maktek Eurasia 2024 : Un tremplin pour renforcer la coop\u00e9ration industrielle alg\u00e9ro-turque - El Mawkie\",\"isPartOf\":{\"@id\":\"https:\/\/elmawkie.dz\/fr\/#website\"},\"primaryImageOfPage\":{\"@id\":\"https:\/\/elmawkie.dz\/fr\/maktek-eurasia-2024-un-tremplin-pour-renforcer-la-cooperation-industrielle-algero-turque\/#primaryimage\"},\"image\":{\"@id\":\"https:\/\/elmawkie.dz\/fr\/maktek-eurasia-2024-un-tremplin-pour-renforcer-la-cooperation-industrielle-algero-turque\/#primaryimage\"},\"thumbnailUrl\":\"https:\/\/elmawkie.dz\/fr\/wp-content\/uploads\/2024\/07\/78b8c4bd-c8eb-411e-9424-6698cc143895.jpeg\",\"datePublished\":\"2024-07-28T08:42:19+00:00\",\"dateModified\":\"2024-07-28T08:42:19+00:00\",\"breadcrumb\":{\"@id\":\"https:\/\/elmawkie.dz\/fr\/maktek-eurasia-2024-un-tremplin-pour-renforcer-la-cooperation-industrielle-algero-turque\/#breadcrumb\"},\"inLanguage\":\"fr-FR\",\"potentialAction\":[{\"@type\":\"ReadAction\",\"target\":[\"https:\/\/elmawkie.dz\/fr\/maktek-eurasia-2024-un-tremplin-pour-renforcer-la-cooperation-industrielle-algero-turque\/\"]}]},{\"@type\":\"ImageObject\",\"inLanguage\":\"fr-FR\",\"@id\":\"https:\/\/elmawkie.dz\/fr\/maktek-eurasia-2024-un-tremplin-pour-renforcer-la-cooperation-industrielle-algero-turque\/#primaryimage\",\"url\":\"https:\/\/elmawkie.dz\/fr\/wp-content\/uploads\/2024\/07\/78b8c4bd-c8eb-411e-9424-6698cc143895.jpeg\",\"contentUrl\":\"https:\/\/elmawkie.dz\/fr\/wp-content\/uploads\/2024\/07\/78b8c4bd-c8eb-411e-9424-6698cc143895.jpeg\",\"width\":1120,\"height\":748},{\"@type\":\"BreadcrumbList\",\"@id\":\"https:\/\/elmawkie.dz\/fr\/maktek-eurasia-2024-un-tremplin-pour-renforcer-la-cooperation-industrielle-algero-turque\/#breadcrumb\",\"itemListElement\":[{\"@type\":\"ListItem\",\"position\":1,\"name\":\"Home\",\"item\":\"https:\/\/elmawkie.dz\/fr\/\"},{\"@type\":\"ListItem\",\"position\":2,\"name\":\"Maktek Eurasia 2024 : Un tremplin pour renforcer la coop\u00e9ration industrielle alg\u00e9ro-turque\"}]},{\"@type\":\"WebSite\",\"@id\":\"https:\/\/elmawkie.dz\/fr\/#website\",\"url\":\"https:\/\/elmawkie.dz\/fr\/\",\"name\":\"EL MAWKIE\",\"description\":\"Journal \u00c9lectronique Alg\u00e9rien\",\"publisher\":{\"@id\":\"https:\/\/elmawkie.dz\/fr\/#organization\"},\"potentialAction\":[{\"@type\":\"SearchAction\",\"target\":{\"@type\":\"EntryPoint\",\"urlTemplate\":\"https:\/\/elmawkie.dz\/fr\/?s={search_term_string}\"},\"query-input\":\"required name=search_term_string\"}],\"inLanguage\":\"fr-FR\"},{\"@type\":\"Organization\",\"@id\":\"https:\/\/elmawkie.dz\/fr\/#organization\",\"name\":\"EL MAWKIE\",\"url\":\"https:\/\/elmawkie.dz\/fr\/\",\"logo\":{\"@type\":\"ImageObject\",\"inLanguage\":\"fr-FR\",\"@id\":\"https:\/\/elmawkie.dz\/fr\/#\/schema\/logo\/image\/\",\"url\":\"https:\/\/elmawkie.dz\/fr\/wp-content\/uploads\/2024\/05\/logo1.png\",\"contentUrl\":\"https:\/\/elmawkie.dz\/fr\/wp-content\/uploads\/2024\/05\/logo1.png\",\"width\":1648,\"height\":652,\"caption\":\"EL MAWKIE\"},\"image\":{\"@id\":\"https:\/\/elmawkie.dz\/fr\/#\/schema\/logo\/image\/\"},\"sameAs\":[\"https:\/\/www.facebook.com\/profile.php?id=100088407094989&locale=fr_FR\"]},{\"@type\":\"Person\",\"@id\":\"https:\/\/elmawkie.dz\/fr\/#\/schema\/person\/15cb7eba76e08e2d2d0ad4b4c4fbb6cb\",\"name\":\"khayro\",\"image\":{\"@type\":\"ImageObject\",\"inLanguage\":\"fr-FR\",\"@id\":\"https:\/\/elmawkie.dz\/fr\/#\/schema\/person\/image\/\",\"url\":\"https:\/\/secure.gravatar.com\/avatar\/5d609f726f02f77f0ff2a1483fc81992?s=96&d=mm&r=g\",\"contentUrl\":\"https:\/\/secure.gravatar.com\/avatar\/5d609f726f02f77f0ff2a1483fc81992?s=96&d=mm&r=g\",\"caption\":\"khayro\"},\"url\":\"https:\/\/elmawkie.dz\/fr\/author\/khayro\/\"}]}<\/script>\n<!-- \/ Yoast SEO Premium plugin. -->","yoast_head_json":{"title":"Maktek Eurasia 2024 : Un tremplin pour renforcer la coop\u00e9ration industrielle alg\u00e9ro-turque - El Mawkie","robots":{"index":"index","follow":"follow","max-snippet":"max-snippet:-1","max-image-preview":"max-image-preview:large","max-video-preview":"max-video-preview:-1"},"canonical":"https:\/\/elmawkie.dz\/fr\/maktek-eurasia-2024-un-tremplin-pour-renforcer-la-cooperation-industrielle-algero-turque\/","og_locale":"fr_FR","og_type":"article","og_title":"Maktek Eurasia 2024 : Un tremplin pour renforcer la coop\u00e9ration industrielle alg\u00e9ro-turque","og_description":"Les \u00e9changes \u00e9conomiques entre l&rsquo;Alg\u00e9rie et la Turquie ne cessent de se renforcer. T\u00e9moignage de cette dynamique, la participation alg\u00e9rienne \u00e0 la prochaine \u00e9dition du salon Maktek Eurasia s&rsquo;annonce comme un \u00e9v\u00e9nement majeur. Ce rendez-vous industriel, qui se tiendra en Turquie en septembre prochain, offre une opportunit\u00e9 unique de consolider les liens \u00e9conomiques entre les &hellip;","og_url":"https:\/\/elmawkie.dz\/fr\/maktek-eurasia-2024-un-tremplin-pour-renforcer-la-cooperation-industrielle-algero-turque\/","og_site_name":"El Mawkie","article_publisher":"https:\/\/www.facebook.com\/profile.php?id=100088407094989&locale=fr_FR","article_published_time":"2024-07-28T08:42:19+00:00","og_image":[{"width":1120,"height":748,"url":"https:\/\/elmawkie.dz\/fr\/wp-content\/uploads\/2024\/07\/78b8c4bd-c8eb-411e-9424-6698cc143895.jpeg","type":"image\/jpeg"}],"author":"khayro","twitter_card":"summary_large_image","twitter_misc":{"Written by":"khayro","Est. reading time":"2 minutes"},"schema":{"@context":"https:\/\/schema.org","@graph":[{"@type":"Article","@id":"https:\/\/elmawkie.dz\/fr\/maktek-eurasia-2024-un-tremplin-pour-renforcer-la-cooperation-industrielle-algero-turque\/#article","isPartOf":{"@id":"https:\/\/elmawkie.dz\/fr\/maktek-eurasia-2024-un-tremplin-pour-renforcer-la-cooperation-industrielle-algero-turque\/"},"author":{"name":"khayro","@id":"https:\/\/elmawkie.dz\/fr\/#\/schema\/person\/15cb7eba76e08e2d2d0ad4b4c4fbb6cb"},"headline":"Maktek Eurasia 2024 : Un tremplin pour renforcer la coop\u00e9ration industrielle alg\u00e9ro-turque","datePublished":"2024-07-28T08:42:19+00:00","dateModified":"2024-07-28T08:42:19+00:00","mainEntityOfPage":{"@id":"https:\/\/elmawkie.dz\/fr\/maktek-eurasia-2024-un-tremplin-pour-renforcer-la-cooperation-industrielle-algero-turque\/"},"wordCount":371,"commentCount":0,"publisher":{"@id":"https:\/\/elmawkie.dz\/fr\/#organization"},"image":{"@id":"https:\/\/elmawkie.dz\/fr\/maktek-eurasia-2024-un-tremplin-pour-renforcer-la-cooperation-industrielle-algero-turque\/#primaryimage"},"thumbnailUrl":"https:\/\/elmawkie.dz\/fr\/wp-content\/uploads\/2024\/07\/78b8c4bd-c8eb-411e-9424-6698cc143895.jpeg","keywords":["Alg\u00e9rie","Maktek Eurasia 2024","Turquie"],"articleSection":["National"],"inLanguage":"fr-FR","potentialAction":[{"@type":"CommentAction","name":"Comment","target":["https:\/\/elmawkie.dz\/fr\/maktek-eurasia-2024-un-tremplin-pour-renforcer-la-cooperation-industrielle-algero-turque\/#respond"]}]},{"@type":"WebPage","@id":"https:\/\/elmawkie.dz\/fr\/maktek-eurasia-2024-un-tremplin-pour-renforcer-la-cooperation-industrielle-algero-turque\/","url":"https:\/\/elmawkie.dz\/fr\/maktek-eurasia-2024-un-tremplin-pour-renforcer-la-cooperation-industrielle-algero-turque\/","name":"Maktek Eurasia 2024 : Un tremplin pour renforcer la coop\u00e9ration industrielle alg\u00e9ro-turque - El Mawkie","isPartOf":{"@id":"https:\/\/elmawkie.dz\/fr\/#website"},"primaryImageOfPage":{"@id":"https:\/\/elmawkie.dz\/fr\/maktek-eurasia-2024-un-tremplin-pour-renforcer-la-cooperation-industrielle-algero-turque\/#primaryimage"},"image":{"@id":"https:\/\/elmawkie.dz\/fr\/maktek-eurasia-2024-un-tremplin-pour-renforcer-la-cooperation-industrielle-algero-turque\/#primaryimage"},"thumbnailUrl":"https:\/\/elmawkie.dz\/fr\/wp-content\/uploads\/2024\/07\/78b8c4bd-c8eb-411e-9424-6698cc143895.jpeg","datePublished":"2024-07-28T08:42:19+00:00","dateModified":"2024-07-28T08:42:19+00:00","breadcrumb":{"@id":"https:\/\/elmawkie.dz\/fr\/maktek-eurasia-2024-un-tremplin-pour-renforcer-la-cooperation-industrielle-algero-turque\/#breadcrumb"},"inLanguage":"fr-FR","potentialAction":[{"@type":"ReadAction","target":["https:\/\/elmawkie.dz\/fr\/maktek-eurasia-2024-un-tremplin-pour-renforcer-la-cooperation-industrielle-algero-turque\/"]}]},{"@type":"ImageObject","inLanguage":"fr-FR","@id":"https:\/\/elmawkie.dz\/fr\/maktek-eurasia-2024-un-tremplin-pour-renforcer-la-cooperation-industrielle-algero-turque\/#primaryimage","url":"https:\/\/elmawkie.dz\/fr\/wp-content\/uploads\/2024\/07\/78b8c4bd-c8eb-411e-9424-6698cc143895.jpeg","contentUrl":"https:\/\/elmawkie.dz\/fr\/wp-content\/uploads\/2024\/07\/78b8c4bd-c8eb-411e-9424-6698cc143895.jpeg","width":1120,"height":748},{"@type":"BreadcrumbList","@id":"https:\/\/elmawkie.dz\/fr\/maktek-eurasia-2024-un-tremplin-pour-renforcer-la-cooperation-industrielle-algero-turque\/#breadcrumb","itemListElement":[{"@type":"ListItem","position":1,"name":"Home","item":"https:\/\/elmawkie.dz\/fr\/"},{"@type":"ListItem","position":2,"name":"Maktek Eurasia 2024 : Un tremplin pour renforcer la coop\u00e9ration industrielle alg\u00e9ro-turque"}]},{"@type":"WebSite","@id":"https:\/\/elmawkie.dz\/fr\/#website","url":"https:\/\/elmawkie.dz\/fr\/","name":"EL MAWKIE","description":"Journal \u00c9lectronique Alg\u00e9rien","publisher":{"@id":"https:\/\/elmawkie.dz\/fr\/#organization"},"potentialAction":[{"@type":"SearchAction","target":{"@type":"EntryPoint","urlTemplate":"https:\/\/elmawkie.dz\/fr\/?s={search_term_string}"},"query-input":"required name=search_term_string"}],"inLanguage":"fr-FR"},{"@type":"Organization","@id":"https:\/\/elmawkie.dz\/fr\/#organization","name":"EL MAWKIE","url":"https:\/\/elmawkie.dz\/fr\/","logo":{"@type":"ImageObject","inLanguage":"fr-FR","@id":"https:\/\/elmawkie.dz\/fr\/#\/schema\/logo\/image\/","url":"https:\/\/elmawkie.dz\/fr\/wp-content\/uploads\/2024\/05\/logo1.png","contentUrl":"https:\/\/elmawkie.dz\/fr\/wp-content\/uploads\/2024\/05\/logo1.png","width":1648,"height":652,"caption":"EL MAWKIE"},"image":{"@id":"https:\/\/elmawkie.dz\/fr\/#\/schema\/logo\/image\/"},"sameAs":["https:\/\/www.facebook.com\/profile.php?id=100088407094989&locale=fr_FR"]},{"@type":"Person","@id":"https:\/\/elmawkie.dz\/fr\/#\/schema\/person\/15cb7eba76e08e2d2d0ad4b4c4fbb6cb","name":"khayro","image":{"@type":"ImageObject","inLanguage":"fr-FR","@id":"https:\/\/elmawkie.dz\/fr\/#\/schema\/person\/image\/","url":"https:\/\/secure.gravatar.com\/avatar\/5d609f726f02f77f0ff2a1483fc81992?s=96&d=mm&r=g","contentUrl":"https:\/\/secure.gravatar.com\/avatar\/5d609f726f02f77f0ff2a1483fc81992?s=96&d=mm&r=g","caption":"khayro"},"url":"https:\/\/elmawkie.dz\/fr\/author\/khayro\/"}]}},"_links":{"self":[{"href":"https:\/\/elmawkie.dz\/fr\/wp-json\/wp\/v2\/posts\/3333","targetHints":{"allow":["GET"]}}],"collection":[{"href":"https:\/\/elmawkie.dz\/fr\/wp-json\/wp\/v2\/posts"}],"about":[{"href":"https:\/\/elmawkie.dz\/fr\/wp-json\/wp\/v2\/types\/post"}],"author":[{"embeddable":true,"href":"https:\/\/elmawkie.dz\/fr\/wp-json\/wp\/v2\/users\/8"}],"replies":[{"embeddable":true,"href":"https:\/\/elmawkie.dz\/fr\/wp-json\/wp\/v2\/comments?post=3333"}],"version-history":[{"count":0,"href":"https:\/\/elmawkie.dz\/fr\/wp-json\/wp\/v2\/posts\/3333\/revisions"}],"wp:featuredmedia":[{"embeddable":true,"href":"https:\/\/elmawkie.dz\/fr\/wp-json\/wp\/v2\/media\/3346"}],"wp:attachment":[{"href":"https:\/\/elmawkie.dz\/fr\/wp-json\/wp\/v2\/media?parent=3333"}],"wp:term":[{"taxonomy":"category","embeddable":true,"href":"https:\/\/elmawkie.dz\/fr\/wp-json\/wp\/v2\/categories?post=3333"},{"taxonomy":"post_tag","embeddable":true,"href":"https:\/\/elmawkie.dz\/fr\/wp-json\/wp\/v2\/tags?post=3333"}],"curies":[{"name":"wp","href":"https:\/\/api.w.org\/{rel}","templated":true}]}}