{"id":3183,"date":"2024-07-23T00:01:01","date_gmt":"2024-07-22T23:01:01","guid":{"rendered":"https:\/\/elmawkie.dz\/fr\/?p=3183"},"modified":"2024-08-22T21:40:28","modified_gmt":"2024-08-22T20:40:28","slug":"vers-la-concretisation-du-projet-de-transport-de-lhydrogene-vert-de-lalgerie-vers-leurope","status":"publish","type":"post","link":"https:\/\/elmawkie.dz\/fr\/vers-la-concretisation-du-projet-de-transport-de-lhydrogene-vert-de-lalgerie-vers-leurope\/","title":{"rendered":"Vers la concr\u00e9tisation du projet de transport de l&rsquo;hydrog\u00e8ne vert de l&rsquo;Alg\u00e9rie vers l&rsquo;Europe"},"content":{"rendered":"<div class=\"itemIntroText col-xs-hidden \">\n<p dir=\"ltr\"><strong>Le groupe Sonatrach a annonc\u00e9, lundi dans un communiqu\u00e9, que les parties concern\u00e9es par le projet de transport de l&rsquo;hydrog\u00e8ne vert produit en l&rsquo;Alg\u00e9rie vers l&rsquo;Europe (SoutH2 Corridor), se sont accord\u00e9es sur la signature, courant septembre 2024, d&rsquo;un protocole d&rsquo;entente pour la r\u00e9alisation conjointe d&rsquo;\u00e9tudes de faisabilit\u00e9 relatives \u00e0 la mise en \u0153uvre de ce projet int\u00e9gr\u00e9, tout le long de la chaine de valeur de l&rsquo;hydrog\u00e8ne.<\/strong><\/p>\n<\/div>\n<div class=\"itemFullText\">\n<p dir=\"ltr\">A cet effet, le communiqu\u00e9 a expliqu\u00e9 que le projet SoutH2 Corridor a \u00e9t\u00e9 au centre d&rsquo;une rencontre de haut niveau organis\u00e9e, lundi, au niveau du si\u00e8ge de la direction g\u00e9n\u00e9rale de Sonatrach, et ce, en pr\u00e9sence des soci\u00e9t\u00e9s VNG (Allemagne), SNAM (Italie), SEA CORRIDOR (Italie) et VERBUND (Autriche).<\/p>\n<p dir=\"ltr\">Cette rencontre s&rsquo;est tenue en pr\u00e9sence du P-dg de Sonatrach, M. Rachid Hachichi, M. Polk Hans-Joachim, membre du conseil d&rsquo;administration de VNG, M. Caria Francesco, P-dg de SEA CORRIDOR, M. Ercoli Piero, directeur ex\u00e9cutif de la SNAM, Mme Susanna Zapreva, directrice Energies Renouvelables au niveau de VERBUND, ainsi que d&rsquo;autres hauts managers et experts, a fait savoir Sonatrach.<\/p>\n<blockquote>\n<p dir=\"ltr\"><strong>Au cours de cette r\u00e9union, diverses pr\u00e9sentations et discussions ont \u00e9t\u00e9 organis\u00e9es autour de cet ambitieux projet, affirme le communiqu\u00e9, soulignant, que les parties se sont accord\u00e9es sur la signature, courant septembre 2024, d&rsquo;un protocole d&rsquo;entente pour la r\u00e9alisation conjointe d&rsquo;\u00e9tudes de faisabilit\u00e9 relatives \u00e0 la mise en \u0153uvre de ce projet int\u00e9gr\u00e9 tout le long de la chaine de valeur de l&rsquo;hydrog\u00e8ne.<\/strong><\/p>\n<\/blockquote>\n<p dir=\"ltr\">Le groupe a, par ailleurs, rappel\u00e9 que le SoutH2 Corridor, l&rsquo;une des sources les plus importantes d&rsquo;approvisionnement de l&rsquo;Union Europ\u00e9enne en hydrog\u00e8ne vert, vise \u00e0 transporter pr\u00e8s de 4 millions de tonnes d&rsquo;hydrog\u00e8ne vert par an de l&rsquo;Alg\u00e9rie vers l&rsquo;Allemagne en passant par l&rsquo;Italie et l&rsquo;Autriche, \u00e0 travers les infrastructures existantes r\u00e9affect\u00e9es pour transporter l&rsquo;hydrog\u00e8ne ou de nouvelles infrastructures d\u00e9di\u00e9es.<\/p>\n<\/div>\n","protected":false},"excerpt":{"rendered":"<p>Le groupe Sonatrach a annonc\u00e9, lundi dans un communiqu\u00e9, que les parties concern\u00e9es par le projet de transport de l&rsquo;hydrog\u00e8ne vert produit en l&rsquo;Alg\u00e9rie vers l&rsquo;Europe (SoutH2 Corridor), se sont accord\u00e9es sur la signature, courant septembre 2024, d&rsquo;un protocole d&rsquo;entente pour la r\u00e9alisation conjointe d&rsquo;\u00e9tudes de faisabilit\u00e9 relatives \u00e0 la mise en \u0153uvre de ce &hellip;<\/p>\n","protected":false},"author":3,"featured_media":4152,"comment_status":"open","ping_status":"open","sticky":false,"template":"","format":"standard","meta":{"footnotes":""},"categories":[47],"tags":[],"class_list":["post-3183","post","type-post","status-publish","format-standard","has-post-thumbnail","hentry","category-national"],"yoast_head":"<!-- This site is optimized with the Yoast SEO Premium plugin v22.6 (Yoast SEO v22.6) - https:\/\/yoast.com\/wordpress\/plugins\/seo\/ -->\n<title>Vers la concr\u00e9tisation du projet de transport de l&#039;hydrog\u00e8ne vert de l&#039;Alg\u00e9rie vers l&#039;Europe - El Mawkie<\/title>\n<meta name=\"robots\" content=\"index, follow, max-snippet:-1, max-image-preview:large, max-video-preview:-1\" \/>\n<link rel=\"canonical\" href=\"https:\/\/elmawkie.dz\/fr\/vers-la-concretisation-du-projet-de-transport-de-lhydrogene-vert-de-lalgerie-vers-leurope\/\" \/>\n<meta property=\"og:locale\" content=\"fr_FR\" \/>\n<meta property=\"og:type\" content=\"article\" \/>\n<meta property=\"og:title\" content=\"Vers la concr\u00e9tisation du projet de transport de l&#039;hydrog\u00e8ne vert de l&#039;Alg\u00e9rie vers l&#039;Europe\" \/>\n<meta property=\"og:description\" content=\"Le groupe Sonatrach a annonc\u00e9, lundi dans un communiqu\u00e9, que les parties concern\u00e9es par le projet de transport de l&rsquo;hydrog\u00e8ne vert produit en l&rsquo;Alg\u00e9rie vers l&rsquo;Europe (SoutH2 Corridor), se sont accord\u00e9es sur la signature, courant septembre 2024, d&rsquo;un protocole d&rsquo;entente pour la r\u00e9alisation conjointe d&rsquo;\u00e9tudes de faisabilit\u00e9 relatives \u00e0 la mise en \u0153uvre de ce &hellip;\" \/>\n<meta property=\"og:url\" content=\"https:\/\/elmawkie.dz\/fr\/vers-la-concretisation-du-projet-de-transport-de-lhydrogene-vert-de-lalgerie-vers-leurope\/\" \/>\n<meta property=\"og:site_name\" content=\"El Mawkie\" \/>\n<meta property=\"article:publisher\" content=\"https:\/\/www.facebook.com\/profile.php?id=100088407094989&amp;locale=fr_FR\" \/>\n<meta property=\"article:published_time\" content=\"2024-07-22T23:01:01+00:00\" \/>\n<meta property=\"article:modified_time\" content=\"2024-08-22T20:40:28+00:00\" \/>\n<meta property=\"og:image\" content=\"https:\/\/elmawkie.dz\/fr\/wp-content\/uploads\/2024\/07\/14b5c15f-fa47-41f8-abcf-170826589915.jpeg\" \/>\n\t<meta property=\"og:image:width\" content=\"565\" \/>\n\t<meta property=\"og:image:height\" content=\"344\" \/>\n\t<meta property=\"og:image:type\" content=\"image\/jpeg\" \/>\n<meta name=\"author\" content=\"Hamra Fouzia\" \/>\n<meta name=\"twitter:card\" content=\"summary_large_image\" \/>\n<meta name=\"twitter:label1\" content=\"Written by\" \/>\n\t<meta name=\"twitter:data1\" content=\"Hamra Fouzia\" \/>\n\t<meta name=\"twitter:label2\" content=\"Est. reading time\" \/>\n\t<meta name=\"twitter:data2\" content=\"2 minutes\" \/>\n<script type=\"application\/ld+json\" class=\"yoast-schema-graph\">{\"@context\":\"https:\/\/schema.org\",\"@graph\":[{\"@type\":\"Article\",\"@id\":\"https:\/\/elmawkie.dz\/fr\/vers-la-concretisation-du-projet-de-transport-de-lhydrogene-vert-de-lalgerie-vers-leurope\/#article\",\"isPartOf\":{\"@id\":\"https:\/\/elmawkie.dz\/fr\/vers-la-concretisation-du-projet-de-transport-de-lhydrogene-vert-de-lalgerie-vers-leurope\/\"},\"author\":{\"name\":\"Hamra Fouzia\",\"@id\":\"https:\/\/elmawkie.dz\/fr\/#\/schema\/person\/4ed8433201bc23634185d8dd37097c64\"},\"headline\":\"Vers la concr\u00e9tisation du projet de transport de l&rsquo;hydrog\u00e8ne vert de l&rsquo;Alg\u00e9rie vers l&rsquo;Europe\",\"datePublished\":\"2024-07-22T23:01:01+00:00\",\"dateModified\":\"2024-08-22T20:40:28+00:00\",\"mainEntityOfPage\":{\"@id\":\"https:\/\/elmawkie.dz\/fr\/vers-la-concretisation-du-projet-de-transport-de-lhydrogene-vert-de-lalgerie-vers-leurope\/\"},\"wordCount\":367,\"commentCount\":0,\"publisher\":{\"@id\":\"https:\/\/elmawkie.dz\/fr\/#organization\"},\"image\":{\"@id\":\"https:\/\/elmawkie.dz\/fr\/vers-la-concretisation-du-projet-de-transport-de-lhydrogene-vert-de-lalgerie-vers-leurope\/#primaryimage\"},\"thumbnailUrl\":\"https:\/\/elmawkie.dz\/fr\/wp-content\/uploads\/2024\/07\/14b5c15f-fa47-41f8-abcf-170826589915.jpeg\",\"articleSection\":[\"National\"],\"inLanguage\":\"fr-FR\",\"potentialAction\":[{\"@type\":\"CommentAction\",\"name\":\"Comment\",\"target\":[\"https:\/\/elmawkie.dz\/fr\/vers-la-concretisation-du-projet-de-transport-de-lhydrogene-vert-de-lalgerie-vers-leurope\/#respond\"]}]},{\"@type\":\"WebPage\",\"@id\":\"https:\/\/elmawkie.dz\/fr\/vers-la-concretisation-du-projet-de-transport-de-lhydrogene-vert-de-lalgerie-vers-leurope\/\",\"url\":\"https:\/\/elmawkie.dz\/fr\/vers-la-concretisation-du-projet-de-transport-de-lhydrogene-vert-de-lalgerie-vers-leurope\/\",\"name\":\"Vers la concr\u00e9tisation du projet de transport de l'hydrog\u00e8ne vert de l'Alg\u00e9rie vers l'Europe - El Mawkie\",\"isPartOf\":{\"@id\":\"https:\/\/elmawkie.dz\/fr\/#website\"},\"primaryImageOfPage\":{\"@id\":\"https:\/\/elmawkie.dz\/fr\/vers-la-concretisation-du-projet-de-transport-de-lhydrogene-vert-de-lalgerie-vers-leurope\/#primaryimage\"},\"image\":{\"@id\":\"https:\/\/elmawkie.dz\/fr\/vers-la-concretisation-du-projet-de-transport-de-lhydrogene-vert-de-lalgerie-vers-leurope\/#primaryimage\"},\"thumbnailUrl\":\"https:\/\/elmawkie.dz\/fr\/wp-content\/uploads\/2024\/07\/14b5c15f-fa47-41f8-abcf-170826589915.jpeg\",\"datePublished\":\"2024-07-22T23:01:01+00:00\",\"dateModified\":\"2024-08-22T20:40:28+00:00\",\"breadcrumb\":{\"@id\":\"https:\/\/elmawkie.dz\/fr\/vers-la-concretisation-du-projet-de-transport-de-lhydrogene-vert-de-lalgerie-vers-leurope\/#breadcrumb\"},\"inLanguage\":\"fr-FR\",\"potentialAction\":[{\"@type\":\"ReadAction\",\"target\":[\"https:\/\/elmawkie.dz\/fr\/vers-la-concretisation-du-projet-de-transport-de-lhydrogene-vert-de-lalgerie-vers-leurope\/\"]}]},{\"@type\":\"ImageObject\",\"inLanguage\":\"fr-FR\",\"@id\":\"https:\/\/elmawkie.dz\/fr\/vers-la-concretisation-du-projet-de-transport-de-lhydrogene-vert-de-lalgerie-vers-leurope\/#primaryimage\",\"url\":\"https:\/\/elmawkie.dz\/fr\/wp-content\/uploads\/2024\/07\/14b5c15f-fa47-41f8-abcf-170826589915.jpeg\",\"contentUrl\":\"https:\/\/elmawkie.dz\/fr\/wp-content\/uploads\/2024\/07\/14b5c15f-fa47-41f8-abcf-170826589915.jpeg\",\"width\":565,\"height\":344},{\"@type\":\"BreadcrumbList\",\"@id\":\"https:\/\/elmawkie.dz\/fr\/vers-la-concretisation-du-projet-de-transport-de-lhydrogene-vert-de-lalgerie-vers-leurope\/#breadcrumb\",\"itemListElement\":[{\"@type\":\"ListItem\",\"position\":1,\"name\":\"Home\",\"item\":\"https:\/\/elmawkie.dz\/fr\/\"},{\"@type\":\"ListItem\",\"position\":2,\"name\":\"Vers la concr\u00e9tisation du projet de transport de l&rsquo;hydrog\u00e8ne vert de l&rsquo;Alg\u00e9rie vers l&rsquo;Europe\"}]},{\"@type\":\"WebSite\",\"@id\":\"https:\/\/elmawkie.dz\/fr\/#website\",\"url\":\"https:\/\/elmawkie.dz\/fr\/\",\"name\":\"EL MAWKIE\",\"description\":\"Journal \u00c9lectronique Alg\u00e9rien\",\"publisher\":{\"@id\":\"https:\/\/elmawkie.dz\/fr\/#organization\"},\"potentialAction\":[{\"@type\":\"SearchAction\",\"target\":{\"@type\":\"EntryPoint\",\"urlTemplate\":\"https:\/\/elmawkie.dz\/fr\/?s={search_term_string}\"},\"query-input\":\"required name=search_term_string\"}],\"inLanguage\":\"fr-FR\"},{\"@type\":\"Organization\",\"@id\":\"https:\/\/elmawkie.dz\/fr\/#organization\",\"name\":\"EL MAWKIE\",\"url\":\"https:\/\/elmawkie.dz\/fr\/\",\"logo\":{\"@type\":\"ImageObject\",\"inLanguage\":\"fr-FR\",\"@id\":\"https:\/\/elmawkie.dz\/fr\/#\/schema\/logo\/image\/\",\"url\":\"https:\/\/elmawkie.dz\/fr\/wp-content\/uploads\/2024\/05\/logo1.png\",\"contentUrl\":\"https:\/\/elmawkie.dz\/fr\/wp-content\/uploads\/2024\/05\/logo1.png\",\"width\":1648,\"height\":652,\"caption\":\"EL MAWKIE\"},\"image\":{\"@id\":\"https:\/\/elmawkie.dz\/fr\/#\/schema\/logo\/image\/\"},\"sameAs\":[\"https:\/\/www.facebook.com\/profile.php?id=100088407094989&locale=fr_FR\"]},{\"@type\":\"Person\",\"@id\":\"https:\/\/elmawkie.dz\/fr\/#\/schema\/person\/4ed8433201bc23634185d8dd37097c64\",\"name\":\"Hamra Fouzia\",\"image\":{\"@type\":\"ImageObject\",\"inLanguage\":\"fr-FR\",\"@id\":\"https:\/\/elmawkie.dz\/fr\/#\/schema\/person\/image\/\",\"url\":\"https:\/\/secure.gravatar.com\/avatar\/ea215268aad51f3219f9a59227db6fa1?s=96&d=mm&r=g\",\"contentUrl\":\"https:\/\/secure.gravatar.com\/avatar\/ea215268aad51f3219f9a59227db6fa1?s=96&d=mm&r=g\",\"caption\":\"Hamra Fouzia\"},\"sameAs\":[\"https:\/\/elmawkie.dz\/fr\"],\"url\":\"https:\/\/elmawkie.dz\/fr\/author\/elmawkie\/\"}]}<\/script>\n<!-- \/ Yoast SEO Premium plugin. -->","yoast_head_json":{"title":"Vers la concr\u00e9tisation du projet de transport de l'hydrog\u00e8ne vert de l'Alg\u00e9rie vers l'Europe - El Mawkie","robots":{"index":"index","follow":"follow","max-snippet":"max-snippet:-1","max-image-preview":"max-image-preview:large","max-video-preview":"max-video-preview:-1"},"canonical":"https:\/\/elmawkie.dz\/fr\/vers-la-concretisation-du-projet-de-transport-de-lhydrogene-vert-de-lalgerie-vers-leurope\/","og_locale":"fr_FR","og_type":"article","og_title":"Vers la concr\u00e9tisation du projet de transport de l'hydrog\u00e8ne vert de l'Alg\u00e9rie vers l'Europe","og_description":"Le groupe Sonatrach a annonc\u00e9, lundi dans un communiqu\u00e9, que les parties concern\u00e9es par le projet de transport de l&rsquo;hydrog\u00e8ne vert produit en l&rsquo;Alg\u00e9rie vers l&rsquo;Europe (SoutH2 Corridor), se sont accord\u00e9es sur la signature, courant septembre 2024, d&rsquo;un protocole d&rsquo;entente pour la r\u00e9alisation conjointe d&rsquo;\u00e9tudes de faisabilit\u00e9 relatives \u00e0 la mise en \u0153uvre de ce &hellip;","og_url":"https:\/\/elmawkie.dz\/fr\/vers-la-concretisation-du-projet-de-transport-de-lhydrogene-vert-de-lalgerie-vers-leurope\/","og_site_name":"El Mawkie","article_publisher":"https:\/\/www.facebook.com\/profile.php?id=100088407094989&locale=fr_FR","article_published_time":"2024-07-22T23:01:01+00:00","article_modified_time":"2024-08-22T20:40:28+00:00","og_image":[{"width":565,"height":344,"url":"https:\/\/elmawkie.dz\/fr\/wp-content\/uploads\/2024\/07\/14b5c15f-fa47-41f8-abcf-170826589915.jpeg","type":"image\/jpeg"}],"author":"Hamra Fouzia","twitter_card":"summary_large_image","twitter_misc":{"Written by":"Hamra Fouzia","Est. reading time":"2 minutes"},"schema":{"@context":"https:\/\/schema.org","@graph":[{"@type":"Article","@id":"https:\/\/elmawkie.dz\/fr\/vers-la-concretisation-du-projet-de-transport-de-lhydrogene-vert-de-lalgerie-vers-leurope\/#article","isPartOf":{"@id":"https:\/\/elmawkie.dz\/fr\/vers-la-concretisation-du-projet-de-transport-de-lhydrogene-vert-de-lalgerie-vers-leurope\/"},"author":{"name":"Hamra Fouzia","@id":"https:\/\/elmawkie.dz\/fr\/#\/schema\/person\/4ed8433201bc23634185d8dd37097c64"},"headline":"Vers la concr\u00e9tisation du projet de transport de l&rsquo;hydrog\u00e8ne vert de l&rsquo;Alg\u00e9rie vers l&rsquo;Europe","datePublished":"2024-07-22T23:01:01+00:00","dateModified":"2024-08-22T20:40:28+00:00","mainEntityOfPage":{"@id":"https:\/\/elmawkie.dz\/fr\/vers-la-concretisation-du-projet-de-transport-de-lhydrogene-vert-de-lalgerie-vers-leurope\/"},"wordCount":367,"commentCount":0,"publisher":{"@id":"https:\/\/elmawkie.dz\/fr\/#organization"},"image":{"@id":"https:\/\/elmawkie.dz\/fr\/vers-la-concretisation-du-projet-de-transport-de-lhydrogene-vert-de-lalgerie-vers-leurope\/#primaryimage"},"thumbnailUrl":"https:\/\/elmawkie.dz\/fr\/wp-content\/uploads\/2024\/07\/14b5c15f-fa47-41f8-abcf-170826589915.jpeg","articleSection":["National"],"inLanguage":"fr-FR","potentialAction":[{"@type":"CommentAction","name":"Comment","target":["https:\/\/elmawkie.dz\/fr\/vers-la-concretisation-du-projet-de-transport-de-lhydrogene-vert-de-lalgerie-vers-leurope\/#respond"]}]},{"@type":"WebPage","@id":"https:\/\/elmawkie.dz\/fr\/vers-la-concretisation-du-projet-de-transport-de-lhydrogene-vert-de-lalgerie-vers-leurope\/","url":"https:\/\/elmawkie.dz\/fr\/vers-la-concretisation-du-projet-de-transport-de-lhydrogene-vert-de-lalgerie-vers-leurope\/","name":"Vers la concr\u00e9tisation du projet de transport de l'hydrog\u00e8ne vert de l'Alg\u00e9rie vers l'Europe - El Mawkie","isPartOf":{"@id":"https:\/\/elmawkie.dz\/fr\/#website"},"primaryImageOfPage":{"@id":"https:\/\/elmawkie.dz\/fr\/vers-la-concretisation-du-projet-de-transport-de-lhydrogene-vert-de-lalgerie-vers-leurope\/#primaryimage"},"image":{"@id":"https:\/\/elmawkie.dz\/fr\/vers-la-concretisation-du-projet-de-transport-de-lhydrogene-vert-de-lalgerie-vers-leurope\/#primaryimage"},"thumbnailUrl":"https:\/\/elmawkie.dz\/fr\/wp-content\/uploads\/2024\/07\/14b5c15f-fa47-41f8-abcf-170826589915.jpeg","datePublished":"2024-07-22T23:01:01+00:00","dateModified":"2024-08-22T20:40:28+00:00","breadcrumb":{"@id":"https:\/\/elmawkie.dz\/fr\/vers-la-concretisation-du-projet-de-transport-de-lhydrogene-vert-de-lalgerie-vers-leurope\/#breadcrumb"},"inLanguage":"fr-FR","potentialAction":[{"@type":"ReadAction","target":["https:\/\/elmawkie.dz\/fr\/vers-la-concretisation-du-projet-de-transport-de-lhydrogene-vert-de-lalgerie-vers-leurope\/"]}]},{"@type":"ImageObject","inLanguage":"fr-FR","@id":"https:\/\/elmawkie.dz\/fr\/vers-la-concretisation-du-projet-de-transport-de-lhydrogene-vert-de-lalgerie-vers-leurope\/#primaryimage","url":"https:\/\/elmawkie.dz\/fr\/wp-content\/uploads\/2024\/07\/14b5c15f-fa47-41f8-abcf-170826589915.jpeg","contentUrl":"https:\/\/elmawkie.dz\/fr\/wp-content\/uploads\/2024\/07\/14b5c15f-fa47-41f8-abcf-170826589915.jpeg","width":565,"height":344},{"@type":"BreadcrumbList","@id":"https:\/\/elmawkie.dz\/fr\/vers-la-concretisation-du-projet-de-transport-de-lhydrogene-vert-de-lalgerie-vers-leurope\/#breadcrumb","itemListElement":[{"@type":"ListItem","position":1,"name":"Home","item":"https:\/\/elmawkie.dz\/fr\/"},{"@type":"ListItem","position":2,"name":"Vers la concr\u00e9tisation du projet de transport de l&rsquo;hydrog\u00e8ne vert de l&rsquo;Alg\u00e9rie vers l&rsquo;Europe"}]},{"@type":"WebSite","@id":"https:\/\/elmawkie.dz\/fr\/#website","url":"https:\/\/elmawkie.dz\/fr\/","name":"EL MAWKIE","description":"Journal \u00c9lectronique Alg\u00e9rien","publisher":{"@id":"https:\/\/elmawkie.dz\/fr\/#organization"},"potentialAction":[{"@type":"SearchAction","target":{"@type":"EntryPoint","urlTemplate":"https:\/\/elmawkie.dz\/fr\/?s={search_term_string}"},"query-input":"required name=search_term_string"}],"inLanguage":"fr-FR"},{"@type":"Organization","@id":"https:\/\/elmawkie.dz\/fr\/#organization","name":"EL MAWKIE","url":"https:\/\/elmawkie.dz\/fr\/","logo":{"@type":"ImageObject","inLanguage":"fr-FR","@id":"https:\/\/elmawkie.dz\/fr\/#\/schema\/logo\/image\/","url":"https:\/\/elmawkie.dz\/fr\/wp-content\/uploads\/2024\/05\/logo1.png","contentUrl":"https:\/\/elmawkie.dz\/fr\/wp-content\/uploads\/2024\/05\/logo1.png","width":1648,"height":652,"caption":"EL MAWKIE"},"image":{"@id":"https:\/\/elmawkie.dz\/fr\/#\/schema\/logo\/image\/"},"sameAs":["https:\/\/www.facebook.com\/profile.php?id=100088407094989&locale=fr_FR"]},{"@type":"Person","@id":"https:\/\/elmawkie.dz\/fr\/#\/schema\/person\/4ed8433201bc23634185d8dd37097c64","name":"Hamra Fouzia","image":{"@type":"ImageObject","inLanguage":"fr-FR","@id":"https:\/\/elmawkie.dz\/fr\/#\/schema\/person\/image\/","url":"https:\/\/secure.gravatar.com\/avatar\/ea215268aad51f3219f9a59227db6fa1?s=96&d=mm&r=g","contentUrl":"https:\/\/secure.gravatar.com\/avatar\/ea215268aad51f3219f9a59227db6fa1?s=96&d=mm&r=g","caption":"Hamra Fouzia"},"sameAs":["https:\/\/elmawkie.dz\/fr"],"url":"https:\/\/elmawkie.dz\/fr\/author\/elmawkie\/"}]}},"_links":{"self":[{"href":"https:\/\/elmawkie.dz\/fr\/wp-json\/wp\/v2\/posts\/3183","targetHints":{"allow":["GET"]}}],"collection":[{"href":"https:\/\/elmawkie.dz\/fr\/wp-json\/wp\/v2\/posts"}],"about":[{"href":"https:\/\/elmawkie.dz\/fr\/wp-json\/wp\/v2\/types\/post"}],"author":[{"embeddable":true,"href":"https:\/\/elmawkie.dz\/fr\/wp-json\/wp\/v2\/users\/3"}],"replies":[{"embeddable":true,"href":"https:\/\/elmawkie.dz\/fr\/wp-json\/wp\/v2\/comments?post=3183"}],"version-history":[{"count":0,"href":"https:\/\/elmawkie.dz\/fr\/wp-json\/wp\/v2\/posts\/3183\/revisions"}],"wp:featuredmedia":[{"embeddable":true,"href":"https:\/\/elmawkie.dz\/fr\/wp-json\/wp\/v2\/media\/4152"}],"wp:attachment":[{"href":"https:\/\/elmawkie.dz\/fr\/wp-json\/wp\/v2\/media?parent=3183"}],"wp:term":[{"taxonomy":"category","embeddable":true,"href":"https:\/\/elmawkie.dz\/fr\/wp-json\/wp\/v2\/categories?post=3183"},{"taxonomy":"post_tag","embeddable":true,"href":"https:\/\/elmawkie.dz\/fr\/wp-json\/wp\/v2\/tags?post=3183"}],"curies":[{"name":"wp","href":"https:\/\/api.w.org\/{rel}","templated":true}]}}