{"id":3174,"date":"2024-07-22T19:05:51","date_gmt":"2024-07-22T18:05:51","guid":{"rendered":"https:\/\/elmawkie.dz\/fr\/?p=3174"},"modified":"2024-07-22T19:05:51","modified_gmt":"2024-07-22T18:05:51","slug":"debut-mardi-des-inscriptions-universitaires-pour-les-nouveaux-bacheliers","status":"publish","type":"post","link":"https:\/\/elmawkie.dz\/fr\/debut-mardi-des-inscriptions-universitaires-pour-les-nouveaux-bacheliers\/","title":{"rendered":"D\u00e9but, mardi, des inscriptions universitaires pour les nouveaux bacheliers"},"content":{"rendered":"<p style=\"font-weight: 400;\"><b><strong>Le minist\u00e8re de l&rsquo;Enseignement sup\u00e9rieur et de la Recherche scientifique a annonc\u00e9 que les premi\u00e8res inscriptions universitaires pour les nouveaux bacheliers d\u00e9buteront demain mardi \u00e0 14h00, selon un communiqu\u00e9 du minist\u00e8re publi\u00e9 ce lundi.<\/strong><\/b><\/p>\n<p style=\"font-weight: 400;\">\u00ab Le minist\u00e8re de l&rsquo;Enseignement sup\u00e9rieur et de la Recherche scientifique annonce que les premi\u00e8res inscriptions universitaires pour les bacheliers 2024 d\u00e9buteront le 23 juillet \u00e0 14h00 \u00bb, indique le communiqu\u00e9.<\/p>\n<p style=\"font-weight: 400;\">\u00ab Les inscriptions se poursuivront jusqu&rsquo;au 27 juillet \u00e0 minuit. \u00ab L&rsquo;inscription peut se faire via le lien d\u00e9di\u00e9, ou en scannant le QR code \u00bb, conclut la source.<\/p>\n","protected":false},"excerpt":{"rendered":"<p>Le minist\u00e8re de l&rsquo;Enseignement sup\u00e9rieur et de la Recherche scientifique a annonc\u00e9 que les premi\u00e8res inscriptions universitaires pour les nouveaux bacheliers d\u00e9buteront demain mardi \u00e0 14h00, selon un communiqu\u00e9 du minist\u00e8re publi\u00e9 ce lundi. \u00ab Le minist\u00e8re de l&rsquo;Enseignement sup\u00e9rieur et de la Recherche scientifique annonce que les premi\u00e8res inscriptions universitaires pour les bacheliers 2024 &hellip;<\/p>\n","protected":false},"author":3,"featured_media":3175,"comment_status":"open","ping_status":"open","sticky":false,"template":"","format":"standard","meta":{"footnotes":""},"categories":[47],"tags":[],"class_list":["post-3174","post","type-post","status-publish","format-standard","has-post-thumbnail","hentry","category-national"],"yoast_head":"<!-- This site is optimized with the Yoast SEO Premium plugin v22.6 (Yoast SEO v22.6) - https:\/\/yoast.com\/wordpress\/plugins\/seo\/ -->\n<title>D\u00e9but, mardi, des inscriptions universitaires pour les nouveaux bacheliers - El Mawkie<\/title>\n<meta name=\"robots\" content=\"index, follow, max-snippet:-1, max-image-preview:large, max-video-preview:-1\" \/>\n<link rel=\"canonical\" href=\"https:\/\/elmawkie.dz\/fr\/debut-mardi-des-inscriptions-universitaires-pour-les-nouveaux-bacheliers\/\" \/>\n<meta property=\"og:locale\" content=\"fr_FR\" \/>\n<meta property=\"og:type\" content=\"article\" \/>\n<meta property=\"og:title\" content=\"D\u00e9but, mardi, des inscriptions universitaires pour les nouveaux bacheliers\" \/>\n<meta property=\"og:description\" content=\"Le minist\u00e8re de l&rsquo;Enseignement sup\u00e9rieur et de la Recherche scientifique a annonc\u00e9 que les premi\u00e8res inscriptions universitaires pour les nouveaux bacheliers d\u00e9buteront demain mardi \u00e0 14h00, selon un communiqu\u00e9 du minist\u00e8re publi\u00e9 ce lundi. \u00ab Le minist\u00e8re de l&rsquo;Enseignement sup\u00e9rieur et de la Recherche scientifique annonce que les premi\u00e8res inscriptions universitaires pour les bacheliers 2024 &hellip;\" \/>\n<meta property=\"og:url\" content=\"https:\/\/elmawkie.dz\/fr\/debut-mardi-des-inscriptions-universitaires-pour-les-nouveaux-bacheliers\/\" \/>\n<meta property=\"og:site_name\" content=\"El Mawkie\" \/>\n<meta property=\"article:publisher\" content=\"https:\/\/www.facebook.com\/profile.php?id=100088407094989&amp;locale=fr_FR\" \/>\n<meta property=\"article:published_time\" content=\"2024-07-22T18:05:51+00:00\" \/>\n<meta property=\"og:image\" content=\"https:\/\/elmawkie.dz\/fr\/wp-content\/uploads\/2024\/07\/b49f1843fc93a55007a23c785bfcaa01.jpg\" \/>\n\t<meta property=\"og:image:width\" content=\"745\" \/>\n\t<meta property=\"og:image:height\" content=\"470\" \/>\n\t<meta property=\"og:image:type\" content=\"image\/jpeg\" \/>\n<meta name=\"author\" content=\"Hamra Fouzia\" \/>\n<meta name=\"twitter:card\" content=\"summary_large_image\" \/>\n<meta name=\"twitter:label1\" content=\"Written by\" \/>\n\t<meta name=\"twitter:data1\" content=\"Hamra Fouzia\" \/>\n<script type=\"application\/ld+json\" class=\"yoast-schema-graph\">{\"@context\":\"https:\/\/schema.org\",\"@graph\":[{\"@type\":\"Article\",\"@id\":\"https:\/\/elmawkie.dz\/fr\/debut-mardi-des-inscriptions-universitaires-pour-les-nouveaux-bacheliers\/#article\",\"isPartOf\":{\"@id\":\"https:\/\/elmawkie.dz\/fr\/debut-mardi-des-inscriptions-universitaires-pour-les-nouveaux-bacheliers\/\"},\"author\":{\"name\":\"Hamra Fouzia\",\"@id\":\"https:\/\/elmawkie.dz\/fr\/#\/schema\/person\/4ed8433201bc23634185d8dd37097c64\"},\"headline\":\"D\u00e9but, mardi, des inscriptions universitaires pour les nouveaux bacheliers\",\"datePublished\":\"2024-07-22T18:05:51+00:00\",\"dateModified\":\"2024-07-22T18:05:51+00:00\",\"mainEntityOfPage\":{\"@id\":\"https:\/\/elmawkie.dz\/fr\/debut-mardi-des-inscriptions-universitaires-pour-les-nouveaux-bacheliers\/\"},\"wordCount\":107,\"commentCount\":0,\"publisher\":{\"@id\":\"https:\/\/elmawkie.dz\/fr\/#organization\"},\"image\":{\"@id\":\"https:\/\/elmawkie.dz\/fr\/debut-mardi-des-inscriptions-universitaires-pour-les-nouveaux-bacheliers\/#primaryimage\"},\"thumbnailUrl\":\"https:\/\/elmawkie.dz\/fr\/wp-content\/uploads\/2024\/07\/b49f1843fc93a55007a23c785bfcaa01.jpg\",\"articleSection\":[\"National\"],\"inLanguage\":\"fr-FR\",\"potentialAction\":[{\"@type\":\"CommentAction\",\"name\":\"Comment\",\"target\":[\"https:\/\/elmawkie.dz\/fr\/debut-mardi-des-inscriptions-universitaires-pour-les-nouveaux-bacheliers\/#respond\"]}]},{\"@type\":\"WebPage\",\"@id\":\"https:\/\/elmawkie.dz\/fr\/debut-mardi-des-inscriptions-universitaires-pour-les-nouveaux-bacheliers\/\",\"url\":\"https:\/\/elmawkie.dz\/fr\/debut-mardi-des-inscriptions-universitaires-pour-les-nouveaux-bacheliers\/\",\"name\":\"D\u00e9but, mardi, des inscriptions universitaires pour les nouveaux bacheliers - El Mawkie\",\"isPartOf\":{\"@id\":\"https:\/\/elmawkie.dz\/fr\/#website\"},\"primaryImageOfPage\":{\"@id\":\"https:\/\/elmawkie.dz\/fr\/debut-mardi-des-inscriptions-universitaires-pour-les-nouveaux-bacheliers\/#primaryimage\"},\"image\":{\"@id\":\"https:\/\/elmawkie.dz\/fr\/debut-mardi-des-inscriptions-universitaires-pour-les-nouveaux-bacheliers\/#primaryimage\"},\"thumbnailUrl\":\"https:\/\/elmawkie.dz\/fr\/wp-content\/uploads\/2024\/07\/b49f1843fc93a55007a23c785bfcaa01.jpg\",\"datePublished\":\"2024-07-22T18:05:51+00:00\",\"dateModified\":\"2024-07-22T18:05:51+00:00\",\"breadcrumb\":{\"@id\":\"https:\/\/elmawkie.dz\/fr\/debut-mardi-des-inscriptions-universitaires-pour-les-nouveaux-bacheliers\/#breadcrumb\"},\"inLanguage\":\"fr-FR\",\"potentialAction\":[{\"@type\":\"ReadAction\",\"target\":[\"https:\/\/elmawkie.dz\/fr\/debut-mardi-des-inscriptions-universitaires-pour-les-nouveaux-bacheliers\/\"]}]},{\"@type\":\"ImageObject\",\"inLanguage\":\"fr-FR\",\"@id\":\"https:\/\/elmawkie.dz\/fr\/debut-mardi-des-inscriptions-universitaires-pour-les-nouveaux-bacheliers\/#primaryimage\",\"url\":\"https:\/\/elmawkie.dz\/fr\/wp-content\/uploads\/2024\/07\/b49f1843fc93a55007a23c785bfcaa01.jpg\",\"contentUrl\":\"https:\/\/elmawkie.dz\/fr\/wp-content\/uploads\/2024\/07\/b49f1843fc93a55007a23c785bfcaa01.jpg\",\"width\":745,\"height\":470},{\"@type\":\"BreadcrumbList\",\"@id\":\"https:\/\/elmawkie.dz\/fr\/debut-mardi-des-inscriptions-universitaires-pour-les-nouveaux-bacheliers\/#breadcrumb\",\"itemListElement\":[{\"@type\":\"ListItem\",\"position\":1,\"name\":\"Home\",\"item\":\"https:\/\/elmawkie.dz\/fr\/\"},{\"@type\":\"ListItem\",\"position\":2,\"name\":\"D\u00e9but, mardi, des inscriptions universitaires pour les nouveaux bacheliers\"}]},{\"@type\":\"WebSite\",\"@id\":\"https:\/\/elmawkie.dz\/fr\/#website\",\"url\":\"https:\/\/elmawkie.dz\/fr\/\",\"name\":\"EL MAWKIE\",\"description\":\"Journal \u00c9lectronique Alg\u00e9rien\",\"publisher\":{\"@id\":\"https:\/\/elmawkie.dz\/fr\/#organization\"},\"potentialAction\":[{\"@type\":\"SearchAction\",\"target\":{\"@type\":\"EntryPoint\",\"urlTemplate\":\"https:\/\/elmawkie.dz\/fr\/?s={search_term_string}\"},\"query-input\":\"required name=search_term_string\"}],\"inLanguage\":\"fr-FR\"},{\"@type\":\"Organization\",\"@id\":\"https:\/\/elmawkie.dz\/fr\/#organization\",\"name\":\"EL MAWKIE\",\"url\":\"https:\/\/elmawkie.dz\/fr\/\",\"logo\":{\"@type\":\"ImageObject\",\"inLanguage\":\"fr-FR\",\"@id\":\"https:\/\/elmawkie.dz\/fr\/#\/schema\/logo\/image\/\",\"url\":\"https:\/\/elmawkie.dz\/fr\/wp-content\/uploads\/2024\/05\/logo1.png\",\"contentUrl\":\"https:\/\/elmawkie.dz\/fr\/wp-content\/uploads\/2024\/05\/logo1.png\",\"width\":1648,\"height\":652,\"caption\":\"EL MAWKIE\"},\"image\":{\"@id\":\"https:\/\/elmawkie.dz\/fr\/#\/schema\/logo\/image\/\"},\"sameAs\":[\"https:\/\/www.facebook.com\/profile.php?id=100088407094989&locale=fr_FR\"]},{\"@type\":\"Person\",\"@id\":\"https:\/\/elmawkie.dz\/fr\/#\/schema\/person\/4ed8433201bc23634185d8dd37097c64\",\"name\":\"Hamra Fouzia\",\"image\":{\"@type\":\"ImageObject\",\"inLanguage\":\"fr-FR\",\"@id\":\"https:\/\/elmawkie.dz\/fr\/#\/schema\/person\/image\/\",\"url\":\"https:\/\/secure.gravatar.com\/avatar\/ea215268aad51f3219f9a59227db6fa1?s=96&d=mm&r=g\",\"contentUrl\":\"https:\/\/secure.gravatar.com\/avatar\/ea215268aad51f3219f9a59227db6fa1?s=96&d=mm&r=g\",\"caption\":\"Hamra Fouzia\"},\"sameAs\":[\"https:\/\/elmawkie.dz\/fr\"],\"url\":\"https:\/\/elmawkie.dz\/fr\/author\/elmawkie\/\"}]}<\/script>\n<!-- \/ Yoast SEO Premium plugin. -->","yoast_head_json":{"title":"D\u00e9but, mardi, des inscriptions universitaires pour les nouveaux bacheliers - El Mawkie","robots":{"index":"index","follow":"follow","max-snippet":"max-snippet:-1","max-image-preview":"max-image-preview:large","max-video-preview":"max-video-preview:-1"},"canonical":"https:\/\/elmawkie.dz\/fr\/debut-mardi-des-inscriptions-universitaires-pour-les-nouveaux-bacheliers\/","og_locale":"fr_FR","og_type":"article","og_title":"D\u00e9but, mardi, des inscriptions universitaires pour les nouveaux bacheliers","og_description":"Le minist\u00e8re de l&rsquo;Enseignement sup\u00e9rieur et de la Recherche scientifique a annonc\u00e9 que les premi\u00e8res inscriptions universitaires pour les nouveaux bacheliers d\u00e9buteront demain mardi \u00e0 14h00, selon un communiqu\u00e9 du minist\u00e8re publi\u00e9 ce lundi. \u00ab Le minist\u00e8re de l&rsquo;Enseignement sup\u00e9rieur et de la Recherche scientifique annonce que les premi\u00e8res inscriptions universitaires pour les bacheliers 2024 &hellip;","og_url":"https:\/\/elmawkie.dz\/fr\/debut-mardi-des-inscriptions-universitaires-pour-les-nouveaux-bacheliers\/","og_site_name":"El Mawkie","article_publisher":"https:\/\/www.facebook.com\/profile.php?id=100088407094989&locale=fr_FR","article_published_time":"2024-07-22T18:05:51+00:00","og_image":[{"width":745,"height":470,"url":"https:\/\/elmawkie.dz\/fr\/wp-content\/uploads\/2024\/07\/b49f1843fc93a55007a23c785bfcaa01.jpg","type":"image\/jpeg"}],"author":"Hamra Fouzia","twitter_card":"summary_large_image","twitter_misc":{"Written by":"Hamra Fouzia"},"schema":{"@context":"https:\/\/schema.org","@graph":[{"@type":"Article","@id":"https:\/\/elmawkie.dz\/fr\/debut-mardi-des-inscriptions-universitaires-pour-les-nouveaux-bacheliers\/#article","isPartOf":{"@id":"https:\/\/elmawkie.dz\/fr\/debut-mardi-des-inscriptions-universitaires-pour-les-nouveaux-bacheliers\/"},"author":{"name":"Hamra Fouzia","@id":"https:\/\/elmawkie.dz\/fr\/#\/schema\/person\/4ed8433201bc23634185d8dd37097c64"},"headline":"D\u00e9but, mardi, des inscriptions universitaires pour les nouveaux bacheliers","datePublished":"2024-07-22T18:05:51+00:00","dateModified":"2024-07-22T18:05:51+00:00","mainEntityOfPage":{"@id":"https:\/\/elmawkie.dz\/fr\/debut-mardi-des-inscriptions-universitaires-pour-les-nouveaux-bacheliers\/"},"wordCount":107,"commentCount":0,"publisher":{"@id":"https:\/\/elmawkie.dz\/fr\/#organization"},"image":{"@id":"https:\/\/elmawkie.dz\/fr\/debut-mardi-des-inscriptions-universitaires-pour-les-nouveaux-bacheliers\/#primaryimage"},"thumbnailUrl":"https:\/\/elmawkie.dz\/fr\/wp-content\/uploads\/2024\/07\/b49f1843fc93a55007a23c785bfcaa01.jpg","articleSection":["National"],"inLanguage":"fr-FR","potentialAction":[{"@type":"CommentAction","name":"Comment","target":["https:\/\/elmawkie.dz\/fr\/debut-mardi-des-inscriptions-universitaires-pour-les-nouveaux-bacheliers\/#respond"]}]},{"@type":"WebPage","@id":"https:\/\/elmawkie.dz\/fr\/debut-mardi-des-inscriptions-universitaires-pour-les-nouveaux-bacheliers\/","url":"https:\/\/elmawkie.dz\/fr\/debut-mardi-des-inscriptions-universitaires-pour-les-nouveaux-bacheliers\/","name":"D\u00e9but, mardi, des inscriptions universitaires pour les nouveaux bacheliers - El Mawkie","isPartOf":{"@id":"https:\/\/elmawkie.dz\/fr\/#website"},"primaryImageOfPage":{"@id":"https:\/\/elmawkie.dz\/fr\/debut-mardi-des-inscriptions-universitaires-pour-les-nouveaux-bacheliers\/#primaryimage"},"image":{"@id":"https:\/\/elmawkie.dz\/fr\/debut-mardi-des-inscriptions-universitaires-pour-les-nouveaux-bacheliers\/#primaryimage"},"thumbnailUrl":"https:\/\/elmawkie.dz\/fr\/wp-content\/uploads\/2024\/07\/b49f1843fc93a55007a23c785bfcaa01.jpg","datePublished":"2024-07-22T18:05:51+00:00","dateModified":"2024-07-22T18:05:51+00:00","breadcrumb":{"@id":"https:\/\/elmawkie.dz\/fr\/debut-mardi-des-inscriptions-universitaires-pour-les-nouveaux-bacheliers\/#breadcrumb"},"inLanguage":"fr-FR","potentialAction":[{"@type":"ReadAction","target":["https:\/\/elmawkie.dz\/fr\/debut-mardi-des-inscriptions-universitaires-pour-les-nouveaux-bacheliers\/"]}]},{"@type":"ImageObject","inLanguage":"fr-FR","@id":"https:\/\/elmawkie.dz\/fr\/debut-mardi-des-inscriptions-universitaires-pour-les-nouveaux-bacheliers\/#primaryimage","url":"https:\/\/elmawkie.dz\/fr\/wp-content\/uploads\/2024\/07\/b49f1843fc93a55007a23c785bfcaa01.jpg","contentUrl":"https:\/\/elmawkie.dz\/fr\/wp-content\/uploads\/2024\/07\/b49f1843fc93a55007a23c785bfcaa01.jpg","width":745,"height":470},{"@type":"BreadcrumbList","@id":"https:\/\/elmawkie.dz\/fr\/debut-mardi-des-inscriptions-universitaires-pour-les-nouveaux-bacheliers\/#breadcrumb","itemListElement":[{"@type":"ListItem","position":1,"name":"Home","item":"https:\/\/elmawkie.dz\/fr\/"},{"@type":"ListItem","position":2,"name":"D\u00e9but, mardi, des inscriptions universitaires pour les nouveaux bacheliers"}]},{"@type":"WebSite","@id":"https:\/\/elmawkie.dz\/fr\/#website","url":"https:\/\/elmawkie.dz\/fr\/","name":"EL MAWKIE","description":"Journal \u00c9lectronique Alg\u00e9rien","publisher":{"@id":"https:\/\/elmawkie.dz\/fr\/#organization"},"potentialAction":[{"@type":"SearchAction","target":{"@type":"EntryPoint","urlTemplate":"https:\/\/elmawkie.dz\/fr\/?s={search_term_string}"},"query-input":"required name=search_term_string"}],"inLanguage":"fr-FR"},{"@type":"Organization","@id":"https:\/\/elmawkie.dz\/fr\/#organization","name":"EL MAWKIE","url":"https:\/\/elmawkie.dz\/fr\/","logo":{"@type":"ImageObject","inLanguage":"fr-FR","@id":"https:\/\/elmawkie.dz\/fr\/#\/schema\/logo\/image\/","url":"https:\/\/elmawkie.dz\/fr\/wp-content\/uploads\/2024\/05\/logo1.png","contentUrl":"https:\/\/elmawkie.dz\/fr\/wp-content\/uploads\/2024\/05\/logo1.png","width":1648,"height":652,"caption":"EL MAWKIE"},"image":{"@id":"https:\/\/elmawkie.dz\/fr\/#\/schema\/logo\/image\/"},"sameAs":["https:\/\/www.facebook.com\/profile.php?id=100088407094989&locale=fr_FR"]},{"@type":"Person","@id":"https:\/\/elmawkie.dz\/fr\/#\/schema\/person\/4ed8433201bc23634185d8dd37097c64","name":"Hamra Fouzia","image":{"@type":"ImageObject","inLanguage":"fr-FR","@id":"https:\/\/elmawkie.dz\/fr\/#\/schema\/person\/image\/","url":"https:\/\/secure.gravatar.com\/avatar\/ea215268aad51f3219f9a59227db6fa1?s=96&d=mm&r=g","contentUrl":"https:\/\/secure.gravatar.com\/avatar\/ea215268aad51f3219f9a59227db6fa1?s=96&d=mm&r=g","caption":"Hamra Fouzia"},"sameAs":["https:\/\/elmawkie.dz\/fr"],"url":"https:\/\/elmawkie.dz\/fr\/author\/elmawkie\/"}]}},"_links":{"self":[{"href":"https:\/\/elmawkie.dz\/fr\/wp-json\/wp\/v2\/posts\/3174","targetHints":{"allow":["GET"]}}],"collection":[{"href":"https:\/\/elmawkie.dz\/fr\/wp-json\/wp\/v2\/posts"}],"about":[{"href":"https:\/\/elmawkie.dz\/fr\/wp-json\/wp\/v2\/types\/post"}],"author":[{"embeddable":true,"href":"https:\/\/elmawkie.dz\/fr\/wp-json\/wp\/v2\/users\/3"}],"replies":[{"embeddable":true,"href":"https:\/\/elmawkie.dz\/fr\/wp-json\/wp\/v2\/comments?post=3174"}],"version-history":[{"count":0,"href":"https:\/\/elmawkie.dz\/fr\/wp-json\/wp\/v2\/posts\/3174\/revisions"}],"wp:featuredmedia":[{"embeddable":true,"href":"https:\/\/elmawkie.dz\/fr\/wp-json\/wp\/v2\/media\/3175"}],"wp:attachment":[{"href":"https:\/\/elmawkie.dz\/fr\/wp-json\/wp\/v2\/media?parent=3174"}],"wp:term":[{"taxonomy":"category","embeddable":true,"href":"https:\/\/elmawkie.dz\/fr\/wp-json\/wp\/v2\/categories?post=3174"},{"taxonomy":"post_tag","embeddable":true,"href":"https:\/\/elmawkie.dz\/fr\/wp-json\/wp\/v2\/tags?post=3174"}],"curies":[{"name":"wp","href":"https:\/\/api.w.org\/{rel}","templated":true}]}}