{"id":3167,"date":"2024-07-22T19:01:08","date_gmt":"2024-07-22T18:01:08","guid":{"rendered":"https:\/\/elmawkie.dz\/fr\/?p=3167"},"modified":"2024-07-22T19:01:25","modified_gmt":"2024-07-22T18:01:25","slug":"sonatrach-lancement-de-la-nouvelle-strategie-climat","status":"publish","type":"post","link":"https:\/\/elmawkie.dz\/fr\/sonatrach-lancement-de-la-nouvelle-strategie-climat\/","title":{"rendered":"Sonatrach : Lancement de la nouvelle strat\u00e9gie Climat"},"content":{"rendered":"<p><strong>Le groupe Sonatrach a lanc\u00e9, lundi, sa nouvelle strat\u00e9gie climatique, pr\u00e9voyant une s\u00e9rie de mesures et de projets, dont la r\u00e9duction des \u00e9missions des gaz \u00e0 effet de serre, l&rsquo;augmentation du niveau d&rsquo;int\u00e9gration des \u00e9nergies renouvelables, ainsi que le d\u00e9veloppement des solutions de s\u00e9questration naturelle et technologique du carbone.<\/strong><\/p>\n<p>La Nouvelle Strat\u00e9gie a \u00e9t\u00e9 sign\u00e9e au si\u00e8ge de la Direction g\u00e9n\u00e9rale du groupe, par son Pr\u00e9sident Directeur G\u00e9n\u00e9ral (PDG), M. Rachid Hachichi, en pr\u00e9sence des ministres de l&rsquo;Energie et des Mines, M. Mohamed Arkab, et de l&rsquo;Environnement et des Energie renouvelables, Mme Fazia Dahleb.<\/p>\n<p>La c\u00e9r\u00e9monie de signature a \u00e9galement vu la pr\u00e9sence des Pr\u00e9sidents de l&rsquo;Agence de r\u00e9gulation des hydrocarbures (ARH), et de l&rsquo;Agence nationale pour la valorisation des ressources en hydrocarbures (ALNAFT), outre, des repr\u00e9sentants d&rsquo;organismes concern\u00e9s par le climat et des cadres dirigeants du groupe Sonatrach.<\/p>\n<p><strong><em>La Strat\u00e9gie de Sonatrach s&rsquo;appuie sur l&rsquo;investissement, le renforcement des capacit\u00e9s, le transfert de technologie et la r\u00e9duction du torchage de gaz et des \u00e9missions du m\u00e9thane, ainsi que l&rsquo;int\u00e9gration progressive de diverses \u00e9nergies renouvelables dans le mix \u00e9nerg\u00e9tique, et le d\u00e9veloppement de nouvelles fili\u00e8res tels que les carburants \u00e0 faible teneur en carbone et l&rsquo;hydrog\u00e8ne vert.<\/em><\/strong><\/p>\n<p>Le groupe \u0153uvrera, en outre, \u00e0 promouvoir la recherche, le d\u00e9veloppement et l&rsquo;innovation dans les domaines concern\u00e9s en concluant nombre de partenariats strat\u00e9giques, parall\u00e8lement \u00e0 l&rsquo;instauration d&rsquo;une \u00ab\u00a0gouvernance climatique\u00a0\u00bb englobant l&rsquo;ensemble des processus, des politiques et des pratiques n\u00e9cessaires pour g\u00e9rer l&rsquo;impact des activit\u00e9s de l&rsquo;Entreprise sur le climat et minimiser ses risques sur l&rsquo;environnement.<\/p>\n<p>La Strat\u00e9gie vise \u00e9galement \u00e0 am\u00e9liorer l&rsquo;efficacit\u00e9 \u00e9nerg\u00e9tique des installations, \u00e0 d\u00e9velopper des r\u00e9servoirs naturels de captage du carbone gr\u00e2ce \u00e0 un ambitieux programme de boisement, et \u00e0 \u00e9tudier les solutions technologiques les plus s\u00fbres et les efficaces pour le captage du carbone.<\/p>\n<p>Le Groupe Sonatrach tend \u00e0 travers la nouvelle strat\u00e9gie Climat \u00e0 absorber les gaz \u00e0 effet de serre et \u00e0 les \u00e9liminer \u00ab\u00a0compl\u00e8tement\u00a0\u00bb \u00e0 travers les puits de carbone, au cours de la deuxi\u00e8me moiti\u00e9 du si\u00e8cle, selon les explications pr\u00e9sent\u00e9es \u00e0 cette occasion.<\/p>\n<p><strong><em>La strat\u00e9gie comprend, pratiquement, une s\u00e9rie de solutions pour r\u00e9cup\u00e9rer les gaz br\u00fbl\u00e9s dans les unit\u00e9s d&rsquo;exploitation, s&rsquo;ajoutant aux dix-neuf (19) projets qui ont \u00e9t\u00e9 lanc\u00e9s successivement depuis 2020, permettant ainsi, la r\u00e9duction des gaz \u00e0 effet de serre de 785.000 tonnes \u00e9quivalent CO2\/an.<\/em><\/strong><\/p>\n<p>En vertu de cette nouvelle strat\u00e9gie, Sonatrach recourra \u00e0 l&rsquo;Agence spatiale alg\u00e9rienne (ASAL) pour estimer le volume du gaz br\u00fbl\u00e9.<\/p>\n<p>Par ailleurs et dans le cadre du projet de Sonatrach relatif \u00e0 la plantation de plus de 400 millions d&rsquo;arbres, dont le co\u00fbt est estim\u00e9 \u00e0 un (1) milliard USD, un projet pilote sera lanc\u00e9 pour planter 10 millions d&rsquo;arbres sur une superficie de 13.000 hectares en deux (2) ans, dans l&rsquo;objectif d&rsquo;acqu\u00e9rir l&rsquo;exp\u00e9rience n\u00e9cessaire afin de r\u00e9ussir ce projet.<\/p>\n<p>Dans une allocution prononc\u00e9e \u00e0 l&rsquo;occasion, M. Arkab a affirm\u00e9 qu&rsquo;\u00e0 la faveur de cette nouvelle strat\u00e9gie, le secteur de l&rsquo;\u00e9nergie, affichait, par le biais de Sonatrach, \u00ab\u00a0un engagement tangible et remarquable en abordant efficacement les questions sur le climat et l&rsquo;environnement\u00a0\u00bb, relevant que cette strat\u00e9gie permettra \u00e0 mettre en \u00e9vidence les engagements de Sonatrach en mati\u00e8re de lutte contre le changement climatique, conform\u00e9ment aux engagements internationaux de l&rsquo;Alg\u00e9rie, notamment dans le cadre de la Convention de Paris.<\/p>\n<p>Pour le ministre de l&rsquo;Energie, cette strat\u00e9gie est \u00e0 m\u00eame de conf\u00e9rer davantage de clart\u00e9 aux diff\u00e9rentes d\u00e9marches entreprises, depuis des ann\u00e9es, par Sonatrach en mati\u00e8re de lutte contre le changement climatique.<\/p>\n<p>Arkab a rappel\u00e9, \u00e0 cette occasion, la participation du groupe Sonatrach \u00e0 de nombreuses initiatives mondiales pour la r\u00e9duction des \u00e9missions de gaz \u00e0 effet de serre ainsi que sa coop\u00e9ration avec la Banque mondiale et l&rsquo;ASAL en vue d&rsquo;am\u00e9liorer les techniques de mesure et de r\u00e9duire les \u00e9missions g\u00e9n\u00e9r\u00e9es par les activit\u00e9s p\u00e9troli\u00e8res et gazi\u00e8res.<\/p>\n<p><strong><em>La strat\u00e9gie climatique de Sonatrach consiste en la transition \u00e9nerg\u00e9tique \u00ab\u00a0progressive\u00a0\u00bb et l&rsquo;int\u00e9gration de l&rsquo;innovation technologique afin de limiter l&#8217;empreinte carbone, poursuit M. Arkab, affirmant que cette transition rev\u00eat \u00ab\u00a0une importance vitale\u00a0\u00bb pour le secteur.<\/em><\/strong><\/p>\n<p>S&rsquo;exprimant \u00e0 cette occasion, la ministre de l&rsquo;Environnement et des Energies renouvelables a qualifi\u00e9 l&rsquo;annonce de la nouvelle strat\u00e9gie climatique de Sonatrach \u00ab\u00a0d&rsquo;\u00e9v\u00e8nement important\u00a0\u00bb dans le domaine de la lutte contre le changement climatique en Alg\u00e9rie, \u00e9tant un acteur \u00e9nerg\u00e9tique \u00ab\u00a0principal\u00a0\u00bb tant sur le plan local qu&rsquo;international.<\/p>\n<p>En annon\u00e7ant sa nouvelle strat\u00e9gie, Sonatrach a franchi un pas important quant \u00e0 l&rsquo;engagement de l&rsquo;Alg\u00e9rie \u00e0 la r\u00e9duction des gaz \u00e0 effet de serre et \u00e0 la contribution \u00e0 la lutte contre le changement climatique, ajoute Mme Dahlab qui a relev\u00e9 que l&rsquo;engagement de Sonatrach \u00e0 r\u00e9duire les gaz br\u00fbl\u00e9s et son appui aux diverses initiatives \u00e9tait \u00ab\u00a0un grand pas pour limiter les \u00e9missions des gaz \u00e0 effet de serre dans notre pays\u00a0\u00bb.<\/p>\n<p>Elle a soulign\u00e9, dans ce sens, la n\u00e9cessit\u00e9 de soutenir cette d\u00e9marche et d'\u00a0\u00bben tirer profit dans nos rapports internationaux, notamment dans le cadre de la Convention de paris\u00a0\u00bb.<\/p>\n<p><strong><em>Dans son allocution, le PDG du groupe Sonatrach a affirm\u00e9 que sa firme \u00e9tait pleinement consciente de sa responsabilit\u00e9 et du r\u00f4le qu&rsquo;elle doit assumer dans la r\u00e9ponse globale \u00e0 apporter aux risques climatiques, affichant la d\u00e9termination de son groupe \u00e0 mobiliser toutes les capacit\u00e9s disponibles pour att\u00e9nuer le changement climatique et prot\u00e9ger l&rsquo;environnement.<\/em><\/strong><\/p>\n<p>Hachichi a tenu \u00e0 souligner que Sonatrach \u00ab\u00a0en sa qualit\u00e9 de leader du secteur des hydrocarbures, aspire \u00e0 donner l&rsquo;exemple et \u00e0 \u00eatre une r\u00e9f\u00e9rence en mati\u00e8re de responsabilit\u00e9 environnementale et climatique\u00a0\u00bb, ajoutant que son groupe \u00ab\u00a0s&rsquo;engage \u00e0 renforcer la transparence dans ses liens avec tous les partenaires et parties prenantes en rendant compte r\u00e9guli\u00e8rement des actions entreprises, des objectifs fix\u00e9s et des r\u00e9sultats obtenus\u00a0\u00bb.<\/p>\n","protected":false},"excerpt":{"rendered":"<p>Le groupe Sonatrach a lanc\u00e9, lundi, sa nouvelle strat\u00e9gie climatique, pr\u00e9voyant une s\u00e9rie de mesures et de projets, dont la r\u00e9duction des \u00e9missions des gaz \u00e0 effet de serre, l&rsquo;augmentation du niveau d&rsquo;int\u00e9gration des \u00e9nergies renouvelables, ainsi que le d\u00e9veloppement des solutions de s\u00e9questration naturelle et technologique du carbone. La Nouvelle Strat\u00e9gie a \u00e9t\u00e9 sign\u00e9e &hellip;<\/p>\n","protected":false},"author":3,"featured_media":3168,"comment_status":"open","ping_status":"open","sticky":false,"template":"","format":"standard","meta":{"footnotes":""},"categories":[47],"tags":[],"class_list":["post-3167","post","type-post","status-publish","format-standard","has-post-thumbnail","hentry","category-national"],"yoast_head":"<!-- This site is optimized with the Yoast SEO Premium plugin v22.6 (Yoast SEO v22.6) - https:\/\/yoast.com\/wordpress\/plugins\/seo\/ -->\n<title>Sonatrach : Lancement de la nouvelle strat\u00e9gie Climat - El Mawkie<\/title>\n<meta name=\"robots\" content=\"index, follow, max-snippet:-1, max-image-preview:large, max-video-preview:-1\" \/>\n<link rel=\"canonical\" href=\"https:\/\/elmawkie.dz\/fr\/sonatrach-lancement-de-la-nouvelle-strategie-climat\/\" \/>\n<meta property=\"og:locale\" content=\"fr_FR\" \/>\n<meta property=\"og:type\" content=\"article\" \/>\n<meta property=\"og:title\" content=\"Sonatrach : Lancement de la nouvelle strat\u00e9gie Climat\" \/>\n<meta property=\"og:description\" content=\"Le groupe Sonatrach a lanc\u00e9, lundi, sa nouvelle strat\u00e9gie climatique, pr\u00e9voyant une s\u00e9rie de mesures et de projets, dont la r\u00e9duction des \u00e9missions des gaz \u00e0 effet de serre, l&rsquo;augmentation du niveau d&rsquo;int\u00e9gration des \u00e9nergies renouvelables, ainsi que le d\u00e9veloppement des solutions de s\u00e9questration naturelle et technologique du carbone. La Nouvelle Strat\u00e9gie a \u00e9t\u00e9 sign\u00e9e &hellip;\" \/>\n<meta property=\"og:url\" content=\"https:\/\/elmawkie.dz\/fr\/sonatrach-lancement-de-la-nouvelle-strategie-climat\/\" \/>\n<meta property=\"og:site_name\" content=\"El Mawkie\" \/>\n<meta property=\"article:publisher\" content=\"https:\/\/www.facebook.com\/profile.php?id=100088407094989&amp;locale=fr_FR\" \/>\n<meta property=\"article:published_time\" content=\"2024-07-22T18:01:08+00:00\" \/>\n<meta property=\"article:modified_time\" content=\"2024-07-22T18:01:25+00:00\" \/>\n<meta property=\"og:image\" content=\"https:\/\/elmawkie.dz\/fr\/wp-content\/uploads\/2024\/07\/sonatrach-climat.jpg\" \/>\n\t<meta property=\"og:image:width\" content=\"1204\" \/>\n\t<meta property=\"og:image:height\" content=\"867\" \/>\n\t<meta property=\"og:image:type\" content=\"image\/jpeg\" \/>\n<meta name=\"author\" content=\"Hamra Fouzia\" \/>\n<meta name=\"twitter:card\" content=\"summary_large_image\" \/>\n<meta name=\"twitter:label1\" content=\"Written by\" \/>\n\t<meta name=\"twitter:data1\" content=\"Hamra Fouzia\" \/>\n\t<meta name=\"twitter:label2\" content=\"Est. reading time\" \/>\n\t<meta name=\"twitter:data2\" content=\"5 minutes\" \/>\n<script type=\"application\/ld+json\" class=\"yoast-schema-graph\">{\"@context\":\"https:\/\/schema.org\",\"@graph\":[{\"@type\":\"Article\",\"@id\":\"https:\/\/elmawkie.dz\/fr\/sonatrach-lancement-de-la-nouvelle-strategie-climat\/#article\",\"isPartOf\":{\"@id\":\"https:\/\/elmawkie.dz\/fr\/sonatrach-lancement-de-la-nouvelle-strategie-climat\/\"},\"author\":{\"name\":\"Hamra Fouzia\",\"@id\":\"https:\/\/elmawkie.dz\/fr\/#\/schema\/person\/4ed8433201bc23634185d8dd37097c64\"},\"headline\":\"Sonatrach : Lancement de la nouvelle strat\u00e9gie Climat\",\"datePublished\":\"2024-07-22T18:01:08+00:00\",\"dateModified\":\"2024-07-22T18:01:25+00:00\",\"mainEntityOfPage\":{\"@id\":\"https:\/\/elmawkie.dz\/fr\/sonatrach-lancement-de-la-nouvelle-strategie-climat\/\"},\"wordCount\":1068,\"commentCount\":0,\"publisher\":{\"@id\":\"https:\/\/elmawkie.dz\/fr\/#organization\"},\"image\":{\"@id\":\"https:\/\/elmawkie.dz\/fr\/sonatrach-lancement-de-la-nouvelle-strategie-climat\/#primaryimage\"},\"thumbnailUrl\":\"https:\/\/elmawkie.dz\/fr\/wp-content\/uploads\/2024\/07\/sonatrach-climat.jpg\",\"articleSection\":[\"National\"],\"inLanguage\":\"fr-FR\",\"potentialAction\":[{\"@type\":\"CommentAction\",\"name\":\"Comment\",\"target\":[\"https:\/\/elmawkie.dz\/fr\/sonatrach-lancement-de-la-nouvelle-strategie-climat\/#respond\"]}]},{\"@type\":\"WebPage\",\"@id\":\"https:\/\/elmawkie.dz\/fr\/sonatrach-lancement-de-la-nouvelle-strategie-climat\/\",\"url\":\"https:\/\/elmawkie.dz\/fr\/sonatrach-lancement-de-la-nouvelle-strategie-climat\/\",\"name\":\"Sonatrach : Lancement de la nouvelle strat\u00e9gie Climat - El Mawkie\",\"isPartOf\":{\"@id\":\"https:\/\/elmawkie.dz\/fr\/#website\"},\"primaryImageOfPage\":{\"@id\":\"https:\/\/elmawkie.dz\/fr\/sonatrach-lancement-de-la-nouvelle-strategie-climat\/#primaryimage\"},\"image\":{\"@id\":\"https:\/\/elmawkie.dz\/fr\/sonatrach-lancement-de-la-nouvelle-strategie-climat\/#primaryimage\"},\"thumbnailUrl\":\"https:\/\/elmawkie.dz\/fr\/wp-content\/uploads\/2024\/07\/sonatrach-climat.jpg\",\"datePublished\":\"2024-07-22T18:01:08+00:00\",\"dateModified\":\"2024-07-22T18:01:25+00:00\",\"breadcrumb\":{\"@id\":\"https:\/\/elmawkie.dz\/fr\/sonatrach-lancement-de-la-nouvelle-strategie-climat\/#breadcrumb\"},\"inLanguage\":\"fr-FR\",\"potentialAction\":[{\"@type\":\"ReadAction\",\"target\":[\"https:\/\/elmawkie.dz\/fr\/sonatrach-lancement-de-la-nouvelle-strategie-climat\/\"]}]},{\"@type\":\"ImageObject\",\"inLanguage\":\"fr-FR\",\"@id\":\"https:\/\/elmawkie.dz\/fr\/sonatrach-lancement-de-la-nouvelle-strategie-climat\/#primaryimage\",\"url\":\"https:\/\/elmawkie.dz\/fr\/wp-content\/uploads\/2024\/07\/sonatrach-climat.jpg\",\"contentUrl\":\"https:\/\/elmawkie.dz\/fr\/wp-content\/uploads\/2024\/07\/sonatrach-climat.jpg\",\"width\":1204,\"height\":867},{\"@type\":\"BreadcrumbList\",\"@id\":\"https:\/\/elmawkie.dz\/fr\/sonatrach-lancement-de-la-nouvelle-strategie-climat\/#breadcrumb\",\"itemListElement\":[{\"@type\":\"ListItem\",\"position\":1,\"name\":\"Home\",\"item\":\"https:\/\/elmawkie.dz\/fr\/\"},{\"@type\":\"ListItem\",\"position\":2,\"name\":\"Sonatrach : Lancement de la nouvelle strat\u00e9gie Climat\"}]},{\"@type\":\"WebSite\",\"@id\":\"https:\/\/elmawkie.dz\/fr\/#website\",\"url\":\"https:\/\/elmawkie.dz\/fr\/\",\"name\":\"EL MAWKIE\",\"description\":\"Journal \u00c9lectronique Alg\u00e9rien\",\"publisher\":{\"@id\":\"https:\/\/elmawkie.dz\/fr\/#organization\"},\"potentialAction\":[{\"@type\":\"SearchAction\",\"target\":{\"@type\":\"EntryPoint\",\"urlTemplate\":\"https:\/\/elmawkie.dz\/fr\/?s={search_term_string}\"},\"query-input\":\"required name=search_term_string\"}],\"inLanguage\":\"fr-FR\"},{\"@type\":\"Organization\",\"@id\":\"https:\/\/elmawkie.dz\/fr\/#organization\",\"name\":\"EL MAWKIE\",\"url\":\"https:\/\/elmawkie.dz\/fr\/\",\"logo\":{\"@type\":\"ImageObject\",\"inLanguage\":\"fr-FR\",\"@id\":\"https:\/\/elmawkie.dz\/fr\/#\/schema\/logo\/image\/\",\"url\":\"https:\/\/elmawkie.dz\/fr\/wp-content\/uploads\/2024\/05\/logo1.png\",\"contentUrl\":\"https:\/\/elmawkie.dz\/fr\/wp-content\/uploads\/2024\/05\/logo1.png\",\"width\":1648,\"height\":652,\"caption\":\"EL MAWKIE\"},\"image\":{\"@id\":\"https:\/\/elmawkie.dz\/fr\/#\/schema\/logo\/image\/\"},\"sameAs\":[\"https:\/\/www.facebook.com\/profile.php?id=100088407094989&locale=fr_FR\"]},{\"@type\":\"Person\",\"@id\":\"https:\/\/elmawkie.dz\/fr\/#\/schema\/person\/4ed8433201bc23634185d8dd37097c64\",\"name\":\"Hamra Fouzia\",\"image\":{\"@type\":\"ImageObject\",\"inLanguage\":\"fr-FR\",\"@id\":\"https:\/\/elmawkie.dz\/fr\/#\/schema\/person\/image\/\",\"url\":\"https:\/\/secure.gravatar.com\/avatar\/ea215268aad51f3219f9a59227db6fa1?s=96&d=mm&r=g\",\"contentUrl\":\"https:\/\/secure.gravatar.com\/avatar\/ea215268aad51f3219f9a59227db6fa1?s=96&d=mm&r=g\",\"caption\":\"Hamra Fouzia\"},\"sameAs\":[\"https:\/\/elmawkie.dz\/fr\"],\"url\":\"https:\/\/elmawkie.dz\/fr\/author\/elmawkie\/\"}]}<\/script>\n<!-- \/ Yoast SEO Premium plugin. -->","yoast_head_json":{"title":"Sonatrach : Lancement de la nouvelle strat\u00e9gie Climat - El Mawkie","robots":{"index":"index","follow":"follow","max-snippet":"max-snippet:-1","max-image-preview":"max-image-preview:large","max-video-preview":"max-video-preview:-1"},"canonical":"https:\/\/elmawkie.dz\/fr\/sonatrach-lancement-de-la-nouvelle-strategie-climat\/","og_locale":"fr_FR","og_type":"article","og_title":"Sonatrach : Lancement de la nouvelle strat\u00e9gie Climat","og_description":"Le groupe Sonatrach a lanc\u00e9, lundi, sa nouvelle strat\u00e9gie climatique, pr\u00e9voyant une s\u00e9rie de mesures et de projets, dont la r\u00e9duction des \u00e9missions des gaz \u00e0 effet de serre, l&rsquo;augmentation du niveau d&rsquo;int\u00e9gration des \u00e9nergies renouvelables, ainsi que le d\u00e9veloppement des solutions de s\u00e9questration naturelle et technologique du carbone. La Nouvelle Strat\u00e9gie a \u00e9t\u00e9 sign\u00e9e &hellip;","og_url":"https:\/\/elmawkie.dz\/fr\/sonatrach-lancement-de-la-nouvelle-strategie-climat\/","og_site_name":"El Mawkie","article_publisher":"https:\/\/www.facebook.com\/profile.php?id=100088407094989&locale=fr_FR","article_published_time":"2024-07-22T18:01:08+00:00","article_modified_time":"2024-07-22T18:01:25+00:00","og_image":[{"width":1204,"height":867,"url":"https:\/\/elmawkie.dz\/fr\/wp-content\/uploads\/2024\/07\/sonatrach-climat.jpg","type":"image\/jpeg"}],"author":"Hamra Fouzia","twitter_card":"summary_large_image","twitter_misc":{"Written by":"Hamra Fouzia","Est. reading time":"5 minutes"},"schema":{"@context":"https:\/\/schema.org","@graph":[{"@type":"Article","@id":"https:\/\/elmawkie.dz\/fr\/sonatrach-lancement-de-la-nouvelle-strategie-climat\/#article","isPartOf":{"@id":"https:\/\/elmawkie.dz\/fr\/sonatrach-lancement-de-la-nouvelle-strategie-climat\/"},"author":{"name":"Hamra Fouzia","@id":"https:\/\/elmawkie.dz\/fr\/#\/schema\/person\/4ed8433201bc23634185d8dd37097c64"},"headline":"Sonatrach : Lancement de la nouvelle strat\u00e9gie Climat","datePublished":"2024-07-22T18:01:08+00:00","dateModified":"2024-07-22T18:01:25+00:00","mainEntityOfPage":{"@id":"https:\/\/elmawkie.dz\/fr\/sonatrach-lancement-de-la-nouvelle-strategie-climat\/"},"wordCount":1068,"commentCount":0,"publisher":{"@id":"https:\/\/elmawkie.dz\/fr\/#organization"},"image":{"@id":"https:\/\/elmawkie.dz\/fr\/sonatrach-lancement-de-la-nouvelle-strategie-climat\/#primaryimage"},"thumbnailUrl":"https:\/\/elmawkie.dz\/fr\/wp-content\/uploads\/2024\/07\/sonatrach-climat.jpg","articleSection":["National"],"inLanguage":"fr-FR","potentialAction":[{"@type":"CommentAction","name":"Comment","target":["https:\/\/elmawkie.dz\/fr\/sonatrach-lancement-de-la-nouvelle-strategie-climat\/#respond"]}]},{"@type":"WebPage","@id":"https:\/\/elmawkie.dz\/fr\/sonatrach-lancement-de-la-nouvelle-strategie-climat\/","url":"https:\/\/elmawkie.dz\/fr\/sonatrach-lancement-de-la-nouvelle-strategie-climat\/","name":"Sonatrach : Lancement de la nouvelle strat\u00e9gie Climat - El Mawkie","isPartOf":{"@id":"https:\/\/elmawkie.dz\/fr\/#website"},"primaryImageOfPage":{"@id":"https:\/\/elmawkie.dz\/fr\/sonatrach-lancement-de-la-nouvelle-strategie-climat\/#primaryimage"},"image":{"@id":"https:\/\/elmawkie.dz\/fr\/sonatrach-lancement-de-la-nouvelle-strategie-climat\/#primaryimage"},"thumbnailUrl":"https:\/\/elmawkie.dz\/fr\/wp-content\/uploads\/2024\/07\/sonatrach-climat.jpg","datePublished":"2024-07-22T18:01:08+00:00","dateModified":"2024-07-22T18:01:25+00:00","breadcrumb":{"@id":"https:\/\/elmawkie.dz\/fr\/sonatrach-lancement-de-la-nouvelle-strategie-climat\/#breadcrumb"},"inLanguage":"fr-FR","potentialAction":[{"@type":"ReadAction","target":["https:\/\/elmawkie.dz\/fr\/sonatrach-lancement-de-la-nouvelle-strategie-climat\/"]}]},{"@type":"ImageObject","inLanguage":"fr-FR","@id":"https:\/\/elmawkie.dz\/fr\/sonatrach-lancement-de-la-nouvelle-strategie-climat\/#primaryimage","url":"https:\/\/elmawkie.dz\/fr\/wp-content\/uploads\/2024\/07\/sonatrach-climat.jpg","contentUrl":"https:\/\/elmawkie.dz\/fr\/wp-content\/uploads\/2024\/07\/sonatrach-climat.jpg","width":1204,"height":867},{"@type":"BreadcrumbList","@id":"https:\/\/elmawkie.dz\/fr\/sonatrach-lancement-de-la-nouvelle-strategie-climat\/#breadcrumb","itemListElement":[{"@type":"ListItem","position":1,"name":"Home","item":"https:\/\/elmawkie.dz\/fr\/"},{"@type":"ListItem","position":2,"name":"Sonatrach : Lancement de la nouvelle strat\u00e9gie Climat"}]},{"@type":"WebSite","@id":"https:\/\/elmawkie.dz\/fr\/#website","url":"https:\/\/elmawkie.dz\/fr\/","name":"EL MAWKIE","description":"Journal \u00c9lectronique Alg\u00e9rien","publisher":{"@id":"https:\/\/elmawkie.dz\/fr\/#organization"},"potentialAction":[{"@type":"SearchAction","target":{"@type":"EntryPoint","urlTemplate":"https:\/\/elmawkie.dz\/fr\/?s={search_term_string}"},"query-input":"required name=search_term_string"}],"inLanguage":"fr-FR"},{"@type":"Organization","@id":"https:\/\/elmawkie.dz\/fr\/#organization","name":"EL MAWKIE","url":"https:\/\/elmawkie.dz\/fr\/","logo":{"@type":"ImageObject","inLanguage":"fr-FR","@id":"https:\/\/elmawkie.dz\/fr\/#\/schema\/logo\/image\/","url":"https:\/\/elmawkie.dz\/fr\/wp-content\/uploads\/2024\/05\/logo1.png","contentUrl":"https:\/\/elmawkie.dz\/fr\/wp-content\/uploads\/2024\/05\/logo1.png","width":1648,"height":652,"caption":"EL MAWKIE"},"image":{"@id":"https:\/\/elmawkie.dz\/fr\/#\/schema\/logo\/image\/"},"sameAs":["https:\/\/www.facebook.com\/profile.php?id=100088407094989&locale=fr_FR"]},{"@type":"Person","@id":"https:\/\/elmawkie.dz\/fr\/#\/schema\/person\/4ed8433201bc23634185d8dd37097c64","name":"Hamra Fouzia","image":{"@type":"ImageObject","inLanguage":"fr-FR","@id":"https:\/\/elmawkie.dz\/fr\/#\/schema\/person\/image\/","url":"https:\/\/secure.gravatar.com\/avatar\/ea215268aad51f3219f9a59227db6fa1?s=96&d=mm&r=g","contentUrl":"https:\/\/secure.gravatar.com\/avatar\/ea215268aad51f3219f9a59227db6fa1?s=96&d=mm&r=g","caption":"Hamra Fouzia"},"sameAs":["https:\/\/elmawkie.dz\/fr"],"url":"https:\/\/elmawkie.dz\/fr\/author\/elmawkie\/"}]}},"_links":{"self":[{"href":"https:\/\/elmawkie.dz\/fr\/wp-json\/wp\/v2\/posts\/3167","targetHints":{"allow":["GET"]}}],"collection":[{"href":"https:\/\/elmawkie.dz\/fr\/wp-json\/wp\/v2\/posts"}],"about":[{"href":"https:\/\/elmawkie.dz\/fr\/wp-json\/wp\/v2\/types\/post"}],"author":[{"embeddable":true,"href":"https:\/\/elmawkie.dz\/fr\/wp-json\/wp\/v2\/users\/3"}],"replies":[{"embeddable":true,"href":"https:\/\/elmawkie.dz\/fr\/wp-json\/wp\/v2\/comments?post=3167"}],"version-history":[{"count":0,"href":"https:\/\/elmawkie.dz\/fr\/wp-json\/wp\/v2\/posts\/3167\/revisions"}],"wp:featuredmedia":[{"embeddable":true,"href":"https:\/\/elmawkie.dz\/fr\/wp-json\/wp\/v2\/media\/3168"}],"wp:attachment":[{"href":"https:\/\/elmawkie.dz\/fr\/wp-json\/wp\/v2\/media?parent=3167"}],"wp:term":[{"taxonomy":"category","embeddable":true,"href":"https:\/\/elmawkie.dz\/fr\/wp-json\/wp\/v2\/categories?post=3167"},{"taxonomy":"post_tag","embeddable":true,"href":"https:\/\/elmawkie.dz\/fr\/wp-json\/wp\/v2\/tags?post=3167"}],"curies":[{"name":"wp","href":"https:\/\/api.w.org\/{rel}","templated":true}]}}