{"id":3163,"date":"2024-07-22T16:29:43","date_gmt":"2024-07-22T15:29:43","guid":{"rendered":"https:\/\/elmawkie.dz\/fr\/?p=3163"},"modified":"2024-07-22T16:29:43","modified_gmt":"2024-07-22T15:29:43","slug":"le-president-tebboune-recoit-le-president-de-la-douma-russe","status":"publish","type":"post","link":"https:\/\/elmawkie.dz\/fr\/le-president-tebboune-recoit-le-president-de-la-douma-russe\/","title":{"rendered":"Le Pr\u00e9sident Tebboune re\u00e7oit le pr\u00e9sident de la Douma Russe"},"content":{"rendered":"<div class=\"itemIntroText col-xs-hidden \">\n<p><em><strong>\u00a0Le pr\u00e9sident de la R\u00e9publique, M. Abdelmadjid Tebboune, a re\u00e7u, lundi \u00e0 Alger, le pr\u00e9sident de la Douma de la F\u00e9d\u00e9ration de Russie, M. Viatcheslav Viktorovitch Volodine, a annonc\u00e9 la pr\u00e9sidence dans un communiqu\u00e9.<\/strong><\/em><\/p>\n<\/div>\n<div class=\"itemFullText\">\n<p><em>Le pr\u00e9sident de la R\u00e9publique s\u2019est entretenu avec le pr\u00e9sident de la Douma Russe en pr\u00e9sence du pr\u00e9sident de l&rsquo;Assembl\u00e9e populaire nationale, M. Brahim Boughali, le directeur de Cabinet \u00e0 la Pr\u00e9sidence de la R\u00e9publique, M. Boualem Boualem et le Secr\u00e9taire g\u00e9n\u00e9ral du minist\u00e8re des Affaires \u00e9trang\u00e8res et de la Communaut\u00e9 nationale \u00e0 l&rsquo;\u00e9tranger, M. Loun\u00e8s Magramane.<\/em><\/p>\n<\/div>\n","protected":false},"excerpt":{"rendered":"<p>\u00a0Le pr\u00e9sident de la R\u00e9publique, M. Abdelmadjid Tebboune, a re\u00e7u, lundi \u00e0 Alger, le pr\u00e9sident de la Douma de la F\u00e9d\u00e9ration de Russie, M. Viatcheslav Viktorovitch Volodine, a annonc\u00e9 la pr\u00e9sidence dans un communiqu\u00e9. Le pr\u00e9sident de la R\u00e9publique s\u2019est entretenu avec le pr\u00e9sident de la Douma Russe en pr\u00e9sence du pr\u00e9sident de l&rsquo;Assembl\u00e9e populaire &hellip;<\/p>\n","protected":false},"author":3,"featured_media":3164,"comment_status":"open","ping_status":"open","sticky":false,"template":"","format":"standard","meta":{"footnotes":""},"categories":[47],"tags":[166,165],"class_list":["post-3163","post","type-post","status-publish","format-standard","has-post-thumbnail","hentry","category-national","tag-le-president-abdelmadjid-tebboune","tag-president-de-la-douma-russe"],"yoast_head":"<!-- This site is optimized with the Yoast SEO Premium plugin v22.6 (Yoast SEO v22.6) - https:\/\/yoast.com\/wordpress\/plugins\/seo\/ -->\n<title>Le Pr\u00e9sident Tebboune re\u00e7oit le pr\u00e9sident de la Douma Russe - El Mawkie<\/title>\n<meta name=\"robots\" content=\"index, follow, max-snippet:-1, max-image-preview:large, max-video-preview:-1\" \/>\n<link rel=\"canonical\" href=\"https:\/\/elmawkie.dz\/fr\/le-president-tebboune-recoit-le-president-de-la-douma-russe\/\" \/>\n<meta property=\"og:locale\" content=\"fr_FR\" \/>\n<meta property=\"og:type\" content=\"article\" \/>\n<meta property=\"og:title\" content=\"Le Pr\u00e9sident Tebboune re\u00e7oit le pr\u00e9sident de la Douma Russe\" \/>\n<meta property=\"og:description\" content=\"\u00a0Le pr\u00e9sident de la R\u00e9publique, M. Abdelmadjid Tebboune, a re\u00e7u, lundi \u00e0 Alger, le pr\u00e9sident de la Douma de la F\u00e9d\u00e9ration de Russie, M. Viatcheslav Viktorovitch Volodine, a annonc\u00e9 la pr\u00e9sidence dans un communiqu\u00e9. Le pr\u00e9sident de la R\u00e9publique s\u2019est entretenu avec le pr\u00e9sident de la Douma Russe en pr\u00e9sence du pr\u00e9sident de l&rsquo;Assembl\u00e9e populaire &hellip;\" \/>\n<meta property=\"og:url\" content=\"https:\/\/elmawkie.dz\/fr\/le-president-tebboune-recoit-le-president-de-la-douma-russe\/\" \/>\n<meta property=\"og:site_name\" content=\"El Mawkie\" \/>\n<meta property=\"article:publisher\" content=\"https:\/\/www.facebook.com\/profile.php?id=100088407094989&amp;locale=fr_FR\" \/>\n<meta property=\"article:published_time\" content=\"2024-07-22T15:29:43+00:00\" \/>\n<meta property=\"og:image\" content=\"https:\/\/elmawkie.dz\/fr\/wp-content\/uploads\/2024\/07\/IMG_8838.jpeg\" \/>\n\t<meta property=\"og:image:width\" content=\"2048\" \/>\n\t<meta property=\"og:image:height\" content=\"1786\" \/>\n\t<meta property=\"og:image:type\" content=\"image\/jpeg\" \/>\n<meta name=\"author\" content=\"Hamra Fouzia\" \/>\n<meta name=\"twitter:card\" content=\"summary_large_image\" \/>\n<meta name=\"twitter:label1\" content=\"Written by\" \/>\n\t<meta name=\"twitter:data1\" content=\"Hamra Fouzia\" \/>\n\t<meta name=\"twitter:label2\" content=\"Est. reading time\" \/>\n\t<meta name=\"twitter:data2\" content=\"1 minute\" \/>\n<script type=\"application\/ld+json\" class=\"yoast-schema-graph\">{\"@context\":\"https:\/\/schema.org\",\"@graph\":[{\"@type\":\"Article\",\"@id\":\"https:\/\/elmawkie.dz\/fr\/le-president-tebboune-recoit-le-president-de-la-douma-russe\/#article\",\"isPartOf\":{\"@id\":\"https:\/\/elmawkie.dz\/fr\/le-president-tebboune-recoit-le-president-de-la-douma-russe\/\"},\"author\":{\"name\":\"Hamra Fouzia\",\"@id\":\"https:\/\/elmawkie.dz\/fr\/#\/schema\/person\/4ed8433201bc23634185d8dd37097c64\"},\"headline\":\"Le Pr\u00e9sident Tebboune re\u00e7oit le pr\u00e9sident de la Douma Russe\",\"datePublished\":\"2024-07-22T15:29:43+00:00\",\"dateModified\":\"2024-07-22T15:29:43+00:00\",\"mainEntityOfPage\":{\"@id\":\"https:\/\/elmawkie.dz\/fr\/le-president-tebboune-recoit-le-president-de-la-douma-russe\/\"},\"wordCount\":125,\"commentCount\":0,\"publisher\":{\"@id\":\"https:\/\/elmawkie.dz\/fr\/#organization\"},\"image\":{\"@id\":\"https:\/\/elmawkie.dz\/fr\/le-president-tebboune-recoit-le-president-de-la-douma-russe\/#primaryimage\"},\"thumbnailUrl\":\"https:\/\/elmawkie.dz\/fr\/wp-content\/uploads\/2024\/07\/IMG_8838.jpeg\",\"keywords\":[\"Le pr\u00e9sident Abdelmadjid Tebboune\",\"Pr\u00e9sident de la douma russe\"],\"articleSection\":[\"National\"],\"inLanguage\":\"fr-FR\",\"potentialAction\":[{\"@type\":\"CommentAction\",\"name\":\"Comment\",\"target\":[\"https:\/\/elmawkie.dz\/fr\/le-president-tebboune-recoit-le-president-de-la-douma-russe\/#respond\"]}]},{\"@type\":\"WebPage\",\"@id\":\"https:\/\/elmawkie.dz\/fr\/le-president-tebboune-recoit-le-president-de-la-douma-russe\/\",\"url\":\"https:\/\/elmawkie.dz\/fr\/le-president-tebboune-recoit-le-president-de-la-douma-russe\/\",\"name\":\"Le Pr\u00e9sident Tebboune re\u00e7oit le pr\u00e9sident de la Douma Russe - El Mawkie\",\"isPartOf\":{\"@id\":\"https:\/\/elmawkie.dz\/fr\/#website\"},\"primaryImageOfPage\":{\"@id\":\"https:\/\/elmawkie.dz\/fr\/le-president-tebboune-recoit-le-president-de-la-douma-russe\/#primaryimage\"},\"image\":{\"@id\":\"https:\/\/elmawkie.dz\/fr\/le-president-tebboune-recoit-le-president-de-la-douma-russe\/#primaryimage\"},\"thumbnailUrl\":\"https:\/\/elmawkie.dz\/fr\/wp-content\/uploads\/2024\/07\/IMG_8838.jpeg\",\"datePublished\":\"2024-07-22T15:29:43+00:00\",\"dateModified\":\"2024-07-22T15:29:43+00:00\",\"breadcrumb\":{\"@id\":\"https:\/\/elmawkie.dz\/fr\/le-president-tebboune-recoit-le-president-de-la-douma-russe\/#breadcrumb\"},\"inLanguage\":\"fr-FR\",\"potentialAction\":[{\"@type\":\"ReadAction\",\"target\":[\"https:\/\/elmawkie.dz\/fr\/le-president-tebboune-recoit-le-president-de-la-douma-russe\/\"]}]},{\"@type\":\"ImageObject\",\"inLanguage\":\"fr-FR\",\"@id\":\"https:\/\/elmawkie.dz\/fr\/le-president-tebboune-recoit-le-president-de-la-douma-russe\/#primaryimage\",\"url\":\"https:\/\/elmawkie.dz\/fr\/wp-content\/uploads\/2024\/07\/IMG_8838.jpeg\",\"contentUrl\":\"https:\/\/elmawkie.dz\/fr\/wp-content\/uploads\/2024\/07\/IMG_8838.jpeg\",\"width\":2048,\"height\":1786},{\"@type\":\"BreadcrumbList\",\"@id\":\"https:\/\/elmawkie.dz\/fr\/le-president-tebboune-recoit-le-president-de-la-douma-russe\/#breadcrumb\",\"itemListElement\":[{\"@type\":\"ListItem\",\"position\":1,\"name\":\"Home\",\"item\":\"https:\/\/elmawkie.dz\/fr\/\"},{\"@type\":\"ListItem\",\"position\":2,\"name\":\"Le Pr\u00e9sident Tebboune re\u00e7oit le pr\u00e9sident de la Douma Russe\"}]},{\"@type\":\"WebSite\",\"@id\":\"https:\/\/elmawkie.dz\/fr\/#website\",\"url\":\"https:\/\/elmawkie.dz\/fr\/\",\"name\":\"EL MAWKIE\",\"description\":\"Journal \u00c9lectronique Alg\u00e9rien\",\"publisher\":{\"@id\":\"https:\/\/elmawkie.dz\/fr\/#organization\"},\"potentialAction\":[{\"@type\":\"SearchAction\",\"target\":{\"@type\":\"EntryPoint\",\"urlTemplate\":\"https:\/\/elmawkie.dz\/fr\/?s={search_term_string}\"},\"query-input\":\"required name=search_term_string\"}],\"inLanguage\":\"fr-FR\"},{\"@type\":\"Organization\",\"@id\":\"https:\/\/elmawkie.dz\/fr\/#organization\",\"name\":\"EL MAWKIE\",\"url\":\"https:\/\/elmawkie.dz\/fr\/\",\"logo\":{\"@type\":\"ImageObject\",\"inLanguage\":\"fr-FR\",\"@id\":\"https:\/\/elmawkie.dz\/fr\/#\/schema\/logo\/image\/\",\"url\":\"https:\/\/elmawkie.dz\/fr\/wp-content\/uploads\/2024\/05\/logo1.png\",\"contentUrl\":\"https:\/\/elmawkie.dz\/fr\/wp-content\/uploads\/2024\/05\/logo1.png\",\"width\":1648,\"height\":652,\"caption\":\"EL MAWKIE\"},\"image\":{\"@id\":\"https:\/\/elmawkie.dz\/fr\/#\/schema\/logo\/image\/\"},\"sameAs\":[\"https:\/\/www.facebook.com\/profile.php?id=100088407094989&locale=fr_FR\"]},{\"@type\":\"Person\",\"@id\":\"https:\/\/elmawkie.dz\/fr\/#\/schema\/person\/4ed8433201bc23634185d8dd37097c64\",\"name\":\"Hamra Fouzia\",\"image\":{\"@type\":\"ImageObject\",\"inLanguage\":\"fr-FR\",\"@id\":\"https:\/\/elmawkie.dz\/fr\/#\/schema\/person\/image\/\",\"url\":\"https:\/\/secure.gravatar.com\/avatar\/ea215268aad51f3219f9a59227db6fa1?s=96&d=mm&r=g\",\"contentUrl\":\"https:\/\/secure.gravatar.com\/avatar\/ea215268aad51f3219f9a59227db6fa1?s=96&d=mm&r=g\",\"caption\":\"Hamra Fouzia\"},\"sameAs\":[\"https:\/\/elmawkie.dz\/fr\"],\"url\":\"https:\/\/elmawkie.dz\/fr\/author\/elmawkie\/\"}]}<\/script>\n<!-- \/ Yoast SEO Premium plugin. -->","yoast_head_json":{"title":"Le Pr\u00e9sident Tebboune re\u00e7oit le pr\u00e9sident de la Douma Russe - El Mawkie","robots":{"index":"index","follow":"follow","max-snippet":"max-snippet:-1","max-image-preview":"max-image-preview:large","max-video-preview":"max-video-preview:-1"},"canonical":"https:\/\/elmawkie.dz\/fr\/le-president-tebboune-recoit-le-president-de-la-douma-russe\/","og_locale":"fr_FR","og_type":"article","og_title":"Le Pr\u00e9sident Tebboune re\u00e7oit le pr\u00e9sident de la Douma Russe","og_description":"\u00a0Le pr\u00e9sident de la R\u00e9publique, M. Abdelmadjid Tebboune, a re\u00e7u, lundi \u00e0 Alger, le pr\u00e9sident de la Douma de la F\u00e9d\u00e9ration de Russie, M. Viatcheslav Viktorovitch Volodine, a annonc\u00e9 la pr\u00e9sidence dans un communiqu\u00e9. Le pr\u00e9sident de la R\u00e9publique s\u2019est entretenu avec le pr\u00e9sident de la Douma Russe en pr\u00e9sence du pr\u00e9sident de l&rsquo;Assembl\u00e9e populaire &hellip;","og_url":"https:\/\/elmawkie.dz\/fr\/le-president-tebboune-recoit-le-president-de-la-douma-russe\/","og_site_name":"El Mawkie","article_publisher":"https:\/\/www.facebook.com\/profile.php?id=100088407094989&locale=fr_FR","article_published_time":"2024-07-22T15:29:43+00:00","og_image":[{"width":2048,"height":1786,"url":"https:\/\/elmawkie.dz\/fr\/wp-content\/uploads\/2024\/07\/IMG_8838.jpeg","type":"image\/jpeg"}],"author":"Hamra Fouzia","twitter_card":"summary_large_image","twitter_misc":{"Written by":"Hamra Fouzia","Est. reading time":"1 minute"},"schema":{"@context":"https:\/\/schema.org","@graph":[{"@type":"Article","@id":"https:\/\/elmawkie.dz\/fr\/le-president-tebboune-recoit-le-president-de-la-douma-russe\/#article","isPartOf":{"@id":"https:\/\/elmawkie.dz\/fr\/le-president-tebboune-recoit-le-president-de-la-douma-russe\/"},"author":{"name":"Hamra Fouzia","@id":"https:\/\/elmawkie.dz\/fr\/#\/schema\/person\/4ed8433201bc23634185d8dd37097c64"},"headline":"Le Pr\u00e9sident Tebboune re\u00e7oit le pr\u00e9sident de la Douma Russe","datePublished":"2024-07-22T15:29:43+00:00","dateModified":"2024-07-22T15:29:43+00:00","mainEntityOfPage":{"@id":"https:\/\/elmawkie.dz\/fr\/le-president-tebboune-recoit-le-president-de-la-douma-russe\/"},"wordCount":125,"commentCount":0,"publisher":{"@id":"https:\/\/elmawkie.dz\/fr\/#organization"},"image":{"@id":"https:\/\/elmawkie.dz\/fr\/le-president-tebboune-recoit-le-president-de-la-douma-russe\/#primaryimage"},"thumbnailUrl":"https:\/\/elmawkie.dz\/fr\/wp-content\/uploads\/2024\/07\/IMG_8838.jpeg","keywords":["Le pr\u00e9sident Abdelmadjid Tebboune","Pr\u00e9sident de la douma russe"],"articleSection":["National"],"inLanguage":"fr-FR","potentialAction":[{"@type":"CommentAction","name":"Comment","target":["https:\/\/elmawkie.dz\/fr\/le-president-tebboune-recoit-le-president-de-la-douma-russe\/#respond"]}]},{"@type":"WebPage","@id":"https:\/\/elmawkie.dz\/fr\/le-president-tebboune-recoit-le-president-de-la-douma-russe\/","url":"https:\/\/elmawkie.dz\/fr\/le-president-tebboune-recoit-le-president-de-la-douma-russe\/","name":"Le Pr\u00e9sident Tebboune re\u00e7oit le pr\u00e9sident de la Douma Russe - El Mawkie","isPartOf":{"@id":"https:\/\/elmawkie.dz\/fr\/#website"},"primaryImageOfPage":{"@id":"https:\/\/elmawkie.dz\/fr\/le-president-tebboune-recoit-le-president-de-la-douma-russe\/#primaryimage"},"image":{"@id":"https:\/\/elmawkie.dz\/fr\/le-president-tebboune-recoit-le-president-de-la-douma-russe\/#primaryimage"},"thumbnailUrl":"https:\/\/elmawkie.dz\/fr\/wp-content\/uploads\/2024\/07\/IMG_8838.jpeg","datePublished":"2024-07-22T15:29:43+00:00","dateModified":"2024-07-22T15:29:43+00:00","breadcrumb":{"@id":"https:\/\/elmawkie.dz\/fr\/le-president-tebboune-recoit-le-president-de-la-douma-russe\/#breadcrumb"},"inLanguage":"fr-FR","potentialAction":[{"@type":"ReadAction","target":["https:\/\/elmawkie.dz\/fr\/le-president-tebboune-recoit-le-president-de-la-douma-russe\/"]}]},{"@type":"ImageObject","inLanguage":"fr-FR","@id":"https:\/\/elmawkie.dz\/fr\/le-president-tebboune-recoit-le-president-de-la-douma-russe\/#primaryimage","url":"https:\/\/elmawkie.dz\/fr\/wp-content\/uploads\/2024\/07\/IMG_8838.jpeg","contentUrl":"https:\/\/elmawkie.dz\/fr\/wp-content\/uploads\/2024\/07\/IMG_8838.jpeg","width":2048,"height":1786},{"@type":"BreadcrumbList","@id":"https:\/\/elmawkie.dz\/fr\/le-president-tebboune-recoit-le-president-de-la-douma-russe\/#breadcrumb","itemListElement":[{"@type":"ListItem","position":1,"name":"Home","item":"https:\/\/elmawkie.dz\/fr\/"},{"@type":"ListItem","position":2,"name":"Le Pr\u00e9sident Tebboune re\u00e7oit le pr\u00e9sident de la Douma Russe"}]},{"@type":"WebSite","@id":"https:\/\/elmawkie.dz\/fr\/#website","url":"https:\/\/elmawkie.dz\/fr\/","name":"EL MAWKIE","description":"Journal \u00c9lectronique Alg\u00e9rien","publisher":{"@id":"https:\/\/elmawkie.dz\/fr\/#organization"},"potentialAction":[{"@type":"SearchAction","target":{"@type":"EntryPoint","urlTemplate":"https:\/\/elmawkie.dz\/fr\/?s={search_term_string}"},"query-input":"required name=search_term_string"}],"inLanguage":"fr-FR"},{"@type":"Organization","@id":"https:\/\/elmawkie.dz\/fr\/#organization","name":"EL MAWKIE","url":"https:\/\/elmawkie.dz\/fr\/","logo":{"@type":"ImageObject","inLanguage":"fr-FR","@id":"https:\/\/elmawkie.dz\/fr\/#\/schema\/logo\/image\/","url":"https:\/\/elmawkie.dz\/fr\/wp-content\/uploads\/2024\/05\/logo1.png","contentUrl":"https:\/\/elmawkie.dz\/fr\/wp-content\/uploads\/2024\/05\/logo1.png","width":1648,"height":652,"caption":"EL MAWKIE"},"image":{"@id":"https:\/\/elmawkie.dz\/fr\/#\/schema\/logo\/image\/"},"sameAs":["https:\/\/www.facebook.com\/profile.php?id=100088407094989&locale=fr_FR"]},{"@type":"Person","@id":"https:\/\/elmawkie.dz\/fr\/#\/schema\/person\/4ed8433201bc23634185d8dd37097c64","name":"Hamra Fouzia","image":{"@type":"ImageObject","inLanguage":"fr-FR","@id":"https:\/\/elmawkie.dz\/fr\/#\/schema\/person\/image\/","url":"https:\/\/secure.gravatar.com\/avatar\/ea215268aad51f3219f9a59227db6fa1?s=96&d=mm&r=g","contentUrl":"https:\/\/secure.gravatar.com\/avatar\/ea215268aad51f3219f9a59227db6fa1?s=96&d=mm&r=g","caption":"Hamra Fouzia"},"sameAs":["https:\/\/elmawkie.dz\/fr"],"url":"https:\/\/elmawkie.dz\/fr\/author\/elmawkie\/"}]}},"_links":{"self":[{"href":"https:\/\/elmawkie.dz\/fr\/wp-json\/wp\/v2\/posts\/3163","targetHints":{"allow":["GET"]}}],"collection":[{"href":"https:\/\/elmawkie.dz\/fr\/wp-json\/wp\/v2\/posts"}],"about":[{"href":"https:\/\/elmawkie.dz\/fr\/wp-json\/wp\/v2\/types\/post"}],"author":[{"embeddable":true,"href":"https:\/\/elmawkie.dz\/fr\/wp-json\/wp\/v2\/users\/3"}],"replies":[{"embeddable":true,"href":"https:\/\/elmawkie.dz\/fr\/wp-json\/wp\/v2\/comments?post=3163"}],"version-history":[{"count":0,"href":"https:\/\/elmawkie.dz\/fr\/wp-json\/wp\/v2\/posts\/3163\/revisions"}],"wp:featuredmedia":[{"embeddable":true,"href":"https:\/\/elmawkie.dz\/fr\/wp-json\/wp\/v2\/media\/3164"}],"wp:attachment":[{"href":"https:\/\/elmawkie.dz\/fr\/wp-json\/wp\/v2\/media?parent=3163"}],"wp:term":[{"taxonomy":"category","embeddable":true,"href":"https:\/\/elmawkie.dz\/fr\/wp-json\/wp\/v2\/categories?post=3163"},{"taxonomy":"post_tag","embeddable":true,"href":"https:\/\/elmawkie.dz\/fr\/wp-json\/wp\/v2\/tags?post=3163"}],"curies":[{"name":"wp","href":"https:\/\/api.w.org\/{rel}","templated":true}]}}