{"id":2724,"date":"2024-07-10T10:11:37","date_gmt":"2024-07-10T09:11:37","guid":{"rendered":"https:\/\/elmawkie.dz\/fr\/?p=2724"},"modified":"2024-07-10T10:11:37","modified_gmt":"2024-07-10T09:11:37","slug":"la-france-destination-academique-privilegiee-des-etudiants-algeriens-en-2023","status":"publish","type":"post","link":"https:\/\/elmawkie.dz\/fr\/la-france-destination-academique-privilegiee-des-etudiants-algeriens-en-2023\/","title":{"rendered":"La France : Destination acad\u00e9mique privil\u00e9gi\u00e9e des \u00e9tudiants Alg\u00e9riens en 2023"},"content":{"rendered":"<p><strong><em>L&rsquo;attrait de l&rsquo;enseignement sup\u00e9rieur fran\u00e7ais ne faiblit pas aupr\u00e8s des \u00e9tudiants alg\u00e9riens. Selon le dernier rapport annuel de Campus France, l&rsquo;ann\u00e9e 2024 a \u00e9t\u00e9 marqu\u00e9e par une augmentation significative du nombre d&rsquo;Alg\u00e9riens poursuivant leurs \u00e9tudes dans l&rsquo;Hexagone.<\/em><\/strong><\/p>\n<p><em>En effet, ces donn\u00e9es couvrant l\u2019ann\u00e9e 2022-2023 refl\u00e8tent la position privil\u00e9gi\u00e9e de la France comme destination acad\u00e9mique de choix pour les jeunes talents avec plus de 412.087 \u00e9tudiants \u00e9trangers recens\u00e9s. Parmi ces \u00e9tudiants, le rapport note 32.147 Alg\u00e9riens, ce qui place la communaut\u00e9 estudiantine alg\u00e9rienne \u00e0 la deuxi\u00e8me place des effectifs \u00e9trangers dans les universit\u00e9s fran\u00e7aises. D&rsquo;apr\u00e8s Campus France, le nombre d&rsquo;\u00e9tudiants alg\u00e9riens en France a augment\u00e9 de 4 % durant l&rsquo;ann\u00e9e scolaire 2022-2023 par rapport \u00e0 2021-2022.<\/em><\/p>\n<p>&nbsp;<\/p>\n<p><em>\u00ab l\u2019Alg\u00e9rie et la Chine figurent \u00a0parmi les principaux pays d\u2019origine des \u00e9tudiants \u00e9trangers en France, et 21 des 25 premiers contingents d\u2019\u00e9tudiants \u00e9trangers augmentent en 2022-2023, avec une progression particuli\u00e8rement forte du nombre d\u2019\u00e9tudiants italiens, espagnols, libanais, congolais et indiens. Le nombre d\u2019\u00e9tudiants ukrainiens accueillis a aussi doubl\u00e9 en un an (+111 %), en lien avec la poursuite de la guerre \u00bb, indique la m\u00eame source.<\/em><\/p>\n","protected":false},"excerpt":{"rendered":"<p>L&rsquo;attrait de l&rsquo;enseignement sup\u00e9rieur fran\u00e7ais ne faiblit pas aupr\u00e8s des \u00e9tudiants alg\u00e9riens. Selon le dernier rapport annuel de Campus France, l&rsquo;ann\u00e9e 2024 a \u00e9t\u00e9 marqu\u00e9e par une augmentation significative du nombre d&rsquo;Alg\u00e9riens poursuivant leurs \u00e9tudes dans l&rsquo;Hexagone. En effet, ces donn\u00e9es couvrant l\u2019ann\u00e9e 2022-2023 refl\u00e8tent la position privil\u00e9gi\u00e9e de la France comme destination acad\u00e9mique de &hellip;<\/p>\n","protected":false},"author":8,"featured_media":2728,"comment_status":"open","ping_status":"open","sticky":false,"template":"","format":"standard","meta":{"footnotes":""},"categories":[44,47],"tags":[88,114,113,115],"class_list":["post-2724","post","type-post","status-publish","format-standard","has-post-thumbnail","hentry","category-international","category-national","tag-algerie","tag-etudiants","tag-france","tag-mobilite-estudiantine"],"yoast_head":"<!-- This site is optimized with the Yoast SEO Premium plugin v22.6 (Yoast SEO v22.6) - https:\/\/yoast.com\/wordpress\/plugins\/seo\/ -->\n<title>La France : Destination acad\u00e9mique privil\u00e9gi\u00e9e des \u00e9tudiants Alg\u00e9riens en 2023 - El Mawkie<\/title>\n<meta name=\"robots\" content=\"index, follow, max-snippet:-1, max-image-preview:large, max-video-preview:-1\" \/>\n<link rel=\"canonical\" href=\"https:\/\/elmawkie.dz\/fr\/la-france-destination-academique-privilegiee-des-etudiants-algeriens-en-2023\/\" \/>\n<meta property=\"og:locale\" content=\"fr_FR\" \/>\n<meta property=\"og:type\" content=\"article\" \/>\n<meta property=\"og:title\" content=\"La France : Destination acad\u00e9mique privil\u00e9gi\u00e9e des \u00e9tudiants Alg\u00e9riens en 2023\" \/>\n<meta property=\"og:description\" content=\"L&rsquo;attrait de l&rsquo;enseignement sup\u00e9rieur fran\u00e7ais ne faiblit pas aupr\u00e8s des \u00e9tudiants alg\u00e9riens. Selon le dernier rapport annuel de Campus France, l&rsquo;ann\u00e9e 2024 a \u00e9t\u00e9 marqu\u00e9e par une augmentation significative du nombre d&rsquo;Alg\u00e9riens poursuivant leurs \u00e9tudes dans l&rsquo;Hexagone. En effet, ces donn\u00e9es couvrant l\u2019ann\u00e9e 2022-2023 refl\u00e8tent la position privil\u00e9gi\u00e9e de la France comme destination acad\u00e9mique de &hellip;\" \/>\n<meta property=\"og:url\" content=\"https:\/\/elmawkie.dz\/fr\/la-france-destination-academique-privilegiee-des-etudiants-algeriens-en-2023\/\" \/>\n<meta property=\"og:site_name\" content=\"El Mawkie\" \/>\n<meta property=\"article:publisher\" content=\"https:\/\/www.facebook.com\/profile.php?id=100088407094989&amp;locale=fr_FR\" \/>\n<meta property=\"article:published_time\" content=\"2024-07-10T09:11:37+00:00\" \/>\n<meta property=\"og:image\" content=\"https:\/\/elmawkie.dz\/fr\/wp-content\/uploads\/2024\/07\/b1213839-681b-4767-8ed3-1e656826df79.jpeg\" \/>\n\t<meta property=\"og:image:width\" content=\"432\" \/>\n\t<meta property=\"og:image:height\" content=\"243\" \/>\n\t<meta property=\"og:image:type\" content=\"image\/jpeg\" \/>\n<meta name=\"author\" content=\"khayro\" \/>\n<meta name=\"twitter:card\" content=\"summary_large_image\" \/>\n<meta name=\"twitter:label1\" content=\"Written by\" \/>\n\t<meta name=\"twitter:data1\" content=\"khayro\" \/>\n\t<meta name=\"twitter:label2\" content=\"Est. reading time\" \/>\n\t<meta name=\"twitter:data2\" content=\"1 minute\" \/>\n<script type=\"application\/ld+json\" class=\"yoast-schema-graph\">{\"@context\":\"https:\/\/schema.org\",\"@graph\":[{\"@type\":\"Article\",\"@id\":\"https:\/\/elmawkie.dz\/fr\/la-france-destination-academique-privilegiee-des-etudiants-algeriens-en-2023\/#article\",\"isPartOf\":{\"@id\":\"https:\/\/elmawkie.dz\/fr\/la-france-destination-academique-privilegiee-des-etudiants-algeriens-en-2023\/\"},\"author\":{\"name\":\"khayro\",\"@id\":\"https:\/\/elmawkie.dz\/fr\/#\/schema\/person\/15cb7eba76e08e2d2d0ad4b4c4fbb6cb\"},\"headline\":\"La France : Destination acad\u00e9mique privil\u00e9gi\u00e9e des \u00e9tudiants Alg\u00e9riens en 2023\",\"datePublished\":\"2024-07-10T09:11:37+00:00\",\"dateModified\":\"2024-07-10T09:11:37+00:00\",\"mainEntityOfPage\":{\"@id\":\"https:\/\/elmawkie.dz\/fr\/la-france-destination-academique-privilegiee-des-etudiants-algeriens-en-2023\/\"},\"wordCount\":222,\"commentCount\":0,\"publisher\":{\"@id\":\"https:\/\/elmawkie.dz\/fr\/#organization\"},\"image\":{\"@id\":\"https:\/\/elmawkie.dz\/fr\/la-france-destination-academique-privilegiee-des-etudiants-algeriens-en-2023\/#primaryimage\"},\"thumbnailUrl\":\"https:\/\/elmawkie.dz\/fr\/wp-content\/uploads\/2024\/07\/b1213839-681b-4767-8ed3-1e656826df79.jpeg\",\"keywords\":[\"Alg\u00e9rie\",\"\u00e9tudiants\",\"France\",\"mobilit\u00e9 estudiantine\"],\"articleSection\":[\"International\",\"National\"],\"inLanguage\":\"fr-FR\",\"potentialAction\":[{\"@type\":\"CommentAction\",\"name\":\"Comment\",\"target\":[\"https:\/\/elmawkie.dz\/fr\/la-france-destination-academique-privilegiee-des-etudiants-algeriens-en-2023\/#respond\"]}]},{\"@type\":\"WebPage\",\"@id\":\"https:\/\/elmawkie.dz\/fr\/la-france-destination-academique-privilegiee-des-etudiants-algeriens-en-2023\/\",\"url\":\"https:\/\/elmawkie.dz\/fr\/la-france-destination-academique-privilegiee-des-etudiants-algeriens-en-2023\/\",\"name\":\"La France : Destination acad\u00e9mique privil\u00e9gi\u00e9e des \u00e9tudiants Alg\u00e9riens en 2023 - El Mawkie\",\"isPartOf\":{\"@id\":\"https:\/\/elmawkie.dz\/fr\/#website\"},\"primaryImageOfPage\":{\"@id\":\"https:\/\/elmawkie.dz\/fr\/la-france-destination-academique-privilegiee-des-etudiants-algeriens-en-2023\/#primaryimage\"},\"image\":{\"@id\":\"https:\/\/elmawkie.dz\/fr\/la-france-destination-academique-privilegiee-des-etudiants-algeriens-en-2023\/#primaryimage\"},\"thumbnailUrl\":\"https:\/\/elmawkie.dz\/fr\/wp-content\/uploads\/2024\/07\/b1213839-681b-4767-8ed3-1e656826df79.jpeg\",\"datePublished\":\"2024-07-10T09:11:37+00:00\",\"dateModified\":\"2024-07-10T09:11:37+00:00\",\"breadcrumb\":{\"@id\":\"https:\/\/elmawkie.dz\/fr\/la-france-destination-academique-privilegiee-des-etudiants-algeriens-en-2023\/#breadcrumb\"},\"inLanguage\":\"fr-FR\",\"potentialAction\":[{\"@type\":\"ReadAction\",\"target\":[\"https:\/\/elmawkie.dz\/fr\/la-france-destination-academique-privilegiee-des-etudiants-algeriens-en-2023\/\"]}]},{\"@type\":\"ImageObject\",\"inLanguage\":\"fr-FR\",\"@id\":\"https:\/\/elmawkie.dz\/fr\/la-france-destination-academique-privilegiee-des-etudiants-algeriens-en-2023\/#primaryimage\",\"url\":\"https:\/\/elmawkie.dz\/fr\/wp-content\/uploads\/2024\/07\/b1213839-681b-4767-8ed3-1e656826df79.jpeg\",\"contentUrl\":\"https:\/\/elmawkie.dz\/fr\/wp-content\/uploads\/2024\/07\/b1213839-681b-4767-8ed3-1e656826df79.jpeg\",\"width\":432,\"height\":243},{\"@type\":\"BreadcrumbList\",\"@id\":\"https:\/\/elmawkie.dz\/fr\/la-france-destination-academique-privilegiee-des-etudiants-algeriens-en-2023\/#breadcrumb\",\"itemListElement\":[{\"@type\":\"ListItem\",\"position\":1,\"name\":\"Home\",\"item\":\"https:\/\/elmawkie.dz\/fr\/\"},{\"@type\":\"ListItem\",\"position\":2,\"name\":\"La France : Destination acad\u00e9mique privil\u00e9gi\u00e9e des \u00e9tudiants Alg\u00e9riens en 2023\"}]},{\"@type\":\"WebSite\",\"@id\":\"https:\/\/elmawkie.dz\/fr\/#website\",\"url\":\"https:\/\/elmawkie.dz\/fr\/\",\"name\":\"EL MAWKIE\",\"description\":\"Journal \u00c9lectronique Alg\u00e9rien\",\"publisher\":{\"@id\":\"https:\/\/elmawkie.dz\/fr\/#organization\"},\"potentialAction\":[{\"@type\":\"SearchAction\",\"target\":{\"@type\":\"EntryPoint\",\"urlTemplate\":\"https:\/\/elmawkie.dz\/fr\/?s={search_term_string}\"},\"query-input\":\"required name=search_term_string\"}],\"inLanguage\":\"fr-FR\"},{\"@type\":\"Organization\",\"@id\":\"https:\/\/elmawkie.dz\/fr\/#organization\",\"name\":\"EL MAWKIE\",\"url\":\"https:\/\/elmawkie.dz\/fr\/\",\"logo\":{\"@type\":\"ImageObject\",\"inLanguage\":\"fr-FR\",\"@id\":\"https:\/\/elmawkie.dz\/fr\/#\/schema\/logo\/image\/\",\"url\":\"https:\/\/elmawkie.dz\/fr\/wp-content\/uploads\/2024\/05\/logo1.png\",\"contentUrl\":\"https:\/\/elmawkie.dz\/fr\/wp-content\/uploads\/2024\/05\/logo1.png\",\"width\":1648,\"height\":652,\"caption\":\"EL MAWKIE\"},\"image\":{\"@id\":\"https:\/\/elmawkie.dz\/fr\/#\/schema\/logo\/image\/\"},\"sameAs\":[\"https:\/\/www.facebook.com\/profile.php?id=100088407094989&locale=fr_FR\"]},{\"@type\":\"Person\",\"@id\":\"https:\/\/elmawkie.dz\/fr\/#\/schema\/person\/15cb7eba76e08e2d2d0ad4b4c4fbb6cb\",\"name\":\"khayro\",\"image\":{\"@type\":\"ImageObject\",\"inLanguage\":\"fr-FR\",\"@id\":\"https:\/\/elmawkie.dz\/fr\/#\/schema\/person\/image\/\",\"url\":\"https:\/\/secure.gravatar.com\/avatar\/5d609f726f02f77f0ff2a1483fc81992?s=96&d=mm&r=g\",\"contentUrl\":\"https:\/\/secure.gravatar.com\/avatar\/5d609f726f02f77f0ff2a1483fc81992?s=96&d=mm&r=g\",\"caption\":\"khayro\"},\"url\":\"https:\/\/elmawkie.dz\/fr\/author\/khayro\/\"}]}<\/script>\n<!-- \/ Yoast SEO Premium plugin. -->","yoast_head_json":{"title":"La France : Destination acad\u00e9mique privil\u00e9gi\u00e9e des \u00e9tudiants Alg\u00e9riens en 2023 - El Mawkie","robots":{"index":"index","follow":"follow","max-snippet":"max-snippet:-1","max-image-preview":"max-image-preview:large","max-video-preview":"max-video-preview:-1"},"canonical":"https:\/\/elmawkie.dz\/fr\/la-france-destination-academique-privilegiee-des-etudiants-algeriens-en-2023\/","og_locale":"fr_FR","og_type":"article","og_title":"La France : Destination acad\u00e9mique privil\u00e9gi\u00e9e des \u00e9tudiants Alg\u00e9riens en 2023","og_description":"L&rsquo;attrait de l&rsquo;enseignement sup\u00e9rieur fran\u00e7ais ne faiblit pas aupr\u00e8s des \u00e9tudiants alg\u00e9riens. Selon le dernier rapport annuel de Campus France, l&rsquo;ann\u00e9e 2024 a \u00e9t\u00e9 marqu\u00e9e par une augmentation significative du nombre d&rsquo;Alg\u00e9riens poursuivant leurs \u00e9tudes dans l&rsquo;Hexagone. En effet, ces donn\u00e9es couvrant l\u2019ann\u00e9e 2022-2023 refl\u00e8tent la position privil\u00e9gi\u00e9e de la France comme destination acad\u00e9mique de &hellip;","og_url":"https:\/\/elmawkie.dz\/fr\/la-france-destination-academique-privilegiee-des-etudiants-algeriens-en-2023\/","og_site_name":"El Mawkie","article_publisher":"https:\/\/www.facebook.com\/profile.php?id=100088407094989&locale=fr_FR","article_published_time":"2024-07-10T09:11:37+00:00","og_image":[{"width":432,"height":243,"url":"https:\/\/elmawkie.dz\/fr\/wp-content\/uploads\/2024\/07\/b1213839-681b-4767-8ed3-1e656826df79.jpeg","type":"image\/jpeg"}],"author":"khayro","twitter_card":"summary_large_image","twitter_misc":{"Written by":"khayro","Est. reading time":"1 minute"},"schema":{"@context":"https:\/\/schema.org","@graph":[{"@type":"Article","@id":"https:\/\/elmawkie.dz\/fr\/la-france-destination-academique-privilegiee-des-etudiants-algeriens-en-2023\/#article","isPartOf":{"@id":"https:\/\/elmawkie.dz\/fr\/la-france-destination-academique-privilegiee-des-etudiants-algeriens-en-2023\/"},"author":{"name":"khayro","@id":"https:\/\/elmawkie.dz\/fr\/#\/schema\/person\/15cb7eba76e08e2d2d0ad4b4c4fbb6cb"},"headline":"La France : Destination acad\u00e9mique privil\u00e9gi\u00e9e des \u00e9tudiants Alg\u00e9riens en 2023","datePublished":"2024-07-10T09:11:37+00:00","dateModified":"2024-07-10T09:11:37+00:00","mainEntityOfPage":{"@id":"https:\/\/elmawkie.dz\/fr\/la-france-destination-academique-privilegiee-des-etudiants-algeriens-en-2023\/"},"wordCount":222,"commentCount":0,"publisher":{"@id":"https:\/\/elmawkie.dz\/fr\/#organization"},"image":{"@id":"https:\/\/elmawkie.dz\/fr\/la-france-destination-academique-privilegiee-des-etudiants-algeriens-en-2023\/#primaryimage"},"thumbnailUrl":"https:\/\/elmawkie.dz\/fr\/wp-content\/uploads\/2024\/07\/b1213839-681b-4767-8ed3-1e656826df79.jpeg","keywords":["Alg\u00e9rie","\u00e9tudiants","France","mobilit\u00e9 estudiantine"],"articleSection":["International","National"],"inLanguage":"fr-FR","potentialAction":[{"@type":"CommentAction","name":"Comment","target":["https:\/\/elmawkie.dz\/fr\/la-france-destination-academique-privilegiee-des-etudiants-algeriens-en-2023\/#respond"]}]},{"@type":"WebPage","@id":"https:\/\/elmawkie.dz\/fr\/la-france-destination-academique-privilegiee-des-etudiants-algeriens-en-2023\/","url":"https:\/\/elmawkie.dz\/fr\/la-france-destination-academique-privilegiee-des-etudiants-algeriens-en-2023\/","name":"La France : Destination acad\u00e9mique privil\u00e9gi\u00e9e des \u00e9tudiants Alg\u00e9riens en 2023 - El Mawkie","isPartOf":{"@id":"https:\/\/elmawkie.dz\/fr\/#website"},"primaryImageOfPage":{"@id":"https:\/\/elmawkie.dz\/fr\/la-france-destination-academique-privilegiee-des-etudiants-algeriens-en-2023\/#primaryimage"},"image":{"@id":"https:\/\/elmawkie.dz\/fr\/la-france-destination-academique-privilegiee-des-etudiants-algeriens-en-2023\/#primaryimage"},"thumbnailUrl":"https:\/\/elmawkie.dz\/fr\/wp-content\/uploads\/2024\/07\/b1213839-681b-4767-8ed3-1e656826df79.jpeg","datePublished":"2024-07-10T09:11:37+00:00","dateModified":"2024-07-10T09:11:37+00:00","breadcrumb":{"@id":"https:\/\/elmawkie.dz\/fr\/la-france-destination-academique-privilegiee-des-etudiants-algeriens-en-2023\/#breadcrumb"},"inLanguage":"fr-FR","potentialAction":[{"@type":"ReadAction","target":["https:\/\/elmawkie.dz\/fr\/la-france-destination-academique-privilegiee-des-etudiants-algeriens-en-2023\/"]}]},{"@type":"ImageObject","inLanguage":"fr-FR","@id":"https:\/\/elmawkie.dz\/fr\/la-france-destination-academique-privilegiee-des-etudiants-algeriens-en-2023\/#primaryimage","url":"https:\/\/elmawkie.dz\/fr\/wp-content\/uploads\/2024\/07\/b1213839-681b-4767-8ed3-1e656826df79.jpeg","contentUrl":"https:\/\/elmawkie.dz\/fr\/wp-content\/uploads\/2024\/07\/b1213839-681b-4767-8ed3-1e656826df79.jpeg","width":432,"height":243},{"@type":"BreadcrumbList","@id":"https:\/\/elmawkie.dz\/fr\/la-france-destination-academique-privilegiee-des-etudiants-algeriens-en-2023\/#breadcrumb","itemListElement":[{"@type":"ListItem","position":1,"name":"Home","item":"https:\/\/elmawkie.dz\/fr\/"},{"@type":"ListItem","position":2,"name":"La France : Destination acad\u00e9mique privil\u00e9gi\u00e9e des \u00e9tudiants Alg\u00e9riens en 2023"}]},{"@type":"WebSite","@id":"https:\/\/elmawkie.dz\/fr\/#website","url":"https:\/\/elmawkie.dz\/fr\/","name":"EL MAWKIE","description":"Journal \u00c9lectronique Alg\u00e9rien","publisher":{"@id":"https:\/\/elmawkie.dz\/fr\/#organization"},"potentialAction":[{"@type":"SearchAction","target":{"@type":"EntryPoint","urlTemplate":"https:\/\/elmawkie.dz\/fr\/?s={search_term_string}"},"query-input":"required name=search_term_string"}],"inLanguage":"fr-FR"},{"@type":"Organization","@id":"https:\/\/elmawkie.dz\/fr\/#organization","name":"EL MAWKIE","url":"https:\/\/elmawkie.dz\/fr\/","logo":{"@type":"ImageObject","inLanguage":"fr-FR","@id":"https:\/\/elmawkie.dz\/fr\/#\/schema\/logo\/image\/","url":"https:\/\/elmawkie.dz\/fr\/wp-content\/uploads\/2024\/05\/logo1.png","contentUrl":"https:\/\/elmawkie.dz\/fr\/wp-content\/uploads\/2024\/05\/logo1.png","width":1648,"height":652,"caption":"EL MAWKIE"},"image":{"@id":"https:\/\/elmawkie.dz\/fr\/#\/schema\/logo\/image\/"},"sameAs":["https:\/\/www.facebook.com\/profile.php?id=100088407094989&locale=fr_FR"]},{"@type":"Person","@id":"https:\/\/elmawkie.dz\/fr\/#\/schema\/person\/15cb7eba76e08e2d2d0ad4b4c4fbb6cb","name":"khayro","image":{"@type":"ImageObject","inLanguage":"fr-FR","@id":"https:\/\/elmawkie.dz\/fr\/#\/schema\/person\/image\/","url":"https:\/\/secure.gravatar.com\/avatar\/5d609f726f02f77f0ff2a1483fc81992?s=96&d=mm&r=g","contentUrl":"https:\/\/secure.gravatar.com\/avatar\/5d609f726f02f77f0ff2a1483fc81992?s=96&d=mm&r=g","caption":"khayro"},"url":"https:\/\/elmawkie.dz\/fr\/author\/khayro\/"}]}},"_links":{"self":[{"href":"https:\/\/elmawkie.dz\/fr\/wp-json\/wp\/v2\/posts\/2724","targetHints":{"allow":["GET"]}}],"collection":[{"href":"https:\/\/elmawkie.dz\/fr\/wp-json\/wp\/v2\/posts"}],"about":[{"href":"https:\/\/elmawkie.dz\/fr\/wp-json\/wp\/v2\/types\/post"}],"author":[{"embeddable":true,"href":"https:\/\/elmawkie.dz\/fr\/wp-json\/wp\/v2\/users\/8"}],"replies":[{"embeddable":true,"href":"https:\/\/elmawkie.dz\/fr\/wp-json\/wp\/v2\/comments?post=2724"}],"version-history":[{"count":0,"href":"https:\/\/elmawkie.dz\/fr\/wp-json\/wp\/v2\/posts\/2724\/revisions"}],"wp:featuredmedia":[{"embeddable":true,"href":"https:\/\/elmawkie.dz\/fr\/wp-json\/wp\/v2\/media\/2728"}],"wp:attachment":[{"href":"https:\/\/elmawkie.dz\/fr\/wp-json\/wp\/v2\/media?parent=2724"}],"wp:term":[{"taxonomy":"category","embeddable":true,"href":"https:\/\/elmawkie.dz\/fr\/wp-json\/wp\/v2\/categories?post=2724"},{"taxonomy":"post_tag","embeddable":true,"href":"https:\/\/elmawkie.dz\/fr\/wp-json\/wp\/v2\/tags?post=2724"}],"curies":[{"name":"wp","href":"https:\/\/api.w.org\/{rel}","templated":true}]}}