{"id":2703,"date":"2024-07-09T22:43:22","date_gmt":"2024-07-09T21:43:22","guid":{"rendered":"https:\/\/elmawkie.dz\/fr\/?p=2703"},"modified":"2024-07-10T08:23:51","modified_gmt":"2024-07-10T07:23:51","slug":"169-familles-relogees-mercredi-a-oran","status":"publish","type":"post","link":"https:\/\/elmawkie.dz\/fr\/169-familles-relogees-mercredi-a-oran\/","title":{"rendered":"174 familles relog\u00e9es Mercredi \u00e0 Oran"},"content":{"rendered":"<p class=\"p1\"><strong><em><span class=\"s1\">L\u2019op\u00e9ration de relogement des familles occupants des bidonvilles se poursuit \u00e0 la wilaya d\u2019Oran permettant ainsi aux autorit\u00e9s locales de r\u00e9cup\u00e9rer un important foncier immobilier qui sera r\u00e9serv\u00e9es \u00e0 la r\u00e9alisation d\u2019une dizaine de projets d\u2019utilit\u00e9 publique .<\/span><\/em><\/strong><\/p>\n<p class=\"p1\"><em><span class=\"s2\">En effet , environs 174 familles b\u00e9n\u00e9ficieront, ce Mercredi , de nouveaux logements dans le cadre de recasement des populations r\u00e9sidants dans les habitations bidonvilles \u00e0 travers la wilaya d\u2019Oran . ses familles en question habitants au site pr\u00e9caire \u201c SBIKA 2 \u201d dans la commune des Es-Senia vont \u00eatre relog\u00e9s vers des logements neufs dans le p\u00f4le urbain situ\u00e9 au lieu-dit djfafla relevant de la commune de Mers El Hadjaj .<\/span><\/em><\/p>\n<p class=\"p1\"><em><span class=\"s2\"> Notant qu\u2019une grande op\u00e9ration de relogement s\u2019est d\u00e9roul\u00e9e dans de bonne condition a \u00e9t\u00e9 lanc\u00e9e cette semaine permettant d\u2019\u00e9radiquer 4 importants site de bidonvilles et \u00e0 relog\u00e9s 963 familles au p\u00f4le urbain de Sidi Benyebka , <\/span><span class=\"s1\">De plus, pour mener \u00e0 bien cette op\u00e9ration, les responsables de la wilaya D\u2019Oran ont pris toutes les dispositions n\u00e9cessaires.a cet effet ils ont mobilis\u00e9 des centaines d\u2019\u00e9l\u00e9ments du groupement territorial de la gendarmerie nationale et \u00a0de la S\u00fbret\u00e9 de wilaya et la Protection civile <\/span><span class=\"s2\">\u00a0 pour encadrer l\u2019op\u00e9ration.<\/span><\/em><\/p>\n<p class=\"p1\"><em><span class=\"s1\">Avec l\u2019op\u00e9ration de mercredi le 10 juillet 2024 la wilaya d\u2019oran a relog\u00e9 cette semaine pas moins de 1100 familles issues des bidonvilles<\/span><span class=\"s2\"> .<\/span><\/em><em><span class=\"s2\">Il convient de rappeler que par instructions de M.le wali D\u2019Oran Sa\u00efd Saayoud , toutes les bidonvilles dont les occupants ont \u00e9t\u00e9 relog\u00e9s sont d\u00e9molies juste apr\u00e8s le relogements pour \u00e9viter que d&rsquo;autres personnes opportunistes ne viennent les occuper \u00e0 nouveau .<\/span><\/em><\/p>\n","protected":false},"excerpt":{"rendered":"<p>L\u2019op\u00e9ration de relogement des familles occupants des bidonvilles se poursuit \u00e0 la wilaya d\u2019Oran permettant ainsi aux autorit\u00e9s locales de r\u00e9cup\u00e9rer un important foncier immobilier qui sera r\u00e9serv\u00e9es \u00e0 la r\u00e9alisation d\u2019une dizaine de projets d\u2019utilit\u00e9 publique . En effet , environs 174 familles b\u00e9n\u00e9ficieront, ce Mercredi , de nouveaux logements dans le cadre de &hellip;<\/p>\n","protected":false},"author":3,"featured_media":2704,"comment_status":"open","ping_status":"open","sticky":false,"template":"","format":"standard","meta":{"footnotes":""},"categories":[50],"tags":[],"class_list":["post-2703","post","type-post","status-publish","format-standard","has-post-thumbnail","hentry","category-region"],"yoast_head":"<!-- This site is optimized with the Yoast SEO Premium plugin v22.6 (Yoast SEO v22.6) - https:\/\/yoast.com\/wordpress\/plugins\/seo\/ -->\n<title>174 familles relog\u00e9es Mercredi \u00e0 Oran - El Mawkie<\/title>\n<meta name=\"robots\" content=\"index, follow, max-snippet:-1, max-image-preview:large, max-video-preview:-1\" \/>\n<link rel=\"canonical\" href=\"https:\/\/elmawkie.dz\/fr\/169-familles-relogees-mercredi-a-oran\/\" \/>\n<meta property=\"og:locale\" content=\"fr_FR\" \/>\n<meta property=\"og:type\" content=\"article\" \/>\n<meta property=\"og:title\" content=\"174 familles relog\u00e9es Mercredi \u00e0 Oran\" \/>\n<meta property=\"og:description\" content=\"L\u2019op\u00e9ration de relogement des familles occupants des bidonvilles se poursuit \u00e0 la wilaya d\u2019Oran permettant ainsi aux autorit\u00e9s locales de r\u00e9cup\u00e9rer un important foncier immobilier qui sera r\u00e9serv\u00e9es \u00e0 la r\u00e9alisation d\u2019une dizaine de projets d\u2019utilit\u00e9 publique . En effet , environs 174 familles b\u00e9n\u00e9ficieront, ce Mercredi , de nouveaux logements dans le cadre de &hellip;\" \/>\n<meta property=\"og:url\" content=\"https:\/\/elmawkie.dz\/fr\/169-familles-relogees-mercredi-a-oran\/\" \/>\n<meta property=\"og:site_name\" content=\"El Mawkie\" \/>\n<meta property=\"article:publisher\" content=\"https:\/\/www.facebook.com\/profile.php?id=100088407094989&amp;locale=fr_FR\" \/>\n<meta property=\"article:published_time\" content=\"2024-07-09T21:43:22+00:00\" \/>\n<meta property=\"article:modified_time\" content=\"2024-07-10T07:23:51+00:00\" \/>\n<meta property=\"og:image\" content=\"https:\/\/elmawkie.dz\/fr\/wp-content\/uploads\/2024\/07\/IMG_8242.jpeg\" \/>\n\t<meta property=\"og:image:width\" content=\"289\" \/>\n\t<meta property=\"og:image:height\" content=\"174\" \/>\n\t<meta property=\"og:image:type\" content=\"image\/jpeg\" \/>\n<meta name=\"author\" content=\"Hamra Fouzia\" \/>\n<meta name=\"twitter:card\" content=\"summary_large_image\" \/>\n<meta name=\"twitter:label1\" content=\"Written by\" \/>\n\t<meta name=\"twitter:data1\" content=\"Hamra Fouzia\" \/>\n\t<meta name=\"twitter:label2\" content=\"Est. reading time\" \/>\n\t<meta name=\"twitter:data2\" content=\"1 minute\" \/>\n<script type=\"application\/ld+json\" class=\"yoast-schema-graph\">{\"@context\":\"https:\/\/schema.org\",\"@graph\":[{\"@type\":\"Article\",\"@id\":\"https:\/\/elmawkie.dz\/fr\/169-familles-relogees-mercredi-a-oran\/#article\",\"isPartOf\":{\"@id\":\"https:\/\/elmawkie.dz\/fr\/169-familles-relogees-mercredi-a-oran\/\"},\"author\":{\"name\":\"Hamra Fouzia\",\"@id\":\"https:\/\/elmawkie.dz\/fr\/#\/schema\/person\/4ed8433201bc23634185d8dd37097c64\"},\"headline\":\"174 familles relog\u00e9es Mercredi \u00e0 Oran\",\"datePublished\":\"2024-07-09T21:43:22+00:00\",\"dateModified\":\"2024-07-10T07:23:51+00:00\",\"mainEntityOfPage\":{\"@id\":\"https:\/\/elmawkie.dz\/fr\/169-familles-relogees-mercredi-a-oran\/\"},\"wordCount\":287,\"commentCount\":0,\"publisher\":{\"@id\":\"https:\/\/elmawkie.dz\/fr\/#organization\"},\"image\":{\"@id\":\"https:\/\/elmawkie.dz\/fr\/169-familles-relogees-mercredi-a-oran\/#primaryimage\"},\"thumbnailUrl\":\"https:\/\/elmawkie.dz\/fr\/wp-content\/uploads\/2024\/07\/IMG_8242.jpeg\",\"articleSection\":[\"R\u00e9gion\"],\"inLanguage\":\"fr-FR\",\"potentialAction\":[{\"@type\":\"CommentAction\",\"name\":\"Comment\",\"target\":[\"https:\/\/elmawkie.dz\/fr\/169-familles-relogees-mercredi-a-oran\/#respond\"]}]},{\"@type\":\"WebPage\",\"@id\":\"https:\/\/elmawkie.dz\/fr\/169-familles-relogees-mercredi-a-oran\/\",\"url\":\"https:\/\/elmawkie.dz\/fr\/169-familles-relogees-mercredi-a-oran\/\",\"name\":\"174 familles relog\u00e9es Mercredi \u00e0 Oran - El Mawkie\",\"isPartOf\":{\"@id\":\"https:\/\/elmawkie.dz\/fr\/#website\"},\"primaryImageOfPage\":{\"@id\":\"https:\/\/elmawkie.dz\/fr\/169-familles-relogees-mercredi-a-oran\/#primaryimage\"},\"image\":{\"@id\":\"https:\/\/elmawkie.dz\/fr\/169-familles-relogees-mercredi-a-oran\/#primaryimage\"},\"thumbnailUrl\":\"https:\/\/elmawkie.dz\/fr\/wp-content\/uploads\/2024\/07\/IMG_8242.jpeg\",\"datePublished\":\"2024-07-09T21:43:22+00:00\",\"dateModified\":\"2024-07-10T07:23:51+00:00\",\"breadcrumb\":{\"@id\":\"https:\/\/elmawkie.dz\/fr\/169-familles-relogees-mercredi-a-oran\/#breadcrumb\"},\"inLanguage\":\"fr-FR\",\"potentialAction\":[{\"@type\":\"ReadAction\",\"target\":[\"https:\/\/elmawkie.dz\/fr\/169-familles-relogees-mercredi-a-oran\/\"]}]},{\"@type\":\"ImageObject\",\"inLanguage\":\"fr-FR\",\"@id\":\"https:\/\/elmawkie.dz\/fr\/169-familles-relogees-mercredi-a-oran\/#primaryimage\",\"url\":\"https:\/\/elmawkie.dz\/fr\/wp-content\/uploads\/2024\/07\/IMG_8242.jpeg\",\"contentUrl\":\"https:\/\/elmawkie.dz\/fr\/wp-content\/uploads\/2024\/07\/IMG_8242.jpeg\",\"width\":289,\"height\":174},{\"@type\":\"BreadcrumbList\",\"@id\":\"https:\/\/elmawkie.dz\/fr\/169-familles-relogees-mercredi-a-oran\/#breadcrumb\",\"itemListElement\":[{\"@type\":\"ListItem\",\"position\":1,\"name\":\"Home\",\"item\":\"https:\/\/elmawkie.dz\/fr\/\"},{\"@type\":\"ListItem\",\"position\":2,\"name\":\"174 familles relog\u00e9es Mercredi \u00e0 Oran\"}]},{\"@type\":\"WebSite\",\"@id\":\"https:\/\/elmawkie.dz\/fr\/#website\",\"url\":\"https:\/\/elmawkie.dz\/fr\/\",\"name\":\"EL MAWKIE\",\"description\":\"Journal \u00c9lectronique Alg\u00e9rien\",\"publisher\":{\"@id\":\"https:\/\/elmawkie.dz\/fr\/#organization\"},\"potentialAction\":[{\"@type\":\"SearchAction\",\"target\":{\"@type\":\"EntryPoint\",\"urlTemplate\":\"https:\/\/elmawkie.dz\/fr\/?s={search_term_string}\"},\"query-input\":\"required name=search_term_string\"}],\"inLanguage\":\"fr-FR\"},{\"@type\":\"Organization\",\"@id\":\"https:\/\/elmawkie.dz\/fr\/#organization\",\"name\":\"EL MAWKIE\",\"url\":\"https:\/\/elmawkie.dz\/fr\/\",\"logo\":{\"@type\":\"ImageObject\",\"inLanguage\":\"fr-FR\",\"@id\":\"https:\/\/elmawkie.dz\/fr\/#\/schema\/logo\/image\/\",\"url\":\"https:\/\/elmawkie.dz\/fr\/wp-content\/uploads\/2024\/05\/logo1.png\",\"contentUrl\":\"https:\/\/elmawkie.dz\/fr\/wp-content\/uploads\/2024\/05\/logo1.png\",\"width\":1648,\"height\":652,\"caption\":\"EL MAWKIE\"},\"image\":{\"@id\":\"https:\/\/elmawkie.dz\/fr\/#\/schema\/logo\/image\/\"},\"sameAs\":[\"https:\/\/www.facebook.com\/profile.php?id=100088407094989&locale=fr_FR\"]},{\"@type\":\"Person\",\"@id\":\"https:\/\/elmawkie.dz\/fr\/#\/schema\/person\/4ed8433201bc23634185d8dd37097c64\",\"name\":\"Hamra Fouzia\",\"image\":{\"@type\":\"ImageObject\",\"inLanguage\":\"fr-FR\",\"@id\":\"https:\/\/elmawkie.dz\/fr\/#\/schema\/person\/image\/\",\"url\":\"https:\/\/secure.gravatar.com\/avatar\/ea215268aad51f3219f9a59227db6fa1?s=96&d=mm&r=g\",\"contentUrl\":\"https:\/\/secure.gravatar.com\/avatar\/ea215268aad51f3219f9a59227db6fa1?s=96&d=mm&r=g\",\"caption\":\"Hamra Fouzia\"},\"sameAs\":[\"https:\/\/elmawkie.dz\/fr\"],\"url\":\"https:\/\/elmawkie.dz\/fr\/author\/elmawkie\/\"}]}<\/script>\n<!-- \/ Yoast SEO Premium plugin. -->","yoast_head_json":{"title":"174 familles relog\u00e9es Mercredi \u00e0 Oran - El Mawkie","robots":{"index":"index","follow":"follow","max-snippet":"max-snippet:-1","max-image-preview":"max-image-preview:large","max-video-preview":"max-video-preview:-1"},"canonical":"https:\/\/elmawkie.dz\/fr\/169-familles-relogees-mercredi-a-oran\/","og_locale":"fr_FR","og_type":"article","og_title":"174 familles relog\u00e9es Mercredi \u00e0 Oran","og_description":"L\u2019op\u00e9ration de relogement des familles occupants des bidonvilles se poursuit \u00e0 la wilaya d\u2019Oran permettant ainsi aux autorit\u00e9s locales de r\u00e9cup\u00e9rer un important foncier immobilier qui sera r\u00e9serv\u00e9es \u00e0 la r\u00e9alisation d\u2019une dizaine de projets d\u2019utilit\u00e9 publique . En effet , environs 174 familles b\u00e9n\u00e9ficieront, ce Mercredi , de nouveaux logements dans le cadre de &hellip;","og_url":"https:\/\/elmawkie.dz\/fr\/169-familles-relogees-mercredi-a-oran\/","og_site_name":"El Mawkie","article_publisher":"https:\/\/www.facebook.com\/profile.php?id=100088407094989&locale=fr_FR","article_published_time":"2024-07-09T21:43:22+00:00","article_modified_time":"2024-07-10T07:23:51+00:00","og_image":[{"width":289,"height":174,"url":"https:\/\/elmawkie.dz\/fr\/wp-content\/uploads\/2024\/07\/IMG_8242.jpeg","type":"image\/jpeg"}],"author":"Hamra Fouzia","twitter_card":"summary_large_image","twitter_misc":{"Written by":"Hamra Fouzia","Est. reading time":"1 minute"},"schema":{"@context":"https:\/\/schema.org","@graph":[{"@type":"Article","@id":"https:\/\/elmawkie.dz\/fr\/169-familles-relogees-mercredi-a-oran\/#article","isPartOf":{"@id":"https:\/\/elmawkie.dz\/fr\/169-familles-relogees-mercredi-a-oran\/"},"author":{"name":"Hamra Fouzia","@id":"https:\/\/elmawkie.dz\/fr\/#\/schema\/person\/4ed8433201bc23634185d8dd37097c64"},"headline":"174 familles relog\u00e9es Mercredi \u00e0 Oran","datePublished":"2024-07-09T21:43:22+00:00","dateModified":"2024-07-10T07:23:51+00:00","mainEntityOfPage":{"@id":"https:\/\/elmawkie.dz\/fr\/169-familles-relogees-mercredi-a-oran\/"},"wordCount":287,"commentCount":0,"publisher":{"@id":"https:\/\/elmawkie.dz\/fr\/#organization"},"image":{"@id":"https:\/\/elmawkie.dz\/fr\/169-familles-relogees-mercredi-a-oran\/#primaryimage"},"thumbnailUrl":"https:\/\/elmawkie.dz\/fr\/wp-content\/uploads\/2024\/07\/IMG_8242.jpeg","articleSection":["R\u00e9gion"],"inLanguage":"fr-FR","potentialAction":[{"@type":"CommentAction","name":"Comment","target":["https:\/\/elmawkie.dz\/fr\/169-familles-relogees-mercredi-a-oran\/#respond"]}]},{"@type":"WebPage","@id":"https:\/\/elmawkie.dz\/fr\/169-familles-relogees-mercredi-a-oran\/","url":"https:\/\/elmawkie.dz\/fr\/169-familles-relogees-mercredi-a-oran\/","name":"174 familles relog\u00e9es Mercredi \u00e0 Oran - El Mawkie","isPartOf":{"@id":"https:\/\/elmawkie.dz\/fr\/#website"},"primaryImageOfPage":{"@id":"https:\/\/elmawkie.dz\/fr\/169-familles-relogees-mercredi-a-oran\/#primaryimage"},"image":{"@id":"https:\/\/elmawkie.dz\/fr\/169-familles-relogees-mercredi-a-oran\/#primaryimage"},"thumbnailUrl":"https:\/\/elmawkie.dz\/fr\/wp-content\/uploads\/2024\/07\/IMG_8242.jpeg","datePublished":"2024-07-09T21:43:22+00:00","dateModified":"2024-07-10T07:23:51+00:00","breadcrumb":{"@id":"https:\/\/elmawkie.dz\/fr\/169-familles-relogees-mercredi-a-oran\/#breadcrumb"},"inLanguage":"fr-FR","potentialAction":[{"@type":"ReadAction","target":["https:\/\/elmawkie.dz\/fr\/169-familles-relogees-mercredi-a-oran\/"]}]},{"@type":"ImageObject","inLanguage":"fr-FR","@id":"https:\/\/elmawkie.dz\/fr\/169-familles-relogees-mercredi-a-oran\/#primaryimage","url":"https:\/\/elmawkie.dz\/fr\/wp-content\/uploads\/2024\/07\/IMG_8242.jpeg","contentUrl":"https:\/\/elmawkie.dz\/fr\/wp-content\/uploads\/2024\/07\/IMG_8242.jpeg","width":289,"height":174},{"@type":"BreadcrumbList","@id":"https:\/\/elmawkie.dz\/fr\/169-familles-relogees-mercredi-a-oran\/#breadcrumb","itemListElement":[{"@type":"ListItem","position":1,"name":"Home","item":"https:\/\/elmawkie.dz\/fr\/"},{"@type":"ListItem","position":2,"name":"174 familles relog\u00e9es Mercredi \u00e0 Oran"}]},{"@type":"WebSite","@id":"https:\/\/elmawkie.dz\/fr\/#website","url":"https:\/\/elmawkie.dz\/fr\/","name":"EL MAWKIE","description":"Journal \u00c9lectronique Alg\u00e9rien","publisher":{"@id":"https:\/\/elmawkie.dz\/fr\/#organization"},"potentialAction":[{"@type":"SearchAction","target":{"@type":"EntryPoint","urlTemplate":"https:\/\/elmawkie.dz\/fr\/?s={search_term_string}"},"query-input":"required name=search_term_string"}],"inLanguage":"fr-FR"},{"@type":"Organization","@id":"https:\/\/elmawkie.dz\/fr\/#organization","name":"EL MAWKIE","url":"https:\/\/elmawkie.dz\/fr\/","logo":{"@type":"ImageObject","inLanguage":"fr-FR","@id":"https:\/\/elmawkie.dz\/fr\/#\/schema\/logo\/image\/","url":"https:\/\/elmawkie.dz\/fr\/wp-content\/uploads\/2024\/05\/logo1.png","contentUrl":"https:\/\/elmawkie.dz\/fr\/wp-content\/uploads\/2024\/05\/logo1.png","width":1648,"height":652,"caption":"EL MAWKIE"},"image":{"@id":"https:\/\/elmawkie.dz\/fr\/#\/schema\/logo\/image\/"},"sameAs":["https:\/\/www.facebook.com\/profile.php?id=100088407094989&locale=fr_FR"]},{"@type":"Person","@id":"https:\/\/elmawkie.dz\/fr\/#\/schema\/person\/4ed8433201bc23634185d8dd37097c64","name":"Hamra Fouzia","image":{"@type":"ImageObject","inLanguage":"fr-FR","@id":"https:\/\/elmawkie.dz\/fr\/#\/schema\/person\/image\/","url":"https:\/\/secure.gravatar.com\/avatar\/ea215268aad51f3219f9a59227db6fa1?s=96&d=mm&r=g","contentUrl":"https:\/\/secure.gravatar.com\/avatar\/ea215268aad51f3219f9a59227db6fa1?s=96&d=mm&r=g","caption":"Hamra Fouzia"},"sameAs":["https:\/\/elmawkie.dz\/fr"],"url":"https:\/\/elmawkie.dz\/fr\/author\/elmawkie\/"}]}},"_links":{"self":[{"href":"https:\/\/elmawkie.dz\/fr\/wp-json\/wp\/v2\/posts\/2703","targetHints":{"allow":["GET"]}}],"collection":[{"href":"https:\/\/elmawkie.dz\/fr\/wp-json\/wp\/v2\/posts"}],"about":[{"href":"https:\/\/elmawkie.dz\/fr\/wp-json\/wp\/v2\/types\/post"}],"author":[{"embeddable":true,"href":"https:\/\/elmawkie.dz\/fr\/wp-json\/wp\/v2\/users\/3"}],"replies":[{"embeddable":true,"href":"https:\/\/elmawkie.dz\/fr\/wp-json\/wp\/v2\/comments?post=2703"}],"version-history":[{"count":0,"href":"https:\/\/elmawkie.dz\/fr\/wp-json\/wp\/v2\/posts\/2703\/revisions"}],"wp:featuredmedia":[{"embeddable":true,"href":"https:\/\/elmawkie.dz\/fr\/wp-json\/wp\/v2\/media\/2704"}],"wp:attachment":[{"href":"https:\/\/elmawkie.dz\/fr\/wp-json\/wp\/v2\/media?parent=2703"}],"wp:term":[{"taxonomy":"category","embeddable":true,"href":"https:\/\/elmawkie.dz\/fr\/wp-json\/wp\/v2\/categories?post=2703"},{"taxonomy":"post_tag","embeddable":true,"href":"https:\/\/elmawkie.dz\/fr\/wp-json\/wp\/v2\/tags?post=2703"}],"curies":[{"name":"wp","href":"https:\/\/api.w.org\/{rel}","templated":true}]}}