{"id":2695,"date":"2024-07-09T20:08:42","date_gmt":"2024-07-09T19:08:42","guid":{"rendered":"https:\/\/elmawkie.dz\/fr\/?p=2695"},"modified":"2024-07-09T20:10:11","modified_gmt":"2024-07-09T19:10:11","slug":"marine-le-pen-proces-en-septembre-pour-detournements-de-fonds","status":"publish","type":"post","link":"https:\/\/elmawkie.dz\/fr\/marine-le-pen-proces-en-septembre-pour-detournements-de-fonds\/","title":{"rendered":"Marine Le Pen : Proc\u00e8s en septembre pour d\u00e9tournements de fonds"},"content":{"rendered":"<p><em>La cheffe de file du Rassemblement national (RN), Marine Le Pen, a rendez-vous \u00a0\u00e0 partir du 30 septembre 2024 au tribunal correctionnel pour r\u00e9pondre des accusations, a indiqu\u00e9 mardi le parquet de Paris, pour\u00a0\u201cd\u00e9tournements de fonds\u201d publics, des financements europ\u00e9ens dans le cadre de ses activit\u00e9s d\u2019eurod\u00e9put\u00e9e (entre 2004 et 2016).<\/em><\/p>\n<p><em>Mais elle n\u2019est pas la seule (son papa Jean-Marie Le Pen sera exempt\u00e9 pour raison m\u00e9dicale), 24 responsables du Front National \u00e9galement.<\/em><br \/>\n<em>Mme Le Pen fait l\u2019objet d\u2019une enqu\u00eate pour financement ill\u00e9gal pr\u00e9sum\u00e9. Les investigations ont \u00e9t\u00e9 diligent\u00e9es suite \u00e0 une alerte de la Commission nationale des comptes de campagne et des financements politiques (CNCCFP), a fait savoir ce mardi 9 juillet le parquet de Paris .<\/em><\/p>\n<p>Une information judiciaire a \u00e9t\u00e9 d\u00e9clench\u00e9e le 2 juillet, apr\u00e8s une enqu\u00eate pr\u00e9liminaire, pour \u201c<em>pr\u00eat d\u2019une personne morale \u00e0 un candidat en campagne \u00e9lectorale, acceptation par un candidat en campagne de pr\u00eat d\u2019une personne morale, d\u00e9tournement de biens par des personnes exer\u00e7ant une fonction publique, escroquerie commise au pr\u00e9judice d\u2019une personne publique, faux et usage de faux<\/em>\u201c, a indiqu\u00e9 le parquet.<\/p>\n<p><em>Les investigations, conduites par la brigade financi\u00e8re de la police judiciaire parisienne, \u201cse poursuivent donc d\u00e9sormais sous la direction d\u2019un magistrat instructeur\u201c, a ajout\u00e9 la m\u00eame source. A noter que la CNCCFP, en charge du contr\u00f4le de la r\u00e9gularit\u00e9 des d\u00e9penses des candidats, des montants plafonn\u00e9s et dont une partie est rembours\u00e9e par le Tr\u00e9sor public, avait \u00e9mis ce signalement en 2023. On ne sait rien de plus sur ce qui est reproch\u00e9 \u00e0 Mme Le Pen.<\/em><\/p>\n<p><em>\u201cMa cliente n\u2019a jamais \u00e9t\u00e9 entendue \u00e0 quelque titre que ce soit sur aucun fait en lien avec ce reproche g\u00e9n\u00e9ral\u201c, a argu\u00e9 dans un communiqu\u00e9 son avocat, Me Rodolphe Bosselut. \u201cElle fait face aujourd\u2019hui \u00e0 une campagne m\u00e9diatique \u00e0 laquelle elle ne peut m\u00eame pas r\u00e9pondre, ni se d\u00e9fendre, \u00e0 d\u00e9faut de griefs pr\u00e9cis port\u00e9s \u00e0 sa connaissance qui pourraient faire l\u2019objet d\u2019une r\u00e9ponse circonstanci\u00e9e\u201c, a-t-il pr\u00e9cis\u00e9, en ajoutant qu\u2019il a demand\u00e9 au Parquet, \u201cen vain\u201c, des d\u00e9tails sur l\u2019affaire.<\/em><\/p>\n<p>\u201c<em>Le proc\u00e9d\u00e9 consistant \u00e0 lancer une accusation vague insusceptible d\u2019\u00eatre contest\u00e9e et d\u00e9battue, et \u00e0 mettre ainsi au pilori m\u00e9diatique ma cliente, est inique<\/em>\u201c, s\u2019insurge Me Bosselut. \u201c<em>Je suis tr\u00e8s surpris parce que le compte de campagne a \u00e9t\u00e9 valid\u00e9 en d\u00e9cembre 2022 et rembours\u00e9 en f\u00e9vrier 2023<\/em>\u201c, a confi\u00e9 un responsable du RN, qui affirme ignorer totalement les motifs de ces enqu\u00eates.<\/p>\n<p><em>Ce qu\u2019on sait c\u2019est que mi-d\u00e9cembre 2022, la CNCCFP avait rejet\u00e9 les d\u00e9penses de \u201cflocage et d\u00e9flocage\u201d de 12 autobus lou\u00e9s pour les besoins de la campagne \u00e9lectorale de Mme Le Pen, une facture de 316.182 euros. L\u2019organisme \u00e9tait d\u2019avis que l\u2019argent d\u00e9pens\u00e9 relevait de la fraude. La candidate du RN, qui avait perdu le second tour face \u00e0 Emmanuel Macron, avait d\u00e9pos\u00e9 un recours devant le Conseil constitutionnel, avant de se r\u00e9tracter.<\/em><\/p>\n<p><em>A noter qu\u2019elle avait d\u00e9bours\u00e9 quelque 11,5 millions d\u2019euros pour sa campagne pr\u00e9sidentielle de 2022, sa troisi\u00e8me. En 2017 la CNCCFP avait retoqu\u00e9 873.576 euros de d\u00e9penses, compos\u00e9es \u00e0 95% de cr\u00e9dits contract\u00e9s aupr\u00e8s du Front national (l\u2019anc\u00eatre du RN) et du micro-parti de son p\u00e8re Jean-Marie Le Pen. Mais elle n\u2019avait pas jug\u00e9 utile de contester le rejet de ses comptes .T. N<\/em><\/p>\n<p>&nbsp;<\/p>\n","protected":false},"excerpt":{"rendered":"<p>La cheffe de file du Rassemblement national (RN), Marine Le Pen, a rendez-vous \u00a0\u00e0 partir du 30 septembre 2024 au tribunal correctionnel pour r\u00e9pondre des accusations, a indiqu\u00e9 mardi le parquet de Paris, pour\u00a0\u201cd\u00e9tournements de fonds\u201d publics, des financements europ\u00e9ens dans le cadre de ses activit\u00e9s d\u2019eurod\u00e9put\u00e9e (entre 2004 et 2016). Mais elle n\u2019est pas &hellip;<\/p>\n","protected":false},"author":3,"featured_media":2696,"comment_status":"open","ping_status":"open","sticky":false,"template":"","format":"standard","meta":{"footnotes":""},"categories":[44],"tags":[],"class_list":["post-2695","post","type-post","status-publish","format-standard","has-post-thumbnail","hentry","category-international"],"yoast_head":"<!-- This site is optimized with the Yoast SEO Premium plugin v22.6 (Yoast SEO v22.6) - https:\/\/yoast.com\/wordpress\/plugins\/seo\/ -->\n<title>Marine Le Pen : Proc\u00e8s en septembre pour d\u00e9tournements de fonds - El Mawkie<\/title>\n<meta name=\"robots\" content=\"index, follow, max-snippet:-1, max-image-preview:large, max-video-preview:-1\" \/>\n<link rel=\"canonical\" href=\"https:\/\/elmawkie.dz\/fr\/marine-le-pen-proces-en-septembre-pour-detournements-de-fonds\/\" \/>\n<meta property=\"og:locale\" content=\"fr_FR\" \/>\n<meta property=\"og:type\" content=\"article\" \/>\n<meta property=\"og:title\" content=\"Marine Le Pen : Proc\u00e8s en septembre pour d\u00e9tournements de fonds\" \/>\n<meta property=\"og:description\" content=\"La cheffe de file du Rassemblement national (RN), Marine Le Pen, a rendez-vous \u00a0\u00e0 partir du 30 septembre 2024 au tribunal correctionnel pour r\u00e9pondre des accusations, a indiqu\u00e9 mardi le parquet de Paris, pour\u00a0\u201cd\u00e9tournements de fonds\u201d publics, des financements europ\u00e9ens dans le cadre de ses activit\u00e9s d\u2019eurod\u00e9put\u00e9e (entre 2004 et 2016). Mais elle n\u2019est pas &hellip;\" \/>\n<meta property=\"og:url\" content=\"https:\/\/elmawkie.dz\/fr\/marine-le-pen-proces-en-septembre-pour-detournements-de-fonds\/\" \/>\n<meta property=\"og:site_name\" content=\"El Mawkie\" \/>\n<meta property=\"article:publisher\" content=\"https:\/\/www.facebook.com\/profile.php?id=100088407094989&amp;locale=fr_FR\" \/>\n<meta property=\"article:published_time\" content=\"2024-07-09T19:08:42+00:00\" \/>\n<meta property=\"article:modified_time\" content=\"2024-07-09T19:10:11+00:00\" \/>\n<meta property=\"og:image\" content=\"https:\/\/elmawkie.dz\/fr\/wp-content\/uploads\/2024\/07\/IMG_8236.jpeg\" \/>\n\t<meta property=\"og:image:width\" content=\"259\" \/>\n\t<meta property=\"og:image:height\" content=\"194\" \/>\n\t<meta property=\"og:image:type\" content=\"image\/jpeg\" \/>\n<meta name=\"author\" content=\"Hamra Fouzia\" \/>\n<meta name=\"twitter:card\" content=\"summary_large_image\" \/>\n<meta name=\"twitter:label1\" content=\"Written by\" \/>\n\t<meta name=\"twitter:data1\" content=\"Hamra Fouzia\" \/>\n\t<meta name=\"twitter:label2\" content=\"Est. reading time\" \/>\n\t<meta name=\"twitter:data2\" content=\"3 minutes\" \/>\n<script type=\"application\/ld+json\" class=\"yoast-schema-graph\">{\"@context\":\"https:\/\/schema.org\",\"@graph\":[{\"@type\":\"Article\",\"@id\":\"https:\/\/elmawkie.dz\/fr\/marine-le-pen-proces-en-septembre-pour-detournements-de-fonds\/#article\",\"isPartOf\":{\"@id\":\"https:\/\/elmawkie.dz\/fr\/marine-le-pen-proces-en-septembre-pour-detournements-de-fonds\/\"},\"author\":{\"name\":\"Hamra Fouzia\",\"@id\":\"https:\/\/elmawkie.dz\/fr\/#\/schema\/person\/4ed8433201bc23634185d8dd37097c64\"},\"headline\":\"Marine Le Pen : Proc\u00e8s en septembre pour d\u00e9tournements de fonds\",\"datePublished\":\"2024-07-09T19:08:42+00:00\",\"dateModified\":\"2024-07-09T19:10:11+00:00\",\"mainEntityOfPage\":{\"@id\":\"https:\/\/elmawkie.dz\/fr\/marine-le-pen-proces-en-septembre-pour-detournements-de-fonds\/\"},\"wordCount\":612,\"commentCount\":0,\"publisher\":{\"@id\":\"https:\/\/elmawkie.dz\/fr\/#organization\"},\"image\":{\"@id\":\"https:\/\/elmawkie.dz\/fr\/marine-le-pen-proces-en-septembre-pour-detournements-de-fonds\/#primaryimage\"},\"thumbnailUrl\":\"https:\/\/elmawkie.dz\/fr\/wp-content\/uploads\/2024\/07\/IMG_8236.jpeg\",\"articleSection\":[\"International\"],\"inLanguage\":\"fr-FR\",\"potentialAction\":[{\"@type\":\"CommentAction\",\"name\":\"Comment\",\"target\":[\"https:\/\/elmawkie.dz\/fr\/marine-le-pen-proces-en-septembre-pour-detournements-de-fonds\/#respond\"]}]},{\"@type\":\"WebPage\",\"@id\":\"https:\/\/elmawkie.dz\/fr\/marine-le-pen-proces-en-septembre-pour-detournements-de-fonds\/\",\"url\":\"https:\/\/elmawkie.dz\/fr\/marine-le-pen-proces-en-septembre-pour-detournements-de-fonds\/\",\"name\":\"Marine Le Pen : Proc\u00e8s en septembre pour d\u00e9tournements de fonds - El Mawkie\",\"isPartOf\":{\"@id\":\"https:\/\/elmawkie.dz\/fr\/#website\"},\"primaryImageOfPage\":{\"@id\":\"https:\/\/elmawkie.dz\/fr\/marine-le-pen-proces-en-septembre-pour-detournements-de-fonds\/#primaryimage\"},\"image\":{\"@id\":\"https:\/\/elmawkie.dz\/fr\/marine-le-pen-proces-en-septembre-pour-detournements-de-fonds\/#primaryimage\"},\"thumbnailUrl\":\"https:\/\/elmawkie.dz\/fr\/wp-content\/uploads\/2024\/07\/IMG_8236.jpeg\",\"datePublished\":\"2024-07-09T19:08:42+00:00\",\"dateModified\":\"2024-07-09T19:10:11+00:00\",\"breadcrumb\":{\"@id\":\"https:\/\/elmawkie.dz\/fr\/marine-le-pen-proces-en-septembre-pour-detournements-de-fonds\/#breadcrumb\"},\"inLanguage\":\"fr-FR\",\"potentialAction\":[{\"@type\":\"ReadAction\",\"target\":[\"https:\/\/elmawkie.dz\/fr\/marine-le-pen-proces-en-septembre-pour-detournements-de-fonds\/\"]}]},{\"@type\":\"ImageObject\",\"inLanguage\":\"fr-FR\",\"@id\":\"https:\/\/elmawkie.dz\/fr\/marine-le-pen-proces-en-septembre-pour-detournements-de-fonds\/#primaryimage\",\"url\":\"https:\/\/elmawkie.dz\/fr\/wp-content\/uploads\/2024\/07\/IMG_8236.jpeg\",\"contentUrl\":\"https:\/\/elmawkie.dz\/fr\/wp-content\/uploads\/2024\/07\/IMG_8236.jpeg\",\"width\":259,\"height\":194},{\"@type\":\"BreadcrumbList\",\"@id\":\"https:\/\/elmawkie.dz\/fr\/marine-le-pen-proces-en-septembre-pour-detournements-de-fonds\/#breadcrumb\",\"itemListElement\":[{\"@type\":\"ListItem\",\"position\":1,\"name\":\"Home\",\"item\":\"https:\/\/elmawkie.dz\/fr\/\"},{\"@type\":\"ListItem\",\"position\":2,\"name\":\"Marine Le Pen : Proc\u00e8s en septembre pour d\u00e9tournements de fonds\"}]},{\"@type\":\"WebSite\",\"@id\":\"https:\/\/elmawkie.dz\/fr\/#website\",\"url\":\"https:\/\/elmawkie.dz\/fr\/\",\"name\":\"EL MAWKIE\",\"description\":\"Journal \u00c9lectronique Alg\u00e9rien\",\"publisher\":{\"@id\":\"https:\/\/elmawkie.dz\/fr\/#organization\"},\"potentialAction\":[{\"@type\":\"SearchAction\",\"target\":{\"@type\":\"EntryPoint\",\"urlTemplate\":\"https:\/\/elmawkie.dz\/fr\/?s={search_term_string}\"},\"query-input\":\"required name=search_term_string\"}],\"inLanguage\":\"fr-FR\"},{\"@type\":\"Organization\",\"@id\":\"https:\/\/elmawkie.dz\/fr\/#organization\",\"name\":\"EL MAWKIE\",\"url\":\"https:\/\/elmawkie.dz\/fr\/\",\"logo\":{\"@type\":\"ImageObject\",\"inLanguage\":\"fr-FR\",\"@id\":\"https:\/\/elmawkie.dz\/fr\/#\/schema\/logo\/image\/\",\"url\":\"https:\/\/elmawkie.dz\/fr\/wp-content\/uploads\/2024\/05\/logo1.png\",\"contentUrl\":\"https:\/\/elmawkie.dz\/fr\/wp-content\/uploads\/2024\/05\/logo1.png\",\"width\":1648,\"height\":652,\"caption\":\"EL MAWKIE\"},\"image\":{\"@id\":\"https:\/\/elmawkie.dz\/fr\/#\/schema\/logo\/image\/\"},\"sameAs\":[\"https:\/\/www.facebook.com\/profile.php?id=100088407094989&locale=fr_FR\"]},{\"@type\":\"Person\",\"@id\":\"https:\/\/elmawkie.dz\/fr\/#\/schema\/person\/4ed8433201bc23634185d8dd37097c64\",\"name\":\"Hamra Fouzia\",\"image\":{\"@type\":\"ImageObject\",\"inLanguage\":\"fr-FR\",\"@id\":\"https:\/\/elmawkie.dz\/fr\/#\/schema\/person\/image\/\",\"url\":\"https:\/\/secure.gravatar.com\/avatar\/ea215268aad51f3219f9a59227db6fa1?s=96&d=mm&r=g\",\"contentUrl\":\"https:\/\/secure.gravatar.com\/avatar\/ea215268aad51f3219f9a59227db6fa1?s=96&d=mm&r=g\",\"caption\":\"Hamra Fouzia\"},\"sameAs\":[\"https:\/\/elmawkie.dz\/fr\"],\"url\":\"https:\/\/elmawkie.dz\/fr\/author\/elmawkie\/\"}]}<\/script>\n<!-- \/ Yoast SEO Premium plugin. -->","yoast_head_json":{"title":"Marine Le Pen : Proc\u00e8s en septembre pour d\u00e9tournements de fonds - El Mawkie","robots":{"index":"index","follow":"follow","max-snippet":"max-snippet:-1","max-image-preview":"max-image-preview:large","max-video-preview":"max-video-preview:-1"},"canonical":"https:\/\/elmawkie.dz\/fr\/marine-le-pen-proces-en-septembre-pour-detournements-de-fonds\/","og_locale":"fr_FR","og_type":"article","og_title":"Marine Le Pen : Proc\u00e8s en septembre pour d\u00e9tournements de fonds","og_description":"La cheffe de file du Rassemblement national (RN), Marine Le Pen, a rendez-vous \u00a0\u00e0 partir du 30 septembre 2024 au tribunal correctionnel pour r\u00e9pondre des accusations, a indiqu\u00e9 mardi le parquet de Paris, pour\u00a0\u201cd\u00e9tournements de fonds\u201d publics, des financements europ\u00e9ens dans le cadre de ses activit\u00e9s d\u2019eurod\u00e9put\u00e9e (entre 2004 et 2016). Mais elle n\u2019est pas &hellip;","og_url":"https:\/\/elmawkie.dz\/fr\/marine-le-pen-proces-en-septembre-pour-detournements-de-fonds\/","og_site_name":"El Mawkie","article_publisher":"https:\/\/www.facebook.com\/profile.php?id=100088407094989&locale=fr_FR","article_published_time":"2024-07-09T19:08:42+00:00","article_modified_time":"2024-07-09T19:10:11+00:00","og_image":[{"width":259,"height":194,"url":"https:\/\/elmawkie.dz\/fr\/wp-content\/uploads\/2024\/07\/IMG_8236.jpeg","type":"image\/jpeg"}],"author":"Hamra Fouzia","twitter_card":"summary_large_image","twitter_misc":{"Written by":"Hamra Fouzia","Est. reading time":"3 minutes"},"schema":{"@context":"https:\/\/schema.org","@graph":[{"@type":"Article","@id":"https:\/\/elmawkie.dz\/fr\/marine-le-pen-proces-en-septembre-pour-detournements-de-fonds\/#article","isPartOf":{"@id":"https:\/\/elmawkie.dz\/fr\/marine-le-pen-proces-en-septembre-pour-detournements-de-fonds\/"},"author":{"name":"Hamra Fouzia","@id":"https:\/\/elmawkie.dz\/fr\/#\/schema\/person\/4ed8433201bc23634185d8dd37097c64"},"headline":"Marine Le Pen : Proc\u00e8s en septembre pour d\u00e9tournements de fonds","datePublished":"2024-07-09T19:08:42+00:00","dateModified":"2024-07-09T19:10:11+00:00","mainEntityOfPage":{"@id":"https:\/\/elmawkie.dz\/fr\/marine-le-pen-proces-en-septembre-pour-detournements-de-fonds\/"},"wordCount":612,"commentCount":0,"publisher":{"@id":"https:\/\/elmawkie.dz\/fr\/#organization"},"image":{"@id":"https:\/\/elmawkie.dz\/fr\/marine-le-pen-proces-en-septembre-pour-detournements-de-fonds\/#primaryimage"},"thumbnailUrl":"https:\/\/elmawkie.dz\/fr\/wp-content\/uploads\/2024\/07\/IMG_8236.jpeg","articleSection":["International"],"inLanguage":"fr-FR","potentialAction":[{"@type":"CommentAction","name":"Comment","target":["https:\/\/elmawkie.dz\/fr\/marine-le-pen-proces-en-septembre-pour-detournements-de-fonds\/#respond"]}]},{"@type":"WebPage","@id":"https:\/\/elmawkie.dz\/fr\/marine-le-pen-proces-en-septembre-pour-detournements-de-fonds\/","url":"https:\/\/elmawkie.dz\/fr\/marine-le-pen-proces-en-septembre-pour-detournements-de-fonds\/","name":"Marine Le Pen : Proc\u00e8s en septembre pour d\u00e9tournements de fonds - El Mawkie","isPartOf":{"@id":"https:\/\/elmawkie.dz\/fr\/#website"},"primaryImageOfPage":{"@id":"https:\/\/elmawkie.dz\/fr\/marine-le-pen-proces-en-septembre-pour-detournements-de-fonds\/#primaryimage"},"image":{"@id":"https:\/\/elmawkie.dz\/fr\/marine-le-pen-proces-en-septembre-pour-detournements-de-fonds\/#primaryimage"},"thumbnailUrl":"https:\/\/elmawkie.dz\/fr\/wp-content\/uploads\/2024\/07\/IMG_8236.jpeg","datePublished":"2024-07-09T19:08:42+00:00","dateModified":"2024-07-09T19:10:11+00:00","breadcrumb":{"@id":"https:\/\/elmawkie.dz\/fr\/marine-le-pen-proces-en-septembre-pour-detournements-de-fonds\/#breadcrumb"},"inLanguage":"fr-FR","potentialAction":[{"@type":"ReadAction","target":["https:\/\/elmawkie.dz\/fr\/marine-le-pen-proces-en-septembre-pour-detournements-de-fonds\/"]}]},{"@type":"ImageObject","inLanguage":"fr-FR","@id":"https:\/\/elmawkie.dz\/fr\/marine-le-pen-proces-en-septembre-pour-detournements-de-fonds\/#primaryimage","url":"https:\/\/elmawkie.dz\/fr\/wp-content\/uploads\/2024\/07\/IMG_8236.jpeg","contentUrl":"https:\/\/elmawkie.dz\/fr\/wp-content\/uploads\/2024\/07\/IMG_8236.jpeg","width":259,"height":194},{"@type":"BreadcrumbList","@id":"https:\/\/elmawkie.dz\/fr\/marine-le-pen-proces-en-septembre-pour-detournements-de-fonds\/#breadcrumb","itemListElement":[{"@type":"ListItem","position":1,"name":"Home","item":"https:\/\/elmawkie.dz\/fr\/"},{"@type":"ListItem","position":2,"name":"Marine Le Pen : Proc\u00e8s en septembre pour d\u00e9tournements de fonds"}]},{"@type":"WebSite","@id":"https:\/\/elmawkie.dz\/fr\/#website","url":"https:\/\/elmawkie.dz\/fr\/","name":"EL MAWKIE","description":"Journal \u00c9lectronique Alg\u00e9rien","publisher":{"@id":"https:\/\/elmawkie.dz\/fr\/#organization"},"potentialAction":[{"@type":"SearchAction","target":{"@type":"EntryPoint","urlTemplate":"https:\/\/elmawkie.dz\/fr\/?s={search_term_string}"},"query-input":"required name=search_term_string"}],"inLanguage":"fr-FR"},{"@type":"Organization","@id":"https:\/\/elmawkie.dz\/fr\/#organization","name":"EL MAWKIE","url":"https:\/\/elmawkie.dz\/fr\/","logo":{"@type":"ImageObject","inLanguage":"fr-FR","@id":"https:\/\/elmawkie.dz\/fr\/#\/schema\/logo\/image\/","url":"https:\/\/elmawkie.dz\/fr\/wp-content\/uploads\/2024\/05\/logo1.png","contentUrl":"https:\/\/elmawkie.dz\/fr\/wp-content\/uploads\/2024\/05\/logo1.png","width":1648,"height":652,"caption":"EL MAWKIE"},"image":{"@id":"https:\/\/elmawkie.dz\/fr\/#\/schema\/logo\/image\/"},"sameAs":["https:\/\/www.facebook.com\/profile.php?id=100088407094989&locale=fr_FR"]},{"@type":"Person","@id":"https:\/\/elmawkie.dz\/fr\/#\/schema\/person\/4ed8433201bc23634185d8dd37097c64","name":"Hamra Fouzia","image":{"@type":"ImageObject","inLanguage":"fr-FR","@id":"https:\/\/elmawkie.dz\/fr\/#\/schema\/person\/image\/","url":"https:\/\/secure.gravatar.com\/avatar\/ea215268aad51f3219f9a59227db6fa1?s=96&d=mm&r=g","contentUrl":"https:\/\/secure.gravatar.com\/avatar\/ea215268aad51f3219f9a59227db6fa1?s=96&d=mm&r=g","caption":"Hamra Fouzia"},"sameAs":["https:\/\/elmawkie.dz\/fr"],"url":"https:\/\/elmawkie.dz\/fr\/author\/elmawkie\/"}]}},"_links":{"self":[{"href":"https:\/\/elmawkie.dz\/fr\/wp-json\/wp\/v2\/posts\/2695","targetHints":{"allow":["GET"]}}],"collection":[{"href":"https:\/\/elmawkie.dz\/fr\/wp-json\/wp\/v2\/posts"}],"about":[{"href":"https:\/\/elmawkie.dz\/fr\/wp-json\/wp\/v2\/types\/post"}],"author":[{"embeddable":true,"href":"https:\/\/elmawkie.dz\/fr\/wp-json\/wp\/v2\/users\/3"}],"replies":[{"embeddable":true,"href":"https:\/\/elmawkie.dz\/fr\/wp-json\/wp\/v2\/comments?post=2695"}],"version-history":[{"count":0,"href":"https:\/\/elmawkie.dz\/fr\/wp-json\/wp\/v2\/posts\/2695\/revisions"}],"wp:featuredmedia":[{"embeddable":true,"href":"https:\/\/elmawkie.dz\/fr\/wp-json\/wp\/v2\/media\/2696"}],"wp:attachment":[{"href":"https:\/\/elmawkie.dz\/fr\/wp-json\/wp\/v2\/media?parent=2695"}],"wp:term":[{"taxonomy":"category","embeddable":true,"href":"https:\/\/elmawkie.dz\/fr\/wp-json\/wp\/v2\/categories?post=2695"},{"taxonomy":"post_tag","embeddable":true,"href":"https:\/\/elmawkie.dz\/fr\/wp-json\/wp\/v2\/tags?post=2695"}],"curies":[{"name":"wp","href":"https:\/\/api.w.org\/{rel}","templated":true}]}}