{"id":2689,"date":"2024-07-09T12:45:47","date_gmt":"2024-07-09T11:45:47","guid":{"rendered":"https:\/\/elmawkie.dz\/fr\/?p=2689"},"modified":"2024-07-09T12:45:47","modified_gmt":"2024-07-09T11:45:47","slug":"le-ministere-de-linterieur-annonce-la-generalisation-de-delivrance-du-permis-de-conduire-biometrique-sur-lensemble-des-communes","status":"publish","type":"post","link":"https:\/\/elmawkie.dz\/fr\/le-ministere-de-linterieur-annonce-la-generalisation-de-delivrance-du-permis-de-conduire-biometrique-sur-lensemble-des-communes\/","title":{"rendered":"Le Minist\u00e8re de l\u2019int\u00e9rieur annonce la g\u00e9n\u00e9ralisation de d\u00e9livrance du permis de conduire biom\u00e9trique sur l\u2019ensemble des communes"},"content":{"rendered":"<p><strong><em>Dans le cadre de la poursuite du processus de num\u00e9risation et de modernisation de l\u2019administration publique, et conform\u00e9ment aux instructions du pr\u00e9sident de la R\u00e9publique, le minist\u00e8re de l\u2019int\u00e9rieur des collectivit\u00e9s locales et de l\u2019am\u00e9nagement du territoire a annonc\u00e9 ce mardi la g\u00e9n\u00e9ralisation de d\u00e9livrance du permis de conduire biom\u00e9trique sur l\u2019ensemble des communes du pays.<\/em><\/strong><\/p>\n<p><em>En effet, dans un communiqu\u00e9, le minist\u00e8re rappelle que l\u2019obtention du permis de conduire biom\u00e9trique \u00e9tait limit\u00e9e aux communes chef-lieu de wilaya depuis 2019, ensuite aux communes chefs-lieux de dairas depuis d\u00e9cembre 2023. La derni\u00e8re \u00e9tape de ce processus de g\u00e9n\u00e9ralisation \u00e0 l\u2019ensemble des communes du territoire nationale a \u00e9t\u00e9 lanc\u00e9e selon la m\u00eame source, le 05 juillet dernier.<\/em><\/p>\n<p><em>Dans ce sillage, le minist\u00e8re indique que dor\u00e9navant les citoyens peuvent demander leurs permis de conduire biom\u00e9trique au niveau de toutes les communes du pays, tout en pr\u00e9cisant que les permis classiques resteront en vigueur jusqu\u2019\u00e0 expiration.<\/em><\/p>\n<p><em>En dernier lieu, le minist\u00e8re r\u00e9v\u00e8le qu\u2019\u00e0 ce jour 4.545.000 permis biom\u00e9triques ont \u00e9t\u00e9 d\u00e9livr\u00e9s.<\/em><\/p>\n","protected":false},"excerpt":{"rendered":"<p>Dans le cadre de la poursuite du processus de num\u00e9risation et de modernisation de l\u2019administration publique, et conform\u00e9ment aux instructions du pr\u00e9sident de la R\u00e9publique, le minist\u00e8re de l\u2019int\u00e9rieur des collectivit\u00e9s locales et de l\u2019am\u00e9nagement du territoire a annonc\u00e9 ce mardi la g\u00e9n\u00e9ralisation de d\u00e9livrance du permis de conduire biom\u00e9trique sur l\u2019ensemble des communes du &hellip;<\/p>\n","protected":false},"author":8,"featured_media":2693,"comment_status":"open","ping_status":"open","sticky":false,"template":"","format":"standard","meta":{"footnotes":""},"categories":[47],"tags":[109,108],"class_list":["post-2689","post","type-post","status-publish","format-standard","has-post-thumbnail","hentry","category-national","tag-ministere-de-linterieur","tag-permis-de-conduire-biometriques"],"yoast_head":"<!-- This site is optimized with the Yoast SEO Premium plugin v22.6 (Yoast SEO v22.6) - https:\/\/yoast.com\/wordpress\/plugins\/seo\/ -->\n<title>Le Minist\u00e8re de l\u2019int\u00e9rieur annonce la g\u00e9n\u00e9ralisation de d\u00e9livrance du permis de conduire biom\u00e9trique sur l\u2019ensemble des communes - El Mawkie<\/title>\n<meta name=\"robots\" content=\"index, follow, max-snippet:-1, max-image-preview:large, max-video-preview:-1\" \/>\n<link rel=\"canonical\" href=\"https:\/\/elmawkie.dz\/fr\/le-ministere-de-linterieur-annonce-la-generalisation-de-delivrance-du-permis-de-conduire-biometrique-sur-lensemble-des-communes\/\" \/>\n<meta property=\"og:locale\" content=\"fr_FR\" \/>\n<meta property=\"og:type\" content=\"article\" \/>\n<meta property=\"og:title\" content=\"Le Minist\u00e8re de l\u2019int\u00e9rieur annonce la g\u00e9n\u00e9ralisation de d\u00e9livrance du permis de conduire biom\u00e9trique sur l\u2019ensemble des communes\" \/>\n<meta property=\"og:description\" content=\"Dans le cadre de la poursuite du processus de num\u00e9risation et de modernisation de l\u2019administration publique, et conform\u00e9ment aux instructions du pr\u00e9sident de la R\u00e9publique, le minist\u00e8re de l\u2019int\u00e9rieur des collectivit\u00e9s locales et de l\u2019am\u00e9nagement du territoire a annonc\u00e9 ce mardi la g\u00e9n\u00e9ralisation de d\u00e9livrance du permis de conduire biom\u00e9trique sur l\u2019ensemble des communes du &hellip;\" \/>\n<meta property=\"og:url\" content=\"https:\/\/elmawkie.dz\/fr\/le-ministere-de-linterieur-annonce-la-generalisation-de-delivrance-du-permis-de-conduire-biometrique-sur-lensemble-des-communes\/\" \/>\n<meta property=\"og:site_name\" content=\"El Mawkie\" \/>\n<meta property=\"article:publisher\" content=\"https:\/\/www.facebook.com\/profile.php?id=100088407094989&amp;locale=fr_FR\" \/>\n<meta property=\"article:published_time\" content=\"2024-07-09T11:45:47+00:00\" \/>\n<meta property=\"og:image\" content=\"https:\/\/elmawkie.dz\/fr\/wp-content\/uploads\/2024\/07\/IMG_8226.jpeg\" \/>\n\t<meta property=\"og:image:width\" content=\"1110\" \/>\n\t<meta property=\"og:image:height\" content=\"663\" \/>\n\t<meta property=\"og:image:type\" content=\"image\/jpeg\" \/>\n<meta name=\"author\" content=\"khayro\" \/>\n<meta name=\"twitter:card\" content=\"summary_large_image\" \/>\n<meta name=\"twitter:label1\" content=\"Written by\" \/>\n\t<meta name=\"twitter:data1\" content=\"khayro\" \/>\n\t<meta name=\"twitter:label2\" content=\"Est. reading time\" \/>\n\t<meta name=\"twitter:data2\" content=\"1 minute\" \/>\n<script type=\"application\/ld+json\" class=\"yoast-schema-graph\">{\"@context\":\"https:\/\/schema.org\",\"@graph\":[{\"@type\":\"Article\",\"@id\":\"https:\/\/elmawkie.dz\/fr\/le-ministere-de-linterieur-annonce-la-generalisation-de-delivrance-du-permis-de-conduire-biometrique-sur-lensemble-des-communes\/#article\",\"isPartOf\":{\"@id\":\"https:\/\/elmawkie.dz\/fr\/le-ministere-de-linterieur-annonce-la-generalisation-de-delivrance-du-permis-de-conduire-biometrique-sur-lensemble-des-communes\/\"},\"author\":{\"name\":\"khayro\",\"@id\":\"https:\/\/elmawkie.dz\/fr\/#\/schema\/person\/15cb7eba76e08e2d2d0ad4b4c4fbb6cb\"},\"headline\":\"Le Minist\u00e8re de l\u2019int\u00e9rieur annonce la g\u00e9n\u00e9ralisation de d\u00e9livrance du permis de conduire biom\u00e9trique sur l\u2019ensemble des communes\",\"datePublished\":\"2024-07-09T11:45:47+00:00\",\"dateModified\":\"2024-07-09T11:45:47+00:00\",\"mainEntityOfPage\":{\"@id\":\"https:\/\/elmawkie.dz\/fr\/le-ministere-de-linterieur-annonce-la-generalisation-de-delivrance-du-permis-de-conduire-biometrique-sur-lensemble-des-communes\/\"},\"wordCount\":225,\"commentCount\":0,\"publisher\":{\"@id\":\"https:\/\/elmawkie.dz\/fr\/#organization\"},\"image\":{\"@id\":\"https:\/\/elmawkie.dz\/fr\/le-ministere-de-linterieur-annonce-la-generalisation-de-delivrance-du-permis-de-conduire-biometrique-sur-lensemble-des-communes\/#primaryimage\"},\"thumbnailUrl\":\"https:\/\/elmawkie.dz\/fr\/wp-content\/uploads\/2024\/07\/IMG_8226.jpeg\",\"keywords\":[\"minist\u00e8re de l'int\u00e9rieur\",\"permis de conduire biom\u00e9triques\"],\"articleSection\":[\"National\"],\"inLanguage\":\"fr-FR\",\"potentialAction\":[{\"@type\":\"CommentAction\",\"name\":\"Comment\",\"target\":[\"https:\/\/elmawkie.dz\/fr\/le-ministere-de-linterieur-annonce-la-generalisation-de-delivrance-du-permis-de-conduire-biometrique-sur-lensemble-des-communes\/#respond\"]}]},{\"@type\":\"WebPage\",\"@id\":\"https:\/\/elmawkie.dz\/fr\/le-ministere-de-linterieur-annonce-la-generalisation-de-delivrance-du-permis-de-conduire-biometrique-sur-lensemble-des-communes\/\",\"url\":\"https:\/\/elmawkie.dz\/fr\/le-ministere-de-linterieur-annonce-la-generalisation-de-delivrance-du-permis-de-conduire-biometrique-sur-lensemble-des-communes\/\",\"name\":\"Le Minist\u00e8re de l\u2019int\u00e9rieur annonce la g\u00e9n\u00e9ralisation de d\u00e9livrance du permis de conduire biom\u00e9trique sur l\u2019ensemble des communes - El Mawkie\",\"isPartOf\":{\"@id\":\"https:\/\/elmawkie.dz\/fr\/#website\"},\"primaryImageOfPage\":{\"@id\":\"https:\/\/elmawkie.dz\/fr\/le-ministere-de-linterieur-annonce-la-generalisation-de-delivrance-du-permis-de-conduire-biometrique-sur-lensemble-des-communes\/#primaryimage\"},\"image\":{\"@id\":\"https:\/\/elmawkie.dz\/fr\/le-ministere-de-linterieur-annonce-la-generalisation-de-delivrance-du-permis-de-conduire-biometrique-sur-lensemble-des-communes\/#primaryimage\"},\"thumbnailUrl\":\"https:\/\/elmawkie.dz\/fr\/wp-content\/uploads\/2024\/07\/IMG_8226.jpeg\",\"datePublished\":\"2024-07-09T11:45:47+00:00\",\"dateModified\":\"2024-07-09T11:45:47+00:00\",\"breadcrumb\":{\"@id\":\"https:\/\/elmawkie.dz\/fr\/le-ministere-de-linterieur-annonce-la-generalisation-de-delivrance-du-permis-de-conduire-biometrique-sur-lensemble-des-communes\/#breadcrumb\"},\"inLanguage\":\"fr-FR\",\"potentialAction\":[{\"@type\":\"ReadAction\",\"target\":[\"https:\/\/elmawkie.dz\/fr\/le-ministere-de-linterieur-annonce-la-generalisation-de-delivrance-du-permis-de-conduire-biometrique-sur-lensemble-des-communes\/\"]}]},{\"@type\":\"ImageObject\",\"inLanguage\":\"fr-FR\",\"@id\":\"https:\/\/elmawkie.dz\/fr\/le-ministere-de-linterieur-annonce-la-generalisation-de-delivrance-du-permis-de-conduire-biometrique-sur-lensemble-des-communes\/#primaryimage\",\"url\":\"https:\/\/elmawkie.dz\/fr\/wp-content\/uploads\/2024\/07\/IMG_8226.jpeg\",\"contentUrl\":\"https:\/\/elmawkie.dz\/fr\/wp-content\/uploads\/2024\/07\/IMG_8226.jpeg\",\"width\":1110,\"height\":663},{\"@type\":\"BreadcrumbList\",\"@id\":\"https:\/\/elmawkie.dz\/fr\/le-ministere-de-linterieur-annonce-la-generalisation-de-delivrance-du-permis-de-conduire-biometrique-sur-lensemble-des-communes\/#breadcrumb\",\"itemListElement\":[{\"@type\":\"ListItem\",\"position\":1,\"name\":\"Home\",\"item\":\"https:\/\/elmawkie.dz\/fr\/\"},{\"@type\":\"ListItem\",\"position\":2,\"name\":\"Le Minist\u00e8re de l\u2019int\u00e9rieur annonce la g\u00e9n\u00e9ralisation de d\u00e9livrance du permis de conduire biom\u00e9trique sur l\u2019ensemble des communes\"}]},{\"@type\":\"WebSite\",\"@id\":\"https:\/\/elmawkie.dz\/fr\/#website\",\"url\":\"https:\/\/elmawkie.dz\/fr\/\",\"name\":\"EL MAWKIE\",\"description\":\"Journal \u00c9lectronique Alg\u00e9rien\",\"publisher\":{\"@id\":\"https:\/\/elmawkie.dz\/fr\/#organization\"},\"potentialAction\":[{\"@type\":\"SearchAction\",\"target\":{\"@type\":\"EntryPoint\",\"urlTemplate\":\"https:\/\/elmawkie.dz\/fr\/?s={search_term_string}\"},\"query-input\":\"required name=search_term_string\"}],\"inLanguage\":\"fr-FR\"},{\"@type\":\"Organization\",\"@id\":\"https:\/\/elmawkie.dz\/fr\/#organization\",\"name\":\"EL MAWKIE\",\"url\":\"https:\/\/elmawkie.dz\/fr\/\",\"logo\":{\"@type\":\"ImageObject\",\"inLanguage\":\"fr-FR\",\"@id\":\"https:\/\/elmawkie.dz\/fr\/#\/schema\/logo\/image\/\",\"url\":\"https:\/\/elmawkie.dz\/fr\/wp-content\/uploads\/2024\/05\/logo1.png\",\"contentUrl\":\"https:\/\/elmawkie.dz\/fr\/wp-content\/uploads\/2024\/05\/logo1.png\",\"width\":1648,\"height\":652,\"caption\":\"EL MAWKIE\"},\"image\":{\"@id\":\"https:\/\/elmawkie.dz\/fr\/#\/schema\/logo\/image\/\"},\"sameAs\":[\"https:\/\/www.facebook.com\/profile.php?id=100088407094989&locale=fr_FR\"]},{\"@type\":\"Person\",\"@id\":\"https:\/\/elmawkie.dz\/fr\/#\/schema\/person\/15cb7eba76e08e2d2d0ad4b4c4fbb6cb\",\"name\":\"khayro\",\"image\":{\"@type\":\"ImageObject\",\"inLanguage\":\"fr-FR\",\"@id\":\"https:\/\/elmawkie.dz\/fr\/#\/schema\/person\/image\/\",\"url\":\"https:\/\/secure.gravatar.com\/avatar\/5d609f726f02f77f0ff2a1483fc81992?s=96&d=mm&r=g\",\"contentUrl\":\"https:\/\/secure.gravatar.com\/avatar\/5d609f726f02f77f0ff2a1483fc81992?s=96&d=mm&r=g\",\"caption\":\"khayro\"},\"url\":\"https:\/\/elmawkie.dz\/fr\/author\/khayro\/\"}]}<\/script>\n<!-- \/ Yoast SEO Premium plugin. -->","yoast_head_json":{"title":"Le Minist\u00e8re de l\u2019int\u00e9rieur annonce la g\u00e9n\u00e9ralisation de d\u00e9livrance du permis de conduire biom\u00e9trique sur l\u2019ensemble des communes - El Mawkie","robots":{"index":"index","follow":"follow","max-snippet":"max-snippet:-1","max-image-preview":"max-image-preview:large","max-video-preview":"max-video-preview:-1"},"canonical":"https:\/\/elmawkie.dz\/fr\/le-ministere-de-linterieur-annonce-la-generalisation-de-delivrance-du-permis-de-conduire-biometrique-sur-lensemble-des-communes\/","og_locale":"fr_FR","og_type":"article","og_title":"Le Minist\u00e8re de l\u2019int\u00e9rieur annonce la g\u00e9n\u00e9ralisation de d\u00e9livrance du permis de conduire biom\u00e9trique sur l\u2019ensemble des communes","og_description":"Dans le cadre de la poursuite du processus de num\u00e9risation et de modernisation de l\u2019administration publique, et conform\u00e9ment aux instructions du pr\u00e9sident de la R\u00e9publique, le minist\u00e8re de l\u2019int\u00e9rieur des collectivit\u00e9s locales et de l\u2019am\u00e9nagement du territoire a annonc\u00e9 ce mardi la g\u00e9n\u00e9ralisation de d\u00e9livrance du permis de conduire biom\u00e9trique sur l\u2019ensemble des communes du &hellip;","og_url":"https:\/\/elmawkie.dz\/fr\/le-ministere-de-linterieur-annonce-la-generalisation-de-delivrance-du-permis-de-conduire-biometrique-sur-lensemble-des-communes\/","og_site_name":"El Mawkie","article_publisher":"https:\/\/www.facebook.com\/profile.php?id=100088407094989&locale=fr_FR","article_published_time":"2024-07-09T11:45:47+00:00","og_image":[{"width":1110,"height":663,"url":"https:\/\/elmawkie.dz\/fr\/wp-content\/uploads\/2024\/07\/IMG_8226.jpeg","type":"image\/jpeg"}],"author":"khayro","twitter_card":"summary_large_image","twitter_misc":{"Written by":"khayro","Est. reading time":"1 minute"},"schema":{"@context":"https:\/\/schema.org","@graph":[{"@type":"Article","@id":"https:\/\/elmawkie.dz\/fr\/le-ministere-de-linterieur-annonce-la-generalisation-de-delivrance-du-permis-de-conduire-biometrique-sur-lensemble-des-communes\/#article","isPartOf":{"@id":"https:\/\/elmawkie.dz\/fr\/le-ministere-de-linterieur-annonce-la-generalisation-de-delivrance-du-permis-de-conduire-biometrique-sur-lensemble-des-communes\/"},"author":{"name":"khayro","@id":"https:\/\/elmawkie.dz\/fr\/#\/schema\/person\/15cb7eba76e08e2d2d0ad4b4c4fbb6cb"},"headline":"Le Minist\u00e8re de l\u2019int\u00e9rieur annonce la g\u00e9n\u00e9ralisation de d\u00e9livrance du permis de conduire biom\u00e9trique sur l\u2019ensemble des communes","datePublished":"2024-07-09T11:45:47+00:00","dateModified":"2024-07-09T11:45:47+00:00","mainEntityOfPage":{"@id":"https:\/\/elmawkie.dz\/fr\/le-ministere-de-linterieur-annonce-la-generalisation-de-delivrance-du-permis-de-conduire-biometrique-sur-lensemble-des-communes\/"},"wordCount":225,"commentCount":0,"publisher":{"@id":"https:\/\/elmawkie.dz\/fr\/#organization"},"image":{"@id":"https:\/\/elmawkie.dz\/fr\/le-ministere-de-linterieur-annonce-la-generalisation-de-delivrance-du-permis-de-conduire-biometrique-sur-lensemble-des-communes\/#primaryimage"},"thumbnailUrl":"https:\/\/elmawkie.dz\/fr\/wp-content\/uploads\/2024\/07\/IMG_8226.jpeg","keywords":["minist\u00e8re de l'int\u00e9rieur","permis de conduire biom\u00e9triques"],"articleSection":["National"],"inLanguage":"fr-FR","potentialAction":[{"@type":"CommentAction","name":"Comment","target":["https:\/\/elmawkie.dz\/fr\/le-ministere-de-linterieur-annonce-la-generalisation-de-delivrance-du-permis-de-conduire-biometrique-sur-lensemble-des-communes\/#respond"]}]},{"@type":"WebPage","@id":"https:\/\/elmawkie.dz\/fr\/le-ministere-de-linterieur-annonce-la-generalisation-de-delivrance-du-permis-de-conduire-biometrique-sur-lensemble-des-communes\/","url":"https:\/\/elmawkie.dz\/fr\/le-ministere-de-linterieur-annonce-la-generalisation-de-delivrance-du-permis-de-conduire-biometrique-sur-lensemble-des-communes\/","name":"Le Minist\u00e8re de l\u2019int\u00e9rieur annonce la g\u00e9n\u00e9ralisation de d\u00e9livrance du permis de conduire biom\u00e9trique sur l\u2019ensemble des communes - El Mawkie","isPartOf":{"@id":"https:\/\/elmawkie.dz\/fr\/#website"},"primaryImageOfPage":{"@id":"https:\/\/elmawkie.dz\/fr\/le-ministere-de-linterieur-annonce-la-generalisation-de-delivrance-du-permis-de-conduire-biometrique-sur-lensemble-des-communes\/#primaryimage"},"image":{"@id":"https:\/\/elmawkie.dz\/fr\/le-ministere-de-linterieur-annonce-la-generalisation-de-delivrance-du-permis-de-conduire-biometrique-sur-lensemble-des-communes\/#primaryimage"},"thumbnailUrl":"https:\/\/elmawkie.dz\/fr\/wp-content\/uploads\/2024\/07\/IMG_8226.jpeg","datePublished":"2024-07-09T11:45:47+00:00","dateModified":"2024-07-09T11:45:47+00:00","breadcrumb":{"@id":"https:\/\/elmawkie.dz\/fr\/le-ministere-de-linterieur-annonce-la-generalisation-de-delivrance-du-permis-de-conduire-biometrique-sur-lensemble-des-communes\/#breadcrumb"},"inLanguage":"fr-FR","potentialAction":[{"@type":"ReadAction","target":["https:\/\/elmawkie.dz\/fr\/le-ministere-de-linterieur-annonce-la-generalisation-de-delivrance-du-permis-de-conduire-biometrique-sur-lensemble-des-communes\/"]}]},{"@type":"ImageObject","inLanguage":"fr-FR","@id":"https:\/\/elmawkie.dz\/fr\/le-ministere-de-linterieur-annonce-la-generalisation-de-delivrance-du-permis-de-conduire-biometrique-sur-lensemble-des-communes\/#primaryimage","url":"https:\/\/elmawkie.dz\/fr\/wp-content\/uploads\/2024\/07\/IMG_8226.jpeg","contentUrl":"https:\/\/elmawkie.dz\/fr\/wp-content\/uploads\/2024\/07\/IMG_8226.jpeg","width":1110,"height":663},{"@type":"BreadcrumbList","@id":"https:\/\/elmawkie.dz\/fr\/le-ministere-de-linterieur-annonce-la-generalisation-de-delivrance-du-permis-de-conduire-biometrique-sur-lensemble-des-communes\/#breadcrumb","itemListElement":[{"@type":"ListItem","position":1,"name":"Home","item":"https:\/\/elmawkie.dz\/fr\/"},{"@type":"ListItem","position":2,"name":"Le Minist\u00e8re de l\u2019int\u00e9rieur annonce la g\u00e9n\u00e9ralisation de d\u00e9livrance du permis de conduire biom\u00e9trique sur l\u2019ensemble des communes"}]},{"@type":"WebSite","@id":"https:\/\/elmawkie.dz\/fr\/#website","url":"https:\/\/elmawkie.dz\/fr\/","name":"EL MAWKIE","description":"Journal \u00c9lectronique Alg\u00e9rien","publisher":{"@id":"https:\/\/elmawkie.dz\/fr\/#organization"},"potentialAction":[{"@type":"SearchAction","target":{"@type":"EntryPoint","urlTemplate":"https:\/\/elmawkie.dz\/fr\/?s={search_term_string}"},"query-input":"required name=search_term_string"}],"inLanguage":"fr-FR"},{"@type":"Organization","@id":"https:\/\/elmawkie.dz\/fr\/#organization","name":"EL MAWKIE","url":"https:\/\/elmawkie.dz\/fr\/","logo":{"@type":"ImageObject","inLanguage":"fr-FR","@id":"https:\/\/elmawkie.dz\/fr\/#\/schema\/logo\/image\/","url":"https:\/\/elmawkie.dz\/fr\/wp-content\/uploads\/2024\/05\/logo1.png","contentUrl":"https:\/\/elmawkie.dz\/fr\/wp-content\/uploads\/2024\/05\/logo1.png","width":1648,"height":652,"caption":"EL MAWKIE"},"image":{"@id":"https:\/\/elmawkie.dz\/fr\/#\/schema\/logo\/image\/"},"sameAs":["https:\/\/www.facebook.com\/profile.php?id=100088407094989&locale=fr_FR"]},{"@type":"Person","@id":"https:\/\/elmawkie.dz\/fr\/#\/schema\/person\/15cb7eba76e08e2d2d0ad4b4c4fbb6cb","name":"khayro","image":{"@type":"ImageObject","inLanguage":"fr-FR","@id":"https:\/\/elmawkie.dz\/fr\/#\/schema\/person\/image\/","url":"https:\/\/secure.gravatar.com\/avatar\/5d609f726f02f77f0ff2a1483fc81992?s=96&d=mm&r=g","contentUrl":"https:\/\/secure.gravatar.com\/avatar\/5d609f726f02f77f0ff2a1483fc81992?s=96&d=mm&r=g","caption":"khayro"},"url":"https:\/\/elmawkie.dz\/fr\/author\/khayro\/"}]}},"_links":{"self":[{"href":"https:\/\/elmawkie.dz\/fr\/wp-json\/wp\/v2\/posts\/2689","targetHints":{"allow":["GET"]}}],"collection":[{"href":"https:\/\/elmawkie.dz\/fr\/wp-json\/wp\/v2\/posts"}],"about":[{"href":"https:\/\/elmawkie.dz\/fr\/wp-json\/wp\/v2\/types\/post"}],"author":[{"embeddable":true,"href":"https:\/\/elmawkie.dz\/fr\/wp-json\/wp\/v2\/users\/8"}],"replies":[{"embeddable":true,"href":"https:\/\/elmawkie.dz\/fr\/wp-json\/wp\/v2\/comments?post=2689"}],"version-history":[{"count":0,"href":"https:\/\/elmawkie.dz\/fr\/wp-json\/wp\/v2\/posts\/2689\/revisions"}],"wp:featuredmedia":[{"embeddable":true,"href":"https:\/\/elmawkie.dz\/fr\/wp-json\/wp\/v2\/media\/2693"}],"wp:attachment":[{"href":"https:\/\/elmawkie.dz\/fr\/wp-json\/wp\/v2\/media?parent=2689"}],"wp:term":[{"taxonomy":"category","embeddable":true,"href":"https:\/\/elmawkie.dz\/fr\/wp-json\/wp\/v2\/categories?post=2689"},{"taxonomy":"post_tag","embeddable":true,"href":"https:\/\/elmawkie.dz\/fr\/wp-json\/wp\/v2\/tags?post=2689"}],"curies":[{"name":"wp","href":"https:\/\/api.w.org\/{rel}","templated":true}]}}