{"id":2534,"date":"2024-07-05T20:36:14","date_gmt":"2024-07-05T19:36:14","guid":{"rendered":"https:\/\/elmawkie.dz\/fr\/?p=2534"},"modified":"2024-07-05T20:53:45","modified_gmt":"2024-07-05T19:53:45","slug":"oran-celebration-de-la-62e-anniversaire-de-la-fete-de-lindependance-nationale-et-de-la-jeunesse","status":"publish","type":"post","link":"https:\/\/elmawkie.dz\/fr\/oran-celebration-de-la-62e-anniversaire-de-la-fete-de-lindependance-nationale-et-de-la-jeunesse\/","title":{"rendered":"Oran : c\u00e9l\u00e9bration de la 62e anniversaire de la f\u00eate de l&rsquo;ind\u00e9pendance nationale et de la jeunesse"},"content":{"rendered":"<p><strong><em>Le Wali d&rsquo;Oran, Monsieur Said Sayoud, accompagn\u00e9 par les autorit\u00e9s civiles et militaires , la famille r\u00e9volutionnaire, \u00a0a pr\u00e9sid\u00e9 , dans la matin\u00e9e du vendredi 05 juillet 2024, une c\u00e9r\u00e9monie c\u00e9l\u00e9brant le 62e anniversaire de la f\u00eate de l&rsquo;ind\u00e9pendance nationale et de la jeunesse au cimeti\u00e8re des martyrs \u00e0 la commune d\u2019Es-Senia .<br \/>\n<\/em><\/strong><em>\u00c0 cette occasion le wali a rendu hommage aux glorieux martyrs , d\u00e9pos\u00e9 une gerbe de fleurs devant la st\u00e8le comm\u00e9morative et r\u00e9cit\u00e9 la Fatiha du Saint Coran \u00e0 la m\u00e9moire des chouhada de la Guerre de lib\u00e9ration nationale. On outre le wali d\u2019oran a supervis\u00e9 des c\u00e9l\u00e9brations dont des d\u00e9fil\u00e9s et des activit\u00e9s artistiques \u00a0ont \u00e9t\u00e9 organis\u00e9es en marge de la f\u00eate de l\u2019ind\u00e9pendance au site de Mon murdjajou , auxquels ont particip\u00e9 la Direction de la Jeunesse et des Sports, les Scouts Islamiques, la direction des\u00a0 For\u00eat, les associations et les clubs sportifs. <span class=\"s1\">Monsieur Sayoud a soulign\u00e9 que le site du Merjajou, est devenu une destination touristique par excellence\u00a0 pour les familles oranaises et les touristes, gr\u00e2ce \u00e0 l\u2019important processus d&rsquo;am\u00e9nagement r\u00e9alis\u00e9.<\/span>L\u2019\u00e9v\u00e9nement a \u00e9t\u00e9, par ailleurs, marqu\u00e9, par l\u2019inaugurationa officielle d\u2019un nouvel h\u00f4tel \u00e0 la cit\u00e9 Djamel Eddine .<\/em><\/p>\n<p><em>\u00a0<\/em><\/p>\n<p><em>\u00a0<\/em><\/p>\n<p>&nbsp;<\/p>\n<p>&nbsp;<\/p>\n","protected":false},"excerpt":{"rendered":"<p>Le Wali d&rsquo;Oran, Monsieur Said Sayoud, accompagn\u00e9 par les autorit\u00e9s civiles et militaires , la famille r\u00e9volutionnaire, \u00a0a pr\u00e9sid\u00e9 , dans la matin\u00e9e du vendredi 05 juillet 2024, une c\u00e9r\u00e9monie c\u00e9l\u00e9brant le 62e anniversaire de la f\u00eate de l&rsquo;ind\u00e9pendance nationale et de la jeunesse au cimeti\u00e8re des martyrs \u00e0 la commune d\u2019Es-Senia . \u00c0 cette &hellip;<\/p>\n","protected":false},"author":3,"featured_media":2537,"comment_status":"open","ping_status":"open","sticky":false,"template":"","format":"standard","meta":{"footnotes":""},"categories":[50],"tags":[],"class_list":["post-2534","post","type-post","status-publish","format-standard","has-post-thumbnail","hentry","category-region"],"yoast_head":"<!-- This site is optimized with the Yoast SEO Premium plugin v22.6 (Yoast SEO v22.6) - https:\/\/yoast.com\/wordpress\/plugins\/seo\/ -->\n<title>Oran : c\u00e9l\u00e9bration de la 62e anniversaire de la f\u00eate de l&#039;ind\u00e9pendance nationale et de la jeunesse - El Mawkie<\/title>\n<meta name=\"robots\" content=\"index, follow, max-snippet:-1, max-image-preview:large, max-video-preview:-1\" \/>\n<link rel=\"canonical\" href=\"https:\/\/elmawkie.dz\/fr\/oran-celebration-de-la-62e-anniversaire-de-la-fete-de-lindependance-nationale-et-de-la-jeunesse\/\" \/>\n<meta property=\"og:locale\" content=\"fr_FR\" \/>\n<meta property=\"og:type\" content=\"article\" \/>\n<meta property=\"og:title\" content=\"Oran : c\u00e9l\u00e9bration de la 62e anniversaire de la f\u00eate de l&#039;ind\u00e9pendance nationale et de la jeunesse\" \/>\n<meta property=\"og:description\" content=\"Le Wali d&rsquo;Oran, Monsieur Said Sayoud, accompagn\u00e9 par les autorit\u00e9s civiles et militaires , la famille r\u00e9volutionnaire, \u00a0a pr\u00e9sid\u00e9 , dans la matin\u00e9e du vendredi 05 juillet 2024, une c\u00e9r\u00e9monie c\u00e9l\u00e9brant le 62e anniversaire de la f\u00eate de l&rsquo;ind\u00e9pendance nationale et de la jeunesse au cimeti\u00e8re des martyrs \u00e0 la commune d\u2019Es-Senia . \u00c0 cette &hellip;\" \/>\n<meta property=\"og:url\" content=\"https:\/\/elmawkie.dz\/fr\/oran-celebration-de-la-62e-anniversaire-de-la-fete-de-lindependance-nationale-et-de-la-jeunesse\/\" \/>\n<meta property=\"og:site_name\" content=\"El Mawkie\" \/>\n<meta property=\"article:publisher\" content=\"https:\/\/www.facebook.com\/profile.php?id=100088407094989&amp;locale=fr_FR\" \/>\n<meta property=\"article:published_time\" content=\"2024-07-05T19:36:14+00:00\" \/>\n<meta property=\"article:modified_time\" content=\"2024-07-05T19:53:45+00:00\" \/>\n<meta property=\"og:image\" content=\"https:\/\/elmawkie.dz\/fr\/wp-content\/uploads\/2024\/07\/IMG_8124.jpeg\" \/>\n\t<meta property=\"og:image:width\" content=\"960\" \/>\n\t<meta property=\"og:image:height\" content=\"640\" \/>\n\t<meta property=\"og:image:type\" content=\"image\/jpeg\" \/>\n<meta name=\"author\" content=\"Hamra Fouzia\" \/>\n<meta name=\"twitter:card\" content=\"summary_large_image\" \/>\n<meta name=\"twitter:label1\" content=\"Written by\" \/>\n\t<meta name=\"twitter:data1\" content=\"Hamra Fouzia\" \/>\n\t<meta name=\"twitter:label2\" content=\"Est. reading time\" \/>\n\t<meta name=\"twitter:data2\" content=\"1 minute\" \/>\n<script type=\"application\/ld+json\" class=\"yoast-schema-graph\">{\"@context\":\"https:\/\/schema.org\",\"@graph\":[{\"@type\":\"Article\",\"@id\":\"https:\/\/elmawkie.dz\/fr\/oran-celebration-de-la-62e-anniversaire-de-la-fete-de-lindependance-nationale-et-de-la-jeunesse\/#article\",\"isPartOf\":{\"@id\":\"https:\/\/elmawkie.dz\/fr\/oran-celebration-de-la-62e-anniversaire-de-la-fete-de-lindependance-nationale-et-de-la-jeunesse\/\"},\"author\":{\"name\":\"Hamra Fouzia\",\"@id\":\"https:\/\/elmawkie.dz\/fr\/#\/schema\/person\/4ed8433201bc23634185d8dd37097c64\"},\"headline\":\"Oran : c\u00e9l\u00e9bration de la 62e anniversaire de la f\u00eate de l&rsquo;ind\u00e9pendance nationale et de la jeunesse\",\"datePublished\":\"2024-07-05T19:36:14+00:00\",\"dateModified\":\"2024-07-05T19:53:45+00:00\",\"mainEntityOfPage\":{\"@id\":\"https:\/\/elmawkie.dz\/fr\/oran-celebration-de-la-62e-anniversaire-de-la-fete-de-lindependance-nationale-et-de-la-jeunesse\/\"},\"wordCount\":246,\"commentCount\":0,\"publisher\":{\"@id\":\"https:\/\/elmawkie.dz\/fr\/#organization\"},\"image\":{\"@id\":\"https:\/\/elmawkie.dz\/fr\/oran-celebration-de-la-62e-anniversaire-de-la-fete-de-lindependance-nationale-et-de-la-jeunesse\/#primaryimage\"},\"thumbnailUrl\":\"https:\/\/elmawkie.dz\/fr\/wp-content\/uploads\/2024\/07\/IMG_8124.jpeg\",\"articleSection\":[\"R\u00e9gion\"],\"inLanguage\":\"fr-FR\",\"potentialAction\":[{\"@type\":\"CommentAction\",\"name\":\"Comment\",\"target\":[\"https:\/\/elmawkie.dz\/fr\/oran-celebration-de-la-62e-anniversaire-de-la-fete-de-lindependance-nationale-et-de-la-jeunesse\/#respond\"]}]},{\"@type\":\"WebPage\",\"@id\":\"https:\/\/elmawkie.dz\/fr\/oran-celebration-de-la-62e-anniversaire-de-la-fete-de-lindependance-nationale-et-de-la-jeunesse\/\",\"url\":\"https:\/\/elmawkie.dz\/fr\/oran-celebration-de-la-62e-anniversaire-de-la-fete-de-lindependance-nationale-et-de-la-jeunesse\/\",\"name\":\"Oran : c\u00e9l\u00e9bration de la 62e anniversaire de la f\u00eate de l'ind\u00e9pendance nationale et de la jeunesse - El Mawkie\",\"isPartOf\":{\"@id\":\"https:\/\/elmawkie.dz\/fr\/#website\"},\"primaryImageOfPage\":{\"@id\":\"https:\/\/elmawkie.dz\/fr\/oran-celebration-de-la-62e-anniversaire-de-la-fete-de-lindependance-nationale-et-de-la-jeunesse\/#primaryimage\"},\"image\":{\"@id\":\"https:\/\/elmawkie.dz\/fr\/oran-celebration-de-la-62e-anniversaire-de-la-fete-de-lindependance-nationale-et-de-la-jeunesse\/#primaryimage\"},\"thumbnailUrl\":\"https:\/\/elmawkie.dz\/fr\/wp-content\/uploads\/2024\/07\/IMG_8124.jpeg\",\"datePublished\":\"2024-07-05T19:36:14+00:00\",\"dateModified\":\"2024-07-05T19:53:45+00:00\",\"breadcrumb\":{\"@id\":\"https:\/\/elmawkie.dz\/fr\/oran-celebration-de-la-62e-anniversaire-de-la-fete-de-lindependance-nationale-et-de-la-jeunesse\/#breadcrumb\"},\"inLanguage\":\"fr-FR\",\"potentialAction\":[{\"@type\":\"ReadAction\",\"target\":[\"https:\/\/elmawkie.dz\/fr\/oran-celebration-de-la-62e-anniversaire-de-la-fete-de-lindependance-nationale-et-de-la-jeunesse\/\"]}]},{\"@type\":\"ImageObject\",\"inLanguage\":\"fr-FR\",\"@id\":\"https:\/\/elmawkie.dz\/fr\/oran-celebration-de-la-62e-anniversaire-de-la-fete-de-lindependance-nationale-et-de-la-jeunesse\/#primaryimage\",\"url\":\"https:\/\/elmawkie.dz\/fr\/wp-content\/uploads\/2024\/07\/IMG_8124.jpeg\",\"contentUrl\":\"https:\/\/elmawkie.dz\/fr\/wp-content\/uploads\/2024\/07\/IMG_8124.jpeg\",\"width\":960,\"height\":640},{\"@type\":\"BreadcrumbList\",\"@id\":\"https:\/\/elmawkie.dz\/fr\/oran-celebration-de-la-62e-anniversaire-de-la-fete-de-lindependance-nationale-et-de-la-jeunesse\/#breadcrumb\",\"itemListElement\":[{\"@type\":\"ListItem\",\"position\":1,\"name\":\"Home\",\"item\":\"https:\/\/elmawkie.dz\/fr\/\"},{\"@type\":\"ListItem\",\"position\":2,\"name\":\"Oran : c\u00e9l\u00e9bration de la 62e anniversaire de la f\u00eate de l&rsquo;ind\u00e9pendance nationale et de la jeunesse\"}]},{\"@type\":\"WebSite\",\"@id\":\"https:\/\/elmawkie.dz\/fr\/#website\",\"url\":\"https:\/\/elmawkie.dz\/fr\/\",\"name\":\"EL MAWKIE\",\"description\":\"Journal \u00c9lectronique Alg\u00e9rien\",\"publisher\":{\"@id\":\"https:\/\/elmawkie.dz\/fr\/#organization\"},\"potentialAction\":[{\"@type\":\"SearchAction\",\"target\":{\"@type\":\"EntryPoint\",\"urlTemplate\":\"https:\/\/elmawkie.dz\/fr\/?s={search_term_string}\"},\"query-input\":\"required name=search_term_string\"}],\"inLanguage\":\"fr-FR\"},{\"@type\":\"Organization\",\"@id\":\"https:\/\/elmawkie.dz\/fr\/#organization\",\"name\":\"EL MAWKIE\",\"url\":\"https:\/\/elmawkie.dz\/fr\/\",\"logo\":{\"@type\":\"ImageObject\",\"inLanguage\":\"fr-FR\",\"@id\":\"https:\/\/elmawkie.dz\/fr\/#\/schema\/logo\/image\/\",\"url\":\"https:\/\/elmawkie.dz\/fr\/wp-content\/uploads\/2024\/05\/logo1.png\",\"contentUrl\":\"https:\/\/elmawkie.dz\/fr\/wp-content\/uploads\/2024\/05\/logo1.png\",\"width\":1648,\"height\":652,\"caption\":\"EL MAWKIE\"},\"image\":{\"@id\":\"https:\/\/elmawkie.dz\/fr\/#\/schema\/logo\/image\/\"},\"sameAs\":[\"https:\/\/www.facebook.com\/profile.php?id=100088407094989&locale=fr_FR\"]},{\"@type\":\"Person\",\"@id\":\"https:\/\/elmawkie.dz\/fr\/#\/schema\/person\/4ed8433201bc23634185d8dd37097c64\",\"name\":\"Hamra Fouzia\",\"image\":{\"@type\":\"ImageObject\",\"inLanguage\":\"fr-FR\",\"@id\":\"https:\/\/elmawkie.dz\/fr\/#\/schema\/person\/image\/\",\"url\":\"https:\/\/secure.gravatar.com\/avatar\/ea215268aad51f3219f9a59227db6fa1?s=96&d=mm&r=g\",\"contentUrl\":\"https:\/\/secure.gravatar.com\/avatar\/ea215268aad51f3219f9a59227db6fa1?s=96&d=mm&r=g\",\"caption\":\"Hamra Fouzia\"},\"sameAs\":[\"https:\/\/elmawkie.dz\/fr\"],\"url\":\"https:\/\/elmawkie.dz\/fr\/author\/elmawkie\/\"}]}<\/script>\n<!-- \/ Yoast SEO Premium plugin. -->","yoast_head_json":{"title":"Oran : c\u00e9l\u00e9bration de la 62e anniversaire de la f\u00eate de l'ind\u00e9pendance nationale et de la jeunesse - El Mawkie","robots":{"index":"index","follow":"follow","max-snippet":"max-snippet:-1","max-image-preview":"max-image-preview:large","max-video-preview":"max-video-preview:-1"},"canonical":"https:\/\/elmawkie.dz\/fr\/oran-celebration-de-la-62e-anniversaire-de-la-fete-de-lindependance-nationale-et-de-la-jeunesse\/","og_locale":"fr_FR","og_type":"article","og_title":"Oran : c\u00e9l\u00e9bration de la 62e anniversaire de la f\u00eate de l'ind\u00e9pendance nationale et de la jeunesse","og_description":"Le Wali d&rsquo;Oran, Monsieur Said Sayoud, accompagn\u00e9 par les autorit\u00e9s civiles et militaires , la famille r\u00e9volutionnaire, \u00a0a pr\u00e9sid\u00e9 , dans la matin\u00e9e du vendredi 05 juillet 2024, une c\u00e9r\u00e9monie c\u00e9l\u00e9brant le 62e anniversaire de la f\u00eate de l&rsquo;ind\u00e9pendance nationale et de la jeunesse au cimeti\u00e8re des martyrs \u00e0 la commune d\u2019Es-Senia . \u00c0 cette &hellip;","og_url":"https:\/\/elmawkie.dz\/fr\/oran-celebration-de-la-62e-anniversaire-de-la-fete-de-lindependance-nationale-et-de-la-jeunesse\/","og_site_name":"El Mawkie","article_publisher":"https:\/\/www.facebook.com\/profile.php?id=100088407094989&locale=fr_FR","article_published_time":"2024-07-05T19:36:14+00:00","article_modified_time":"2024-07-05T19:53:45+00:00","og_image":[{"width":960,"height":640,"url":"https:\/\/elmawkie.dz\/fr\/wp-content\/uploads\/2024\/07\/IMG_8124.jpeg","type":"image\/jpeg"}],"author":"Hamra Fouzia","twitter_card":"summary_large_image","twitter_misc":{"Written by":"Hamra Fouzia","Est. reading time":"1 minute"},"schema":{"@context":"https:\/\/schema.org","@graph":[{"@type":"Article","@id":"https:\/\/elmawkie.dz\/fr\/oran-celebration-de-la-62e-anniversaire-de-la-fete-de-lindependance-nationale-et-de-la-jeunesse\/#article","isPartOf":{"@id":"https:\/\/elmawkie.dz\/fr\/oran-celebration-de-la-62e-anniversaire-de-la-fete-de-lindependance-nationale-et-de-la-jeunesse\/"},"author":{"name":"Hamra Fouzia","@id":"https:\/\/elmawkie.dz\/fr\/#\/schema\/person\/4ed8433201bc23634185d8dd37097c64"},"headline":"Oran : c\u00e9l\u00e9bration de la 62e anniversaire de la f\u00eate de l&rsquo;ind\u00e9pendance nationale et de la jeunesse","datePublished":"2024-07-05T19:36:14+00:00","dateModified":"2024-07-05T19:53:45+00:00","mainEntityOfPage":{"@id":"https:\/\/elmawkie.dz\/fr\/oran-celebration-de-la-62e-anniversaire-de-la-fete-de-lindependance-nationale-et-de-la-jeunesse\/"},"wordCount":246,"commentCount":0,"publisher":{"@id":"https:\/\/elmawkie.dz\/fr\/#organization"},"image":{"@id":"https:\/\/elmawkie.dz\/fr\/oran-celebration-de-la-62e-anniversaire-de-la-fete-de-lindependance-nationale-et-de-la-jeunesse\/#primaryimage"},"thumbnailUrl":"https:\/\/elmawkie.dz\/fr\/wp-content\/uploads\/2024\/07\/IMG_8124.jpeg","articleSection":["R\u00e9gion"],"inLanguage":"fr-FR","potentialAction":[{"@type":"CommentAction","name":"Comment","target":["https:\/\/elmawkie.dz\/fr\/oran-celebration-de-la-62e-anniversaire-de-la-fete-de-lindependance-nationale-et-de-la-jeunesse\/#respond"]}]},{"@type":"WebPage","@id":"https:\/\/elmawkie.dz\/fr\/oran-celebration-de-la-62e-anniversaire-de-la-fete-de-lindependance-nationale-et-de-la-jeunesse\/","url":"https:\/\/elmawkie.dz\/fr\/oran-celebration-de-la-62e-anniversaire-de-la-fete-de-lindependance-nationale-et-de-la-jeunesse\/","name":"Oran : c\u00e9l\u00e9bration de la 62e anniversaire de la f\u00eate de l'ind\u00e9pendance nationale et de la jeunesse - El Mawkie","isPartOf":{"@id":"https:\/\/elmawkie.dz\/fr\/#website"},"primaryImageOfPage":{"@id":"https:\/\/elmawkie.dz\/fr\/oran-celebration-de-la-62e-anniversaire-de-la-fete-de-lindependance-nationale-et-de-la-jeunesse\/#primaryimage"},"image":{"@id":"https:\/\/elmawkie.dz\/fr\/oran-celebration-de-la-62e-anniversaire-de-la-fete-de-lindependance-nationale-et-de-la-jeunesse\/#primaryimage"},"thumbnailUrl":"https:\/\/elmawkie.dz\/fr\/wp-content\/uploads\/2024\/07\/IMG_8124.jpeg","datePublished":"2024-07-05T19:36:14+00:00","dateModified":"2024-07-05T19:53:45+00:00","breadcrumb":{"@id":"https:\/\/elmawkie.dz\/fr\/oran-celebration-de-la-62e-anniversaire-de-la-fete-de-lindependance-nationale-et-de-la-jeunesse\/#breadcrumb"},"inLanguage":"fr-FR","potentialAction":[{"@type":"ReadAction","target":["https:\/\/elmawkie.dz\/fr\/oran-celebration-de-la-62e-anniversaire-de-la-fete-de-lindependance-nationale-et-de-la-jeunesse\/"]}]},{"@type":"ImageObject","inLanguage":"fr-FR","@id":"https:\/\/elmawkie.dz\/fr\/oran-celebration-de-la-62e-anniversaire-de-la-fete-de-lindependance-nationale-et-de-la-jeunesse\/#primaryimage","url":"https:\/\/elmawkie.dz\/fr\/wp-content\/uploads\/2024\/07\/IMG_8124.jpeg","contentUrl":"https:\/\/elmawkie.dz\/fr\/wp-content\/uploads\/2024\/07\/IMG_8124.jpeg","width":960,"height":640},{"@type":"BreadcrumbList","@id":"https:\/\/elmawkie.dz\/fr\/oran-celebration-de-la-62e-anniversaire-de-la-fete-de-lindependance-nationale-et-de-la-jeunesse\/#breadcrumb","itemListElement":[{"@type":"ListItem","position":1,"name":"Home","item":"https:\/\/elmawkie.dz\/fr\/"},{"@type":"ListItem","position":2,"name":"Oran : c\u00e9l\u00e9bration de la 62e anniversaire de la f\u00eate de l&rsquo;ind\u00e9pendance nationale et de la jeunesse"}]},{"@type":"WebSite","@id":"https:\/\/elmawkie.dz\/fr\/#website","url":"https:\/\/elmawkie.dz\/fr\/","name":"EL MAWKIE","description":"Journal \u00c9lectronique Alg\u00e9rien","publisher":{"@id":"https:\/\/elmawkie.dz\/fr\/#organization"},"potentialAction":[{"@type":"SearchAction","target":{"@type":"EntryPoint","urlTemplate":"https:\/\/elmawkie.dz\/fr\/?s={search_term_string}"},"query-input":"required name=search_term_string"}],"inLanguage":"fr-FR"},{"@type":"Organization","@id":"https:\/\/elmawkie.dz\/fr\/#organization","name":"EL MAWKIE","url":"https:\/\/elmawkie.dz\/fr\/","logo":{"@type":"ImageObject","inLanguage":"fr-FR","@id":"https:\/\/elmawkie.dz\/fr\/#\/schema\/logo\/image\/","url":"https:\/\/elmawkie.dz\/fr\/wp-content\/uploads\/2024\/05\/logo1.png","contentUrl":"https:\/\/elmawkie.dz\/fr\/wp-content\/uploads\/2024\/05\/logo1.png","width":1648,"height":652,"caption":"EL MAWKIE"},"image":{"@id":"https:\/\/elmawkie.dz\/fr\/#\/schema\/logo\/image\/"},"sameAs":["https:\/\/www.facebook.com\/profile.php?id=100088407094989&locale=fr_FR"]},{"@type":"Person","@id":"https:\/\/elmawkie.dz\/fr\/#\/schema\/person\/4ed8433201bc23634185d8dd37097c64","name":"Hamra Fouzia","image":{"@type":"ImageObject","inLanguage":"fr-FR","@id":"https:\/\/elmawkie.dz\/fr\/#\/schema\/person\/image\/","url":"https:\/\/secure.gravatar.com\/avatar\/ea215268aad51f3219f9a59227db6fa1?s=96&d=mm&r=g","contentUrl":"https:\/\/secure.gravatar.com\/avatar\/ea215268aad51f3219f9a59227db6fa1?s=96&d=mm&r=g","caption":"Hamra Fouzia"},"sameAs":["https:\/\/elmawkie.dz\/fr"],"url":"https:\/\/elmawkie.dz\/fr\/author\/elmawkie\/"}]}},"_links":{"self":[{"href":"https:\/\/elmawkie.dz\/fr\/wp-json\/wp\/v2\/posts\/2534","targetHints":{"allow":["GET"]}}],"collection":[{"href":"https:\/\/elmawkie.dz\/fr\/wp-json\/wp\/v2\/posts"}],"about":[{"href":"https:\/\/elmawkie.dz\/fr\/wp-json\/wp\/v2\/types\/post"}],"author":[{"embeddable":true,"href":"https:\/\/elmawkie.dz\/fr\/wp-json\/wp\/v2\/users\/3"}],"replies":[{"embeddable":true,"href":"https:\/\/elmawkie.dz\/fr\/wp-json\/wp\/v2\/comments?post=2534"}],"version-history":[{"count":0,"href":"https:\/\/elmawkie.dz\/fr\/wp-json\/wp\/v2\/posts\/2534\/revisions"}],"wp:featuredmedia":[{"embeddable":true,"href":"https:\/\/elmawkie.dz\/fr\/wp-json\/wp\/v2\/media\/2537"}],"wp:attachment":[{"href":"https:\/\/elmawkie.dz\/fr\/wp-json\/wp\/v2\/media?parent=2534"}],"wp:term":[{"taxonomy":"category","embeddable":true,"href":"https:\/\/elmawkie.dz\/fr\/wp-json\/wp\/v2\/categories?post=2534"},{"taxonomy":"post_tag","embeddable":true,"href":"https:\/\/elmawkie.dz\/fr\/wp-json\/wp\/v2\/tags?post=2534"}],"curies":[{"name":"wp","href":"https:\/\/api.w.org\/{rel}","templated":true}]}}