{"id":2414,"date":"2024-07-01T15:22:33","date_gmt":"2024-07-01T14:22:33","guid":{"rendered":"https:\/\/elmawkie.dz\/fr\/?p=2414"},"modified":"2024-07-01T15:22:33","modified_gmt":"2024-07-01T14:22:33","slug":"gendarmerie-nationale-mise-en-place-dun-plan-special-saison-estivale","status":"publish","type":"post","link":"https:\/\/elmawkie.dz\/fr\/gendarmerie-nationale-mise-en-place-dun-plan-special-saison-estivale\/","title":{"rendered":"Gendarmerie nationale : mise en place d&rsquo;un plan sp\u00e9cial saison estivale"},"content":{"rendered":"<p style=\"font-weight: 400;\"><b><strong>Le Commandement de la Gendarmerie nationale a mis en place un plan sp\u00e9cial reposant sur la pr\u00e9sence sur le terrain de ses unit\u00e9s \u00e0 travers les axes routiers, notamment ceux menant aux wilayas c\u00f4ti\u00e8res, en pr\u00e9vision de la saison estivale, indique dimanche un communiqu\u00e9 de ce corps s\u00e9curitaire.<\/strong><\/b><\/p>\n<p style=\"font-weight: 400;\">\u00ab\u00a0Ce plan, qui vise \u00e0 assurer la s\u00e9curit\u00e9 et la s\u00e9r\u00e9nit\u00e9 des citoyens, repose sur la pr\u00e9sence des unit\u00e9s de s\u00e9curit\u00e9 routi\u00e8re \u00e0 travers les axes routiers relevant du territoire de comp\u00e9tence de la gendarmerie nationale, lesquelles seront fortement pr\u00e9sentes au niveau des axes routiers, notamment ceux menant aux r\u00e9gions c\u00f4ti\u00e8res qui conna\u00eetront une forte affluence de citoyens\u00a0\u00bb, lit-on dans le communiqu\u00e9.<\/p>\n<p style=\"font-weight: 400;\">Dans ce cadre, \u00ab\u00a0les unit\u00e9s de s\u00e9curit\u00e9 routi\u00e8re proc\u00e8deront \u00e0 la sensibilisation des conducteurs afin de pr\u00e9venir les accidents de la circulation et dissuader les contrevenants au code de la route\u00a0\u00bb, en vue d&rsquo;un \u00e9t\u00e9 \u00ab\u00a0s\u00fbr sans accidents\u00a0\u00bb.<\/p>\n<p style=\"font-weight: 400;\">Aussi, des \u00ab\u00a0\u00e9quipes de protection des mineurs seront d\u00e9ploy\u00e9es au niveau des plages et des lieux de divertissement pour fournir des conseils et des orientations aux parents et \u00e0 leurs enfants,\u00a0\u00bb.<\/p>\n<p style=\"font-weight: 400;\">Des \u00e9quipes de s\u00e9curit\u00e9 et d&rsquo;investigation effectueront des patrouilles au niveau des plages autoris\u00e9es \u00e0 la baignade et celles interdites pour dissuader les contrevenants.<\/p>\n<p style=\"font-weight: 400;\">Des formations a\u00e9riennes de la Gendarmerie nationale seront \u00e9galement mobilis\u00e9es \u00ab\u00a0pour renforcer les unit\u00e9s sur le terrain, notamment pour fluidifier le trafic routier\u00a0\u00bb, selon la m\u00eame source.<\/p>\n","protected":false},"excerpt":{"rendered":"<p>Le Commandement de la Gendarmerie nationale a mis en place un plan sp\u00e9cial reposant sur la pr\u00e9sence sur le terrain de ses unit\u00e9s \u00e0 travers les axes routiers, notamment ceux menant aux wilayas c\u00f4ti\u00e8res, en pr\u00e9vision de la saison estivale, indique dimanche un communiqu\u00e9 de ce corps s\u00e9curitaire. \u00ab\u00a0Ce plan, qui vise \u00e0 assurer la &hellip;<\/p>\n","protected":false},"author":3,"featured_media":2415,"comment_status":"open","ping_status":"open","sticky":false,"template":"","format":"standard","meta":{"footnotes":""},"categories":[47],"tags":[],"class_list":["post-2414","post","type-post","status-publish","format-standard","has-post-thumbnail","hentry","category-national"],"yoast_head":"<!-- This site is optimized with the Yoast SEO Premium plugin v22.6 (Yoast SEO v22.6) - https:\/\/yoast.com\/wordpress\/plugins\/seo\/ -->\n<title>Gendarmerie nationale : mise en place d&#039;un plan sp\u00e9cial saison estivale - El Mawkie<\/title>\n<meta name=\"robots\" content=\"index, follow, max-snippet:-1, max-image-preview:large, max-video-preview:-1\" \/>\n<link rel=\"canonical\" href=\"https:\/\/elmawkie.dz\/fr\/gendarmerie-nationale-mise-en-place-dun-plan-special-saison-estivale\/\" \/>\n<meta property=\"og:locale\" content=\"fr_FR\" \/>\n<meta property=\"og:type\" content=\"article\" \/>\n<meta property=\"og:title\" content=\"Gendarmerie nationale : mise en place d&#039;un plan sp\u00e9cial saison estivale\" \/>\n<meta property=\"og:description\" content=\"Le Commandement de la Gendarmerie nationale a mis en place un plan sp\u00e9cial reposant sur la pr\u00e9sence sur le terrain de ses unit\u00e9s \u00e0 travers les axes routiers, notamment ceux menant aux wilayas c\u00f4ti\u00e8res, en pr\u00e9vision de la saison estivale, indique dimanche un communiqu\u00e9 de ce corps s\u00e9curitaire. \u00ab\u00a0Ce plan, qui vise \u00e0 assurer la &hellip;\" \/>\n<meta property=\"og:url\" content=\"https:\/\/elmawkie.dz\/fr\/gendarmerie-nationale-mise-en-place-dun-plan-special-saison-estivale\/\" \/>\n<meta property=\"og:site_name\" content=\"El Mawkie\" \/>\n<meta property=\"article:publisher\" content=\"https:\/\/www.facebook.com\/profile.php?id=100088407094989&amp;locale=fr_FR\" \/>\n<meta property=\"article:published_time\" content=\"2024-07-01T14:22:33+00:00\" \/>\n<meta property=\"og:image\" content=\"https:\/\/elmawkie.dz\/fr\/wp-content\/uploads\/2024\/07\/gendarmerie-_nationale-_dispositif-securitaire-special.webp\" \/>\n\t<meta property=\"og:image:width\" content=\"900\" \/>\n\t<meta property=\"og:image:height\" content=\"675\" \/>\n\t<meta property=\"og:image:type\" content=\"image\/webp\" \/>\n<meta name=\"author\" content=\"Hamra Fouzia\" \/>\n<meta name=\"twitter:card\" content=\"summary_large_image\" \/>\n<meta name=\"twitter:label1\" content=\"Written by\" \/>\n\t<meta name=\"twitter:data1\" content=\"Hamra Fouzia\" \/>\n\t<meta name=\"twitter:label2\" content=\"Est. reading time\" \/>\n\t<meta name=\"twitter:data2\" content=\"1 minute\" \/>\n<script type=\"application\/ld+json\" class=\"yoast-schema-graph\">{\"@context\":\"https:\/\/schema.org\",\"@graph\":[{\"@type\":\"Article\",\"@id\":\"https:\/\/elmawkie.dz\/fr\/gendarmerie-nationale-mise-en-place-dun-plan-special-saison-estivale\/#article\",\"isPartOf\":{\"@id\":\"https:\/\/elmawkie.dz\/fr\/gendarmerie-nationale-mise-en-place-dun-plan-special-saison-estivale\/\"},\"author\":{\"name\":\"Hamra Fouzia\",\"@id\":\"https:\/\/elmawkie.dz\/fr\/#\/schema\/person\/4ed8433201bc23634185d8dd37097c64\"},\"headline\":\"Gendarmerie nationale : mise en place d&rsquo;un plan sp\u00e9cial saison estivale\",\"datePublished\":\"2024-07-01T14:22:33+00:00\",\"dateModified\":\"2024-07-01T14:22:33+00:00\",\"mainEntityOfPage\":{\"@id\":\"https:\/\/elmawkie.dz\/fr\/gendarmerie-nationale-mise-en-place-dun-plan-special-saison-estivale\/\"},\"wordCount\":272,\"commentCount\":0,\"publisher\":{\"@id\":\"https:\/\/elmawkie.dz\/fr\/#organization\"},\"image\":{\"@id\":\"https:\/\/elmawkie.dz\/fr\/gendarmerie-nationale-mise-en-place-dun-plan-special-saison-estivale\/#primaryimage\"},\"thumbnailUrl\":\"https:\/\/elmawkie.dz\/fr\/wp-content\/uploads\/2024\/07\/gendarmerie-_nationale-_dispositif-securitaire-special.webp\",\"articleSection\":[\"National\"],\"inLanguage\":\"fr-FR\",\"potentialAction\":[{\"@type\":\"CommentAction\",\"name\":\"Comment\",\"target\":[\"https:\/\/elmawkie.dz\/fr\/gendarmerie-nationale-mise-en-place-dun-plan-special-saison-estivale\/#respond\"]}]},{\"@type\":\"WebPage\",\"@id\":\"https:\/\/elmawkie.dz\/fr\/gendarmerie-nationale-mise-en-place-dun-plan-special-saison-estivale\/\",\"url\":\"https:\/\/elmawkie.dz\/fr\/gendarmerie-nationale-mise-en-place-dun-plan-special-saison-estivale\/\",\"name\":\"Gendarmerie nationale : mise en place d'un plan sp\u00e9cial saison estivale - El Mawkie\",\"isPartOf\":{\"@id\":\"https:\/\/elmawkie.dz\/fr\/#website\"},\"primaryImageOfPage\":{\"@id\":\"https:\/\/elmawkie.dz\/fr\/gendarmerie-nationale-mise-en-place-dun-plan-special-saison-estivale\/#primaryimage\"},\"image\":{\"@id\":\"https:\/\/elmawkie.dz\/fr\/gendarmerie-nationale-mise-en-place-dun-plan-special-saison-estivale\/#primaryimage\"},\"thumbnailUrl\":\"https:\/\/elmawkie.dz\/fr\/wp-content\/uploads\/2024\/07\/gendarmerie-_nationale-_dispositif-securitaire-special.webp\",\"datePublished\":\"2024-07-01T14:22:33+00:00\",\"dateModified\":\"2024-07-01T14:22:33+00:00\",\"breadcrumb\":{\"@id\":\"https:\/\/elmawkie.dz\/fr\/gendarmerie-nationale-mise-en-place-dun-plan-special-saison-estivale\/#breadcrumb\"},\"inLanguage\":\"fr-FR\",\"potentialAction\":[{\"@type\":\"ReadAction\",\"target\":[\"https:\/\/elmawkie.dz\/fr\/gendarmerie-nationale-mise-en-place-dun-plan-special-saison-estivale\/\"]}]},{\"@type\":\"ImageObject\",\"inLanguage\":\"fr-FR\",\"@id\":\"https:\/\/elmawkie.dz\/fr\/gendarmerie-nationale-mise-en-place-dun-plan-special-saison-estivale\/#primaryimage\",\"url\":\"https:\/\/elmawkie.dz\/fr\/wp-content\/uploads\/2024\/07\/gendarmerie-_nationale-_dispositif-securitaire-special.webp\",\"contentUrl\":\"https:\/\/elmawkie.dz\/fr\/wp-content\/uploads\/2024\/07\/gendarmerie-_nationale-_dispositif-securitaire-special.webp\",\"width\":900,\"height\":675},{\"@type\":\"BreadcrumbList\",\"@id\":\"https:\/\/elmawkie.dz\/fr\/gendarmerie-nationale-mise-en-place-dun-plan-special-saison-estivale\/#breadcrumb\",\"itemListElement\":[{\"@type\":\"ListItem\",\"position\":1,\"name\":\"Home\",\"item\":\"https:\/\/elmawkie.dz\/fr\/\"},{\"@type\":\"ListItem\",\"position\":2,\"name\":\"Gendarmerie nationale : mise en place d&rsquo;un plan sp\u00e9cial saison estivale\"}]},{\"@type\":\"WebSite\",\"@id\":\"https:\/\/elmawkie.dz\/fr\/#website\",\"url\":\"https:\/\/elmawkie.dz\/fr\/\",\"name\":\"EL MAWKIE\",\"description\":\"Journal \u00c9lectronique Alg\u00e9rien\",\"publisher\":{\"@id\":\"https:\/\/elmawkie.dz\/fr\/#organization\"},\"potentialAction\":[{\"@type\":\"SearchAction\",\"target\":{\"@type\":\"EntryPoint\",\"urlTemplate\":\"https:\/\/elmawkie.dz\/fr\/?s={search_term_string}\"},\"query-input\":\"required name=search_term_string\"}],\"inLanguage\":\"fr-FR\"},{\"@type\":\"Organization\",\"@id\":\"https:\/\/elmawkie.dz\/fr\/#organization\",\"name\":\"EL MAWKIE\",\"url\":\"https:\/\/elmawkie.dz\/fr\/\",\"logo\":{\"@type\":\"ImageObject\",\"inLanguage\":\"fr-FR\",\"@id\":\"https:\/\/elmawkie.dz\/fr\/#\/schema\/logo\/image\/\",\"url\":\"https:\/\/elmawkie.dz\/fr\/wp-content\/uploads\/2024\/05\/logo1.png\",\"contentUrl\":\"https:\/\/elmawkie.dz\/fr\/wp-content\/uploads\/2024\/05\/logo1.png\",\"width\":1648,\"height\":652,\"caption\":\"EL MAWKIE\"},\"image\":{\"@id\":\"https:\/\/elmawkie.dz\/fr\/#\/schema\/logo\/image\/\"},\"sameAs\":[\"https:\/\/www.facebook.com\/profile.php?id=100088407094989&locale=fr_FR\"]},{\"@type\":\"Person\",\"@id\":\"https:\/\/elmawkie.dz\/fr\/#\/schema\/person\/4ed8433201bc23634185d8dd37097c64\",\"name\":\"Hamra Fouzia\",\"image\":{\"@type\":\"ImageObject\",\"inLanguage\":\"fr-FR\",\"@id\":\"https:\/\/elmawkie.dz\/fr\/#\/schema\/person\/image\/\",\"url\":\"https:\/\/secure.gravatar.com\/avatar\/ea215268aad51f3219f9a59227db6fa1?s=96&d=mm&r=g\",\"contentUrl\":\"https:\/\/secure.gravatar.com\/avatar\/ea215268aad51f3219f9a59227db6fa1?s=96&d=mm&r=g\",\"caption\":\"Hamra Fouzia\"},\"sameAs\":[\"https:\/\/elmawkie.dz\/fr\"],\"url\":\"https:\/\/elmawkie.dz\/fr\/author\/elmawkie\/\"}]}<\/script>\n<!-- \/ Yoast SEO Premium plugin. -->","yoast_head_json":{"title":"Gendarmerie nationale : mise en place d'un plan sp\u00e9cial saison estivale - El Mawkie","robots":{"index":"index","follow":"follow","max-snippet":"max-snippet:-1","max-image-preview":"max-image-preview:large","max-video-preview":"max-video-preview:-1"},"canonical":"https:\/\/elmawkie.dz\/fr\/gendarmerie-nationale-mise-en-place-dun-plan-special-saison-estivale\/","og_locale":"fr_FR","og_type":"article","og_title":"Gendarmerie nationale : mise en place d'un plan sp\u00e9cial saison estivale","og_description":"Le Commandement de la Gendarmerie nationale a mis en place un plan sp\u00e9cial reposant sur la pr\u00e9sence sur le terrain de ses unit\u00e9s \u00e0 travers les axes routiers, notamment ceux menant aux wilayas c\u00f4ti\u00e8res, en pr\u00e9vision de la saison estivale, indique dimanche un communiqu\u00e9 de ce corps s\u00e9curitaire. \u00ab\u00a0Ce plan, qui vise \u00e0 assurer la &hellip;","og_url":"https:\/\/elmawkie.dz\/fr\/gendarmerie-nationale-mise-en-place-dun-plan-special-saison-estivale\/","og_site_name":"El Mawkie","article_publisher":"https:\/\/www.facebook.com\/profile.php?id=100088407094989&locale=fr_FR","article_published_time":"2024-07-01T14:22:33+00:00","og_image":[{"width":900,"height":675,"url":"https:\/\/elmawkie.dz\/fr\/wp-content\/uploads\/2024\/07\/gendarmerie-_nationale-_dispositif-securitaire-special.webp","type":"image\/webp"}],"author":"Hamra Fouzia","twitter_card":"summary_large_image","twitter_misc":{"Written by":"Hamra Fouzia","Est. reading time":"1 minute"},"schema":{"@context":"https:\/\/schema.org","@graph":[{"@type":"Article","@id":"https:\/\/elmawkie.dz\/fr\/gendarmerie-nationale-mise-en-place-dun-plan-special-saison-estivale\/#article","isPartOf":{"@id":"https:\/\/elmawkie.dz\/fr\/gendarmerie-nationale-mise-en-place-dun-plan-special-saison-estivale\/"},"author":{"name":"Hamra Fouzia","@id":"https:\/\/elmawkie.dz\/fr\/#\/schema\/person\/4ed8433201bc23634185d8dd37097c64"},"headline":"Gendarmerie nationale : mise en place d&rsquo;un plan sp\u00e9cial saison estivale","datePublished":"2024-07-01T14:22:33+00:00","dateModified":"2024-07-01T14:22:33+00:00","mainEntityOfPage":{"@id":"https:\/\/elmawkie.dz\/fr\/gendarmerie-nationale-mise-en-place-dun-plan-special-saison-estivale\/"},"wordCount":272,"commentCount":0,"publisher":{"@id":"https:\/\/elmawkie.dz\/fr\/#organization"},"image":{"@id":"https:\/\/elmawkie.dz\/fr\/gendarmerie-nationale-mise-en-place-dun-plan-special-saison-estivale\/#primaryimage"},"thumbnailUrl":"https:\/\/elmawkie.dz\/fr\/wp-content\/uploads\/2024\/07\/gendarmerie-_nationale-_dispositif-securitaire-special.webp","articleSection":["National"],"inLanguage":"fr-FR","potentialAction":[{"@type":"CommentAction","name":"Comment","target":["https:\/\/elmawkie.dz\/fr\/gendarmerie-nationale-mise-en-place-dun-plan-special-saison-estivale\/#respond"]}]},{"@type":"WebPage","@id":"https:\/\/elmawkie.dz\/fr\/gendarmerie-nationale-mise-en-place-dun-plan-special-saison-estivale\/","url":"https:\/\/elmawkie.dz\/fr\/gendarmerie-nationale-mise-en-place-dun-plan-special-saison-estivale\/","name":"Gendarmerie nationale : mise en place d'un plan sp\u00e9cial saison estivale - El Mawkie","isPartOf":{"@id":"https:\/\/elmawkie.dz\/fr\/#website"},"primaryImageOfPage":{"@id":"https:\/\/elmawkie.dz\/fr\/gendarmerie-nationale-mise-en-place-dun-plan-special-saison-estivale\/#primaryimage"},"image":{"@id":"https:\/\/elmawkie.dz\/fr\/gendarmerie-nationale-mise-en-place-dun-plan-special-saison-estivale\/#primaryimage"},"thumbnailUrl":"https:\/\/elmawkie.dz\/fr\/wp-content\/uploads\/2024\/07\/gendarmerie-_nationale-_dispositif-securitaire-special.webp","datePublished":"2024-07-01T14:22:33+00:00","dateModified":"2024-07-01T14:22:33+00:00","breadcrumb":{"@id":"https:\/\/elmawkie.dz\/fr\/gendarmerie-nationale-mise-en-place-dun-plan-special-saison-estivale\/#breadcrumb"},"inLanguage":"fr-FR","potentialAction":[{"@type":"ReadAction","target":["https:\/\/elmawkie.dz\/fr\/gendarmerie-nationale-mise-en-place-dun-plan-special-saison-estivale\/"]}]},{"@type":"ImageObject","inLanguage":"fr-FR","@id":"https:\/\/elmawkie.dz\/fr\/gendarmerie-nationale-mise-en-place-dun-plan-special-saison-estivale\/#primaryimage","url":"https:\/\/elmawkie.dz\/fr\/wp-content\/uploads\/2024\/07\/gendarmerie-_nationale-_dispositif-securitaire-special.webp","contentUrl":"https:\/\/elmawkie.dz\/fr\/wp-content\/uploads\/2024\/07\/gendarmerie-_nationale-_dispositif-securitaire-special.webp","width":900,"height":675},{"@type":"BreadcrumbList","@id":"https:\/\/elmawkie.dz\/fr\/gendarmerie-nationale-mise-en-place-dun-plan-special-saison-estivale\/#breadcrumb","itemListElement":[{"@type":"ListItem","position":1,"name":"Home","item":"https:\/\/elmawkie.dz\/fr\/"},{"@type":"ListItem","position":2,"name":"Gendarmerie nationale : mise en place d&rsquo;un plan sp\u00e9cial saison estivale"}]},{"@type":"WebSite","@id":"https:\/\/elmawkie.dz\/fr\/#website","url":"https:\/\/elmawkie.dz\/fr\/","name":"EL MAWKIE","description":"Journal \u00c9lectronique Alg\u00e9rien","publisher":{"@id":"https:\/\/elmawkie.dz\/fr\/#organization"},"potentialAction":[{"@type":"SearchAction","target":{"@type":"EntryPoint","urlTemplate":"https:\/\/elmawkie.dz\/fr\/?s={search_term_string}"},"query-input":"required name=search_term_string"}],"inLanguage":"fr-FR"},{"@type":"Organization","@id":"https:\/\/elmawkie.dz\/fr\/#organization","name":"EL MAWKIE","url":"https:\/\/elmawkie.dz\/fr\/","logo":{"@type":"ImageObject","inLanguage":"fr-FR","@id":"https:\/\/elmawkie.dz\/fr\/#\/schema\/logo\/image\/","url":"https:\/\/elmawkie.dz\/fr\/wp-content\/uploads\/2024\/05\/logo1.png","contentUrl":"https:\/\/elmawkie.dz\/fr\/wp-content\/uploads\/2024\/05\/logo1.png","width":1648,"height":652,"caption":"EL MAWKIE"},"image":{"@id":"https:\/\/elmawkie.dz\/fr\/#\/schema\/logo\/image\/"},"sameAs":["https:\/\/www.facebook.com\/profile.php?id=100088407094989&locale=fr_FR"]},{"@type":"Person","@id":"https:\/\/elmawkie.dz\/fr\/#\/schema\/person\/4ed8433201bc23634185d8dd37097c64","name":"Hamra Fouzia","image":{"@type":"ImageObject","inLanguage":"fr-FR","@id":"https:\/\/elmawkie.dz\/fr\/#\/schema\/person\/image\/","url":"https:\/\/secure.gravatar.com\/avatar\/ea215268aad51f3219f9a59227db6fa1?s=96&d=mm&r=g","contentUrl":"https:\/\/secure.gravatar.com\/avatar\/ea215268aad51f3219f9a59227db6fa1?s=96&d=mm&r=g","caption":"Hamra Fouzia"},"sameAs":["https:\/\/elmawkie.dz\/fr"],"url":"https:\/\/elmawkie.dz\/fr\/author\/elmawkie\/"}]}},"_links":{"self":[{"href":"https:\/\/elmawkie.dz\/fr\/wp-json\/wp\/v2\/posts\/2414","targetHints":{"allow":["GET"]}}],"collection":[{"href":"https:\/\/elmawkie.dz\/fr\/wp-json\/wp\/v2\/posts"}],"about":[{"href":"https:\/\/elmawkie.dz\/fr\/wp-json\/wp\/v2\/types\/post"}],"author":[{"embeddable":true,"href":"https:\/\/elmawkie.dz\/fr\/wp-json\/wp\/v2\/users\/3"}],"replies":[{"embeddable":true,"href":"https:\/\/elmawkie.dz\/fr\/wp-json\/wp\/v2\/comments?post=2414"}],"version-history":[{"count":0,"href":"https:\/\/elmawkie.dz\/fr\/wp-json\/wp\/v2\/posts\/2414\/revisions"}],"wp:featuredmedia":[{"embeddable":true,"href":"https:\/\/elmawkie.dz\/fr\/wp-json\/wp\/v2\/media\/2415"}],"wp:attachment":[{"href":"https:\/\/elmawkie.dz\/fr\/wp-json\/wp\/v2\/media?parent=2414"}],"wp:term":[{"taxonomy":"category","embeddable":true,"href":"https:\/\/elmawkie.dz\/fr\/wp-json\/wp\/v2\/categories?post=2414"},{"taxonomy":"post_tag","embeddable":true,"href":"https:\/\/elmawkie.dz\/fr\/wp-json\/wp\/v2\/tags?post=2414"}],"curies":[{"name":"wp","href":"https:\/\/api.w.org\/{rel}","templated":true}]}}