{"id":2402,"date":"2024-07-01T13:02:37","date_gmt":"2024-07-01T12:02:37","guid":{"rendered":"https:\/\/elmawkie.dz\/fr\/?p=2402"},"modified":"2024-07-01T13:04:25","modified_gmt":"2024-07-01T12:04:25","slug":"le-president-de-la-republique-preside-la-ceremonie-de-sortie-de-promotions-a-lacademie-militaire-de-cherchell","status":"publish","type":"post","link":"https:\/\/elmawkie.dz\/fr\/le-president-de-la-republique-preside-la-ceremonie-de-sortie-de-promotions-a-lacademie-militaire-de-cherchell\/","title":{"rendered":"Le pr\u00e9sident de la R\u00e9publique pr\u00e9side la c\u00e9r\u00e9monie de sortie de promotions \u00e0 l\u2019Acad\u00e9mie militaire de Cherchell"},"content":{"rendered":"<div class=\"itemIntroText col-xs-hidden \">\n<p><em><strong>Le pr\u00e9sident de la R\u00e9publique, Chef supr\u00eame des Forces arm\u00e9es, ministre de la D\u00e9fense nationale, M. Abdelmadjid Tebboune, a pr\u00e9sid\u00e9 lundi \u00e0 l&rsquo;Acad\u00e9mie militaire \u00ab\u00a0Houari-Boumediene\u00a0\u00bb de Cherchell (Tipasa), la c\u00e9r\u00e9monie annuelle de sortie de promotions au titre de l&rsquo;ann\u00e9e 2023-2024.<\/strong><\/em><\/p>\n<\/div>\n<div class=\"itemFullText\">\n<p><em>\u00a0le pr\u00e9sident de la R\u00e9publique a \u00e9t\u00e9 accueilli, \u00e0 l\u2019entr\u00e9e principale de l\u2019Acad\u00e9mie, par le G\u00e9n\u00e9ral d\u2019Arm\u00e9e Sa\u00efd Chanegriha, Chef d&rsquo;Etat-Major de l&rsquo;Arm\u00e9e nationale populaire , o\u00f9 une formation militaire lui a pr\u00e9sent\u00e9 les honneurs militaires , \u00e9cout\u00e9 l&rsquo;hymne national . A l\u2019entr\u00e9e de l\u2019Acad\u00e9mie, le pr\u00e9sident Tebboune a observ\u00e9 un moment de recueillement en hommage au d\u00e9funt pr\u00e9sident Houari Boumediene dont le nom est port\u00e9 par l\u2019Acad\u00e9mie militaire de Cherchell, pour d\u00e9poser ensuite une gerbe de fleurs sur la st\u00e8le comm\u00e9morative et r\u00e9citer la Fatiha du Saint Coran sur l\u2019\u00e2me du d\u00e9funt pr\u00e9sident. Notant que cette c\u00e9r\u00e9monie s&rsquo;est d\u00e9roul\u00e9e en pr\u00e9sence de hauts responsables de l&rsquo;Etat et d&rsquo;officiers sup\u00e9rieurs de l&rsquo;Arm\u00e9e nationale populaire (ANP).<br \/>\n<\/em><\/p>\n<p>&nbsp;<\/p>\n<p>&nbsp;<\/p>\n<\/div>\n","protected":false},"excerpt":{"rendered":"<p>Le pr\u00e9sident de la R\u00e9publique, Chef supr\u00eame des Forces arm\u00e9es, ministre de la D\u00e9fense nationale, M. Abdelmadjid Tebboune, a pr\u00e9sid\u00e9 lundi \u00e0 l&rsquo;Acad\u00e9mie militaire \u00ab\u00a0Houari-Boumediene\u00a0\u00bb de Cherchell (Tipasa), la c\u00e9r\u00e9monie annuelle de sortie de promotions au titre de l&rsquo;ann\u00e9e 2023-2024. \u00a0le pr\u00e9sident de la R\u00e9publique a \u00e9t\u00e9 accueilli, \u00e0 l\u2019entr\u00e9e principale de l\u2019Acad\u00e9mie, par le &hellip;<\/p>\n","protected":false},"author":3,"featured_media":2403,"comment_status":"open","ping_status":"open","sticky":false,"template":"","format":"standard","meta":{"footnotes":""},"categories":[47],"tags":[],"class_list":["post-2402","post","type-post","status-publish","format-standard","has-post-thumbnail","hentry","category-national"],"yoast_head":"<!-- This site is optimized with the Yoast SEO Premium plugin v22.6 (Yoast SEO v22.6) - https:\/\/yoast.com\/wordpress\/plugins\/seo\/ -->\n<title>Le pr\u00e9sident de la R\u00e9publique pr\u00e9side la c\u00e9r\u00e9monie de sortie de promotions \u00e0 l\u2019Acad\u00e9mie militaire de Cherchell - El Mawkie<\/title>\n<meta name=\"robots\" content=\"index, follow, max-snippet:-1, max-image-preview:large, max-video-preview:-1\" \/>\n<link rel=\"canonical\" href=\"https:\/\/elmawkie.dz\/fr\/le-president-de-la-republique-preside-la-ceremonie-de-sortie-de-promotions-a-lacademie-militaire-de-cherchell\/\" \/>\n<meta property=\"og:locale\" content=\"fr_FR\" \/>\n<meta property=\"og:type\" content=\"article\" \/>\n<meta property=\"og:title\" content=\"Le pr\u00e9sident de la R\u00e9publique pr\u00e9side la c\u00e9r\u00e9monie de sortie de promotions \u00e0 l\u2019Acad\u00e9mie militaire de Cherchell\" \/>\n<meta property=\"og:description\" content=\"Le pr\u00e9sident de la R\u00e9publique, Chef supr\u00eame des Forces arm\u00e9es, ministre de la D\u00e9fense nationale, M. Abdelmadjid Tebboune, a pr\u00e9sid\u00e9 lundi \u00e0 l&rsquo;Acad\u00e9mie militaire \u00ab\u00a0Houari-Boumediene\u00a0\u00bb de Cherchell (Tipasa), la c\u00e9r\u00e9monie annuelle de sortie de promotions au titre de l&rsquo;ann\u00e9e 2023-2024. \u00a0le pr\u00e9sident de la R\u00e9publique a \u00e9t\u00e9 accueilli, \u00e0 l\u2019entr\u00e9e principale de l\u2019Acad\u00e9mie, par le &hellip;\" \/>\n<meta property=\"og:url\" content=\"https:\/\/elmawkie.dz\/fr\/le-president-de-la-republique-preside-la-ceremonie-de-sortie-de-promotions-a-lacademie-militaire-de-cherchell\/\" \/>\n<meta property=\"og:site_name\" content=\"El Mawkie\" \/>\n<meta property=\"article:publisher\" content=\"https:\/\/www.facebook.com\/profile.php?id=100088407094989&amp;locale=fr_FR\" \/>\n<meta property=\"article:published_time\" content=\"2024-07-01T12:02:37+00:00\" \/>\n<meta property=\"article:modified_time\" content=\"2024-07-01T12:04:25+00:00\" \/>\n<meta property=\"og:image\" content=\"https:\/\/elmawkie.dz\/fr\/wp-content\/uploads\/2024\/07\/IMG_7937.jpeg\" \/>\n\t<meta property=\"og:image:width\" content=\"926\" \/>\n\t<meta property=\"og:image:height\" content=\"372\" \/>\n\t<meta property=\"og:image:type\" content=\"image\/jpeg\" \/>\n<meta name=\"author\" content=\"Hamra Fouzia\" \/>\n<meta name=\"twitter:card\" content=\"summary_large_image\" \/>\n<meta name=\"twitter:label1\" content=\"Written by\" \/>\n\t<meta name=\"twitter:data1\" content=\"Hamra Fouzia\" \/>\n\t<meta name=\"twitter:label2\" content=\"Est. reading time\" \/>\n\t<meta name=\"twitter:data2\" content=\"1 minute\" \/>\n<script type=\"application\/ld+json\" class=\"yoast-schema-graph\">{\"@context\":\"https:\/\/schema.org\",\"@graph\":[{\"@type\":\"Article\",\"@id\":\"https:\/\/elmawkie.dz\/fr\/le-president-de-la-republique-preside-la-ceremonie-de-sortie-de-promotions-a-lacademie-militaire-de-cherchell\/#article\",\"isPartOf\":{\"@id\":\"https:\/\/elmawkie.dz\/fr\/le-president-de-la-republique-preside-la-ceremonie-de-sortie-de-promotions-a-lacademie-militaire-de-cherchell\/\"},\"author\":{\"name\":\"Hamra Fouzia\",\"@id\":\"https:\/\/elmawkie.dz\/fr\/#\/schema\/person\/4ed8433201bc23634185d8dd37097c64\"},\"headline\":\"Le pr\u00e9sident de la R\u00e9publique pr\u00e9side la c\u00e9r\u00e9monie de sortie de promotions \u00e0 l\u2019Acad\u00e9mie militaire de Cherchell\",\"datePublished\":\"2024-07-01T12:02:37+00:00\",\"dateModified\":\"2024-07-01T12:04:25+00:00\",\"mainEntityOfPage\":{\"@id\":\"https:\/\/elmawkie.dz\/fr\/le-president-de-la-republique-preside-la-ceremonie-de-sortie-de-promotions-a-lacademie-militaire-de-cherchell\/\"},\"wordCount\":230,\"commentCount\":0,\"publisher\":{\"@id\":\"https:\/\/elmawkie.dz\/fr\/#organization\"},\"image\":{\"@id\":\"https:\/\/elmawkie.dz\/fr\/le-president-de-la-republique-preside-la-ceremonie-de-sortie-de-promotions-a-lacademie-militaire-de-cherchell\/#primaryimage\"},\"thumbnailUrl\":\"https:\/\/elmawkie.dz\/fr\/wp-content\/uploads\/2024\/07\/IMG_7937.jpeg\",\"articleSection\":[\"National\"],\"inLanguage\":\"fr-FR\",\"potentialAction\":[{\"@type\":\"CommentAction\",\"name\":\"Comment\",\"target\":[\"https:\/\/elmawkie.dz\/fr\/le-president-de-la-republique-preside-la-ceremonie-de-sortie-de-promotions-a-lacademie-militaire-de-cherchell\/#respond\"]}]},{\"@type\":\"WebPage\",\"@id\":\"https:\/\/elmawkie.dz\/fr\/le-president-de-la-republique-preside-la-ceremonie-de-sortie-de-promotions-a-lacademie-militaire-de-cherchell\/\",\"url\":\"https:\/\/elmawkie.dz\/fr\/le-president-de-la-republique-preside-la-ceremonie-de-sortie-de-promotions-a-lacademie-militaire-de-cherchell\/\",\"name\":\"Le pr\u00e9sident de la R\u00e9publique pr\u00e9side la c\u00e9r\u00e9monie de sortie de promotions \u00e0 l\u2019Acad\u00e9mie militaire de Cherchell - El Mawkie\",\"isPartOf\":{\"@id\":\"https:\/\/elmawkie.dz\/fr\/#website\"},\"primaryImageOfPage\":{\"@id\":\"https:\/\/elmawkie.dz\/fr\/le-president-de-la-republique-preside-la-ceremonie-de-sortie-de-promotions-a-lacademie-militaire-de-cherchell\/#primaryimage\"},\"image\":{\"@id\":\"https:\/\/elmawkie.dz\/fr\/le-president-de-la-republique-preside-la-ceremonie-de-sortie-de-promotions-a-lacademie-militaire-de-cherchell\/#primaryimage\"},\"thumbnailUrl\":\"https:\/\/elmawkie.dz\/fr\/wp-content\/uploads\/2024\/07\/IMG_7937.jpeg\",\"datePublished\":\"2024-07-01T12:02:37+00:00\",\"dateModified\":\"2024-07-01T12:04:25+00:00\",\"breadcrumb\":{\"@id\":\"https:\/\/elmawkie.dz\/fr\/le-president-de-la-republique-preside-la-ceremonie-de-sortie-de-promotions-a-lacademie-militaire-de-cherchell\/#breadcrumb\"},\"inLanguage\":\"fr-FR\",\"potentialAction\":[{\"@type\":\"ReadAction\",\"target\":[\"https:\/\/elmawkie.dz\/fr\/le-president-de-la-republique-preside-la-ceremonie-de-sortie-de-promotions-a-lacademie-militaire-de-cherchell\/\"]}]},{\"@type\":\"ImageObject\",\"inLanguage\":\"fr-FR\",\"@id\":\"https:\/\/elmawkie.dz\/fr\/le-president-de-la-republique-preside-la-ceremonie-de-sortie-de-promotions-a-lacademie-militaire-de-cherchell\/#primaryimage\",\"url\":\"https:\/\/elmawkie.dz\/fr\/wp-content\/uploads\/2024\/07\/IMG_7937.jpeg\",\"contentUrl\":\"https:\/\/elmawkie.dz\/fr\/wp-content\/uploads\/2024\/07\/IMG_7937.jpeg\",\"width\":926,\"height\":372},{\"@type\":\"BreadcrumbList\",\"@id\":\"https:\/\/elmawkie.dz\/fr\/le-president-de-la-republique-preside-la-ceremonie-de-sortie-de-promotions-a-lacademie-militaire-de-cherchell\/#breadcrumb\",\"itemListElement\":[{\"@type\":\"ListItem\",\"position\":1,\"name\":\"Home\",\"item\":\"https:\/\/elmawkie.dz\/fr\/\"},{\"@type\":\"ListItem\",\"position\":2,\"name\":\"Le pr\u00e9sident de la R\u00e9publique pr\u00e9side la c\u00e9r\u00e9monie de sortie de promotions \u00e0 l\u2019Acad\u00e9mie militaire de Cherchell\"}]},{\"@type\":\"WebSite\",\"@id\":\"https:\/\/elmawkie.dz\/fr\/#website\",\"url\":\"https:\/\/elmawkie.dz\/fr\/\",\"name\":\"EL MAWKIE\",\"description\":\"Journal \u00c9lectronique Alg\u00e9rien\",\"publisher\":{\"@id\":\"https:\/\/elmawkie.dz\/fr\/#organization\"},\"potentialAction\":[{\"@type\":\"SearchAction\",\"target\":{\"@type\":\"EntryPoint\",\"urlTemplate\":\"https:\/\/elmawkie.dz\/fr\/?s={search_term_string}\"},\"query-input\":\"required name=search_term_string\"}],\"inLanguage\":\"fr-FR\"},{\"@type\":\"Organization\",\"@id\":\"https:\/\/elmawkie.dz\/fr\/#organization\",\"name\":\"EL MAWKIE\",\"url\":\"https:\/\/elmawkie.dz\/fr\/\",\"logo\":{\"@type\":\"ImageObject\",\"inLanguage\":\"fr-FR\",\"@id\":\"https:\/\/elmawkie.dz\/fr\/#\/schema\/logo\/image\/\",\"url\":\"https:\/\/elmawkie.dz\/fr\/wp-content\/uploads\/2024\/05\/logo1.png\",\"contentUrl\":\"https:\/\/elmawkie.dz\/fr\/wp-content\/uploads\/2024\/05\/logo1.png\",\"width\":1648,\"height\":652,\"caption\":\"EL MAWKIE\"},\"image\":{\"@id\":\"https:\/\/elmawkie.dz\/fr\/#\/schema\/logo\/image\/\"},\"sameAs\":[\"https:\/\/www.facebook.com\/profile.php?id=100088407094989&locale=fr_FR\"]},{\"@type\":\"Person\",\"@id\":\"https:\/\/elmawkie.dz\/fr\/#\/schema\/person\/4ed8433201bc23634185d8dd37097c64\",\"name\":\"Hamra Fouzia\",\"image\":{\"@type\":\"ImageObject\",\"inLanguage\":\"fr-FR\",\"@id\":\"https:\/\/elmawkie.dz\/fr\/#\/schema\/person\/image\/\",\"url\":\"https:\/\/secure.gravatar.com\/avatar\/ea215268aad51f3219f9a59227db6fa1?s=96&d=mm&r=g\",\"contentUrl\":\"https:\/\/secure.gravatar.com\/avatar\/ea215268aad51f3219f9a59227db6fa1?s=96&d=mm&r=g\",\"caption\":\"Hamra Fouzia\"},\"sameAs\":[\"https:\/\/elmawkie.dz\/fr\"],\"url\":\"https:\/\/elmawkie.dz\/fr\/author\/elmawkie\/\"}]}<\/script>\n<!-- \/ Yoast SEO Premium plugin. -->","yoast_head_json":{"title":"Le pr\u00e9sident de la R\u00e9publique pr\u00e9side la c\u00e9r\u00e9monie de sortie de promotions \u00e0 l\u2019Acad\u00e9mie militaire de Cherchell - El Mawkie","robots":{"index":"index","follow":"follow","max-snippet":"max-snippet:-1","max-image-preview":"max-image-preview:large","max-video-preview":"max-video-preview:-1"},"canonical":"https:\/\/elmawkie.dz\/fr\/le-president-de-la-republique-preside-la-ceremonie-de-sortie-de-promotions-a-lacademie-militaire-de-cherchell\/","og_locale":"fr_FR","og_type":"article","og_title":"Le pr\u00e9sident de la R\u00e9publique pr\u00e9side la c\u00e9r\u00e9monie de sortie de promotions \u00e0 l\u2019Acad\u00e9mie militaire de Cherchell","og_description":"Le pr\u00e9sident de la R\u00e9publique, Chef supr\u00eame des Forces arm\u00e9es, ministre de la D\u00e9fense nationale, M. Abdelmadjid Tebboune, a pr\u00e9sid\u00e9 lundi \u00e0 l&rsquo;Acad\u00e9mie militaire \u00ab\u00a0Houari-Boumediene\u00a0\u00bb de Cherchell (Tipasa), la c\u00e9r\u00e9monie annuelle de sortie de promotions au titre de l&rsquo;ann\u00e9e 2023-2024. \u00a0le pr\u00e9sident de la R\u00e9publique a \u00e9t\u00e9 accueilli, \u00e0 l\u2019entr\u00e9e principale de l\u2019Acad\u00e9mie, par le &hellip;","og_url":"https:\/\/elmawkie.dz\/fr\/le-president-de-la-republique-preside-la-ceremonie-de-sortie-de-promotions-a-lacademie-militaire-de-cherchell\/","og_site_name":"El Mawkie","article_publisher":"https:\/\/www.facebook.com\/profile.php?id=100088407094989&locale=fr_FR","article_published_time":"2024-07-01T12:02:37+00:00","article_modified_time":"2024-07-01T12:04:25+00:00","og_image":[{"width":926,"height":372,"url":"https:\/\/elmawkie.dz\/fr\/wp-content\/uploads\/2024\/07\/IMG_7937.jpeg","type":"image\/jpeg"}],"author":"Hamra Fouzia","twitter_card":"summary_large_image","twitter_misc":{"Written by":"Hamra Fouzia","Est. reading time":"1 minute"},"schema":{"@context":"https:\/\/schema.org","@graph":[{"@type":"Article","@id":"https:\/\/elmawkie.dz\/fr\/le-president-de-la-republique-preside-la-ceremonie-de-sortie-de-promotions-a-lacademie-militaire-de-cherchell\/#article","isPartOf":{"@id":"https:\/\/elmawkie.dz\/fr\/le-president-de-la-republique-preside-la-ceremonie-de-sortie-de-promotions-a-lacademie-militaire-de-cherchell\/"},"author":{"name":"Hamra Fouzia","@id":"https:\/\/elmawkie.dz\/fr\/#\/schema\/person\/4ed8433201bc23634185d8dd37097c64"},"headline":"Le pr\u00e9sident de la R\u00e9publique pr\u00e9side la c\u00e9r\u00e9monie de sortie de promotions \u00e0 l\u2019Acad\u00e9mie militaire de Cherchell","datePublished":"2024-07-01T12:02:37+00:00","dateModified":"2024-07-01T12:04:25+00:00","mainEntityOfPage":{"@id":"https:\/\/elmawkie.dz\/fr\/le-president-de-la-republique-preside-la-ceremonie-de-sortie-de-promotions-a-lacademie-militaire-de-cherchell\/"},"wordCount":230,"commentCount":0,"publisher":{"@id":"https:\/\/elmawkie.dz\/fr\/#organization"},"image":{"@id":"https:\/\/elmawkie.dz\/fr\/le-president-de-la-republique-preside-la-ceremonie-de-sortie-de-promotions-a-lacademie-militaire-de-cherchell\/#primaryimage"},"thumbnailUrl":"https:\/\/elmawkie.dz\/fr\/wp-content\/uploads\/2024\/07\/IMG_7937.jpeg","articleSection":["National"],"inLanguage":"fr-FR","potentialAction":[{"@type":"CommentAction","name":"Comment","target":["https:\/\/elmawkie.dz\/fr\/le-president-de-la-republique-preside-la-ceremonie-de-sortie-de-promotions-a-lacademie-militaire-de-cherchell\/#respond"]}]},{"@type":"WebPage","@id":"https:\/\/elmawkie.dz\/fr\/le-president-de-la-republique-preside-la-ceremonie-de-sortie-de-promotions-a-lacademie-militaire-de-cherchell\/","url":"https:\/\/elmawkie.dz\/fr\/le-president-de-la-republique-preside-la-ceremonie-de-sortie-de-promotions-a-lacademie-militaire-de-cherchell\/","name":"Le pr\u00e9sident de la R\u00e9publique pr\u00e9side la c\u00e9r\u00e9monie de sortie de promotions \u00e0 l\u2019Acad\u00e9mie militaire de Cherchell - El Mawkie","isPartOf":{"@id":"https:\/\/elmawkie.dz\/fr\/#website"},"primaryImageOfPage":{"@id":"https:\/\/elmawkie.dz\/fr\/le-president-de-la-republique-preside-la-ceremonie-de-sortie-de-promotions-a-lacademie-militaire-de-cherchell\/#primaryimage"},"image":{"@id":"https:\/\/elmawkie.dz\/fr\/le-president-de-la-republique-preside-la-ceremonie-de-sortie-de-promotions-a-lacademie-militaire-de-cherchell\/#primaryimage"},"thumbnailUrl":"https:\/\/elmawkie.dz\/fr\/wp-content\/uploads\/2024\/07\/IMG_7937.jpeg","datePublished":"2024-07-01T12:02:37+00:00","dateModified":"2024-07-01T12:04:25+00:00","breadcrumb":{"@id":"https:\/\/elmawkie.dz\/fr\/le-president-de-la-republique-preside-la-ceremonie-de-sortie-de-promotions-a-lacademie-militaire-de-cherchell\/#breadcrumb"},"inLanguage":"fr-FR","potentialAction":[{"@type":"ReadAction","target":["https:\/\/elmawkie.dz\/fr\/le-president-de-la-republique-preside-la-ceremonie-de-sortie-de-promotions-a-lacademie-militaire-de-cherchell\/"]}]},{"@type":"ImageObject","inLanguage":"fr-FR","@id":"https:\/\/elmawkie.dz\/fr\/le-president-de-la-republique-preside-la-ceremonie-de-sortie-de-promotions-a-lacademie-militaire-de-cherchell\/#primaryimage","url":"https:\/\/elmawkie.dz\/fr\/wp-content\/uploads\/2024\/07\/IMG_7937.jpeg","contentUrl":"https:\/\/elmawkie.dz\/fr\/wp-content\/uploads\/2024\/07\/IMG_7937.jpeg","width":926,"height":372},{"@type":"BreadcrumbList","@id":"https:\/\/elmawkie.dz\/fr\/le-president-de-la-republique-preside-la-ceremonie-de-sortie-de-promotions-a-lacademie-militaire-de-cherchell\/#breadcrumb","itemListElement":[{"@type":"ListItem","position":1,"name":"Home","item":"https:\/\/elmawkie.dz\/fr\/"},{"@type":"ListItem","position":2,"name":"Le pr\u00e9sident de la R\u00e9publique pr\u00e9side la c\u00e9r\u00e9monie de sortie de promotions \u00e0 l\u2019Acad\u00e9mie militaire de Cherchell"}]},{"@type":"WebSite","@id":"https:\/\/elmawkie.dz\/fr\/#website","url":"https:\/\/elmawkie.dz\/fr\/","name":"EL MAWKIE","description":"Journal \u00c9lectronique Alg\u00e9rien","publisher":{"@id":"https:\/\/elmawkie.dz\/fr\/#organization"},"potentialAction":[{"@type":"SearchAction","target":{"@type":"EntryPoint","urlTemplate":"https:\/\/elmawkie.dz\/fr\/?s={search_term_string}"},"query-input":"required name=search_term_string"}],"inLanguage":"fr-FR"},{"@type":"Organization","@id":"https:\/\/elmawkie.dz\/fr\/#organization","name":"EL MAWKIE","url":"https:\/\/elmawkie.dz\/fr\/","logo":{"@type":"ImageObject","inLanguage":"fr-FR","@id":"https:\/\/elmawkie.dz\/fr\/#\/schema\/logo\/image\/","url":"https:\/\/elmawkie.dz\/fr\/wp-content\/uploads\/2024\/05\/logo1.png","contentUrl":"https:\/\/elmawkie.dz\/fr\/wp-content\/uploads\/2024\/05\/logo1.png","width":1648,"height":652,"caption":"EL MAWKIE"},"image":{"@id":"https:\/\/elmawkie.dz\/fr\/#\/schema\/logo\/image\/"},"sameAs":["https:\/\/www.facebook.com\/profile.php?id=100088407094989&locale=fr_FR"]},{"@type":"Person","@id":"https:\/\/elmawkie.dz\/fr\/#\/schema\/person\/4ed8433201bc23634185d8dd37097c64","name":"Hamra Fouzia","image":{"@type":"ImageObject","inLanguage":"fr-FR","@id":"https:\/\/elmawkie.dz\/fr\/#\/schema\/person\/image\/","url":"https:\/\/secure.gravatar.com\/avatar\/ea215268aad51f3219f9a59227db6fa1?s=96&d=mm&r=g","contentUrl":"https:\/\/secure.gravatar.com\/avatar\/ea215268aad51f3219f9a59227db6fa1?s=96&d=mm&r=g","caption":"Hamra Fouzia"},"sameAs":["https:\/\/elmawkie.dz\/fr"],"url":"https:\/\/elmawkie.dz\/fr\/author\/elmawkie\/"}]}},"_links":{"self":[{"href":"https:\/\/elmawkie.dz\/fr\/wp-json\/wp\/v2\/posts\/2402","targetHints":{"allow":["GET"]}}],"collection":[{"href":"https:\/\/elmawkie.dz\/fr\/wp-json\/wp\/v2\/posts"}],"about":[{"href":"https:\/\/elmawkie.dz\/fr\/wp-json\/wp\/v2\/types\/post"}],"author":[{"embeddable":true,"href":"https:\/\/elmawkie.dz\/fr\/wp-json\/wp\/v2\/users\/3"}],"replies":[{"embeddable":true,"href":"https:\/\/elmawkie.dz\/fr\/wp-json\/wp\/v2\/comments?post=2402"}],"version-history":[{"count":0,"href":"https:\/\/elmawkie.dz\/fr\/wp-json\/wp\/v2\/posts\/2402\/revisions"}],"wp:featuredmedia":[{"embeddable":true,"href":"https:\/\/elmawkie.dz\/fr\/wp-json\/wp\/v2\/media\/2403"}],"wp:attachment":[{"href":"https:\/\/elmawkie.dz\/fr\/wp-json\/wp\/v2\/media?parent=2402"}],"wp:term":[{"taxonomy":"category","embeddable":true,"href":"https:\/\/elmawkie.dz\/fr\/wp-json\/wp\/v2\/categories?post=2402"},{"taxonomy":"post_tag","embeddable":true,"href":"https:\/\/elmawkie.dz\/fr\/wp-json\/wp\/v2\/tags?post=2402"}],"curies":[{"name":"wp","href":"https:\/\/api.w.org\/{rel}","templated":true}]}}