{"id":2351,"date":"2024-06-29T20:19:16","date_gmt":"2024-06-29T19:19:16","guid":{"rendered":"https:\/\/elmawkie.dz\/fr\/?p=2351"},"modified":"2024-06-29T20:24:09","modified_gmt":"2024-06-29T19:24:09","slug":"le-president-tebboune-presente-ses-condoleances-au-roi-du-maroc-mohamed-vi","status":"publish","type":"post","link":"https:\/\/elmawkie.dz\/fr\/le-president-tebboune-presente-ses-condoleances-au-roi-du-maroc-mohamed-vi\/","title":{"rendered":"Le Pr\u00e9sident Tebboune pr\u00e9sente ses condol\u00e9ances au Roi du Maroc Mohamed VI"},"content":{"rendered":"<p><em><strong>Le pr\u00e9sident de la R\u00e9publique M. Abdelmadjid Tebboune, a adress\u00e9 , ce Samedi, un message de condol\u00e9ances au \u00a0Roi du Maroc Mohammed VI , suite au d\u00e9c\u00e8s de sa m\u00e8re , dont voici le texte :<\/strong><\/em><\/p>\n<p><em>\u201c \u00c0 Sa Majest\u00e9 le Roi Mohammed VI, Roi du Royaume fr\u00e8re du Maroc,<\/em><\/p>\n<p><em>C\u2019est avec une grande tristesse que j\u2019ai appris la nouvelle du retour de l\u2019\u00e2me de votre m\u00e8re \u00e0 son Cr\u00e9ateur. Cette triste nouvelle vous a profond\u00e9ment touch\u00e9 ainsi que la famille royale. En mon nom personnel et au nom du peuple alg\u00e9rien, je pr\u00e9sente \u00e0 Votre Majest\u00e9 mes plus sinc\u00e8res condol\u00e9ances, priant Dieu Tout-Puissant de vous inspirer, ainsi qu&rsquo;\u00e0 tous les membres de l&rsquo;honorable famille royale, patience et r\u00e9confort pour surmonter cette douloureuse \u00e9preuve. A dieu nous appartenons et \u00e0 lui nous retournerons \u201c.<\/em><\/p>\n<h1 class=\"sgb1__attl\"><\/h1>\n<p>&nbsp;<\/p>\n<p class=\"p1\">\n<p>&nbsp;<\/p>\n<p>&nbsp;<\/p>\n","protected":false},"excerpt":{"rendered":"<p>Le pr\u00e9sident de la R\u00e9publique M. Abdelmadjid Tebboune, a adress\u00e9 , ce Samedi, un message de condol\u00e9ances au \u00a0Roi du Maroc Mohammed VI , suite au d\u00e9c\u00e8s de sa m\u00e8re , dont voici le texte : \u201c \u00c0 Sa Majest\u00e9 le Roi Mohammed VI, Roi du Royaume fr\u00e8re du Maroc, C\u2019est avec une grande tristesse &hellip;<\/p>\n","protected":false},"author":3,"featured_media":2352,"comment_status":"open","ping_status":"open","sticky":false,"template":"","format":"standard","meta":{"footnotes":""},"categories":[44,47],"tags":[88,98,99],"class_list":["post-2351","post","type-post","status-publish","format-standard","has-post-thumbnail","hentry","category-international","category-national","tag-algerie","tag-le-president-de-la-republique-abdelmadjid-tebboune","tag-maroc"],"yoast_head":"<!-- This site is optimized with the Yoast SEO Premium plugin v22.6 (Yoast SEO v22.6) - https:\/\/yoast.com\/wordpress\/plugins\/seo\/ -->\n<title>Le Pr\u00e9sident Tebboune pr\u00e9sente ses condol\u00e9ances au Roi du Maroc Mohamed VI - El Mawkie<\/title>\n<meta name=\"robots\" content=\"index, follow, max-snippet:-1, max-image-preview:large, max-video-preview:-1\" \/>\n<link rel=\"canonical\" href=\"https:\/\/elmawkie.dz\/fr\/le-president-tebboune-presente-ses-condoleances-au-roi-du-maroc-mohamed-vi\/\" \/>\n<meta property=\"og:locale\" content=\"fr_FR\" \/>\n<meta property=\"og:type\" content=\"article\" \/>\n<meta property=\"og:title\" content=\"Le Pr\u00e9sident Tebboune pr\u00e9sente ses condol\u00e9ances au Roi du Maroc Mohamed VI\" \/>\n<meta property=\"og:description\" content=\"Le pr\u00e9sident de la R\u00e9publique M. Abdelmadjid Tebboune, a adress\u00e9 , ce Samedi, un message de condol\u00e9ances au \u00a0Roi du Maroc Mohammed VI , suite au d\u00e9c\u00e8s de sa m\u00e8re , dont voici le texte : \u201c \u00c0 Sa Majest\u00e9 le Roi Mohammed VI, Roi du Royaume fr\u00e8re du Maroc, C\u2019est avec une grande tristesse &hellip;\" \/>\n<meta property=\"og:url\" content=\"https:\/\/elmawkie.dz\/fr\/le-president-tebboune-presente-ses-condoleances-au-roi-du-maroc-mohamed-vi\/\" \/>\n<meta property=\"og:site_name\" content=\"El Mawkie\" \/>\n<meta property=\"article:publisher\" content=\"https:\/\/www.facebook.com\/profile.php?id=100088407094989&amp;locale=fr_FR\" \/>\n<meta property=\"article:published_time\" content=\"2024-06-29T19:19:16+00:00\" \/>\n<meta property=\"article:modified_time\" content=\"2024-06-29T19:24:09+00:00\" \/>\n<meta property=\"og:image\" content=\"https:\/\/elmawkie.dz\/fr\/wp-content\/uploads\/2024\/06\/IMG_7849.webp\" \/>\n\t<meta property=\"og:image:width\" content=\"800\" \/>\n\t<meta property=\"og:image:height\" content=\"600\" \/>\n\t<meta property=\"og:image:type\" content=\"image\/webp\" \/>\n<meta name=\"author\" content=\"Hamra Fouzia\" \/>\n<meta name=\"twitter:card\" content=\"summary_large_image\" \/>\n<meta name=\"twitter:label1\" content=\"Written by\" \/>\n\t<meta name=\"twitter:data1\" content=\"Hamra Fouzia\" \/>\n\t<meta name=\"twitter:label2\" content=\"Est. reading time\" \/>\n\t<meta name=\"twitter:data2\" content=\"1 minute\" \/>\n<script type=\"application\/ld+json\" class=\"yoast-schema-graph\">{\"@context\":\"https:\/\/schema.org\",\"@graph\":[{\"@type\":\"Article\",\"@id\":\"https:\/\/elmawkie.dz\/fr\/le-president-tebboune-presente-ses-condoleances-au-roi-du-maroc-mohamed-vi\/#article\",\"isPartOf\":{\"@id\":\"https:\/\/elmawkie.dz\/fr\/le-president-tebboune-presente-ses-condoleances-au-roi-du-maroc-mohamed-vi\/\"},\"author\":{\"name\":\"Hamra Fouzia\",\"@id\":\"https:\/\/elmawkie.dz\/fr\/#\/schema\/person\/4ed8433201bc23634185d8dd37097c64\"},\"headline\":\"Le Pr\u00e9sident Tebboune pr\u00e9sente ses condol\u00e9ances au Roi du Maroc Mohamed VI\",\"datePublished\":\"2024-06-29T19:19:16+00:00\",\"dateModified\":\"2024-06-29T19:24:09+00:00\",\"mainEntityOfPage\":{\"@id\":\"https:\/\/elmawkie.dz\/fr\/le-president-tebboune-presente-ses-condoleances-au-roi-du-maroc-mohamed-vi\/\"},\"wordCount\":161,\"commentCount\":0,\"publisher\":{\"@id\":\"https:\/\/elmawkie.dz\/fr\/#organization\"},\"image\":{\"@id\":\"https:\/\/elmawkie.dz\/fr\/le-president-tebboune-presente-ses-condoleances-au-roi-du-maroc-mohamed-vi\/#primaryimage\"},\"thumbnailUrl\":\"https:\/\/elmawkie.dz\/fr\/wp-content\/uploads\/2024\/06\/IMG_7849.webp\",\"keywords\":[\"Alg\u00e9rie\",\"Le pr\u00e9sident de la r\u00e9publique Abdelmadjid Tebboune\",\"Maroc\"],\"articleSection\":[\"International\",\"National\"],\"inLanguage\":\"fr-FR\",\"potentialAction\":[{\"@type\":\"CommentAction\",\"name\":\"Comment\",\"target\":[\"https:\/\/elmawkie.dz\/fr\/le-president-tebboune-presente-ses-condoleances-au-roi-du-maroc-mohamed-vi\/#respond\"]}]},{\"@type\":\"WebPage\",\"@id\":\"https:\/\/elmawkie.dz\/fr\/le-president-tebboune-presente-ses-condoleances-au-roi-du-maroc-mohamed-vi\/\",\"url\":\"https:\/\/elmawkie.dz\/fr\/le-president-tebboune-presente-ses-condoleances-au-roi-du-maroc-mohamed-vi\/\",\"name\":\"Le Pr\u00e9sident Tebboune pr\u00e9sente ses condol\u00e9ances au Roi du Maroc Mohamed VI - El Mawkie\",\"isPartOf\":{\"@id\":\"https:\/\/elmawkie.dz\/fr\/#website\"},\"primaryImageOfPage\":{\"@id\":\"https:\/\/elmawkie.dz\/fr\/le-president-tebboune-presente-ses-condoleances-au-roi-du-maroc-mohamed-vi\/#primaryimage\"},\"image\":{\"@id\":\"https:\/\/elmawkie.dz\/fr\/le-president-tebboune-presente-ses-condoleances-au-roi-du-maroc-mohamed-vi\/#primaryimage\"},\"thumbnailUrl\":\"https:\/\/elmawkie.dz\/fr\/wp-content\/uploads\/2024\/06\/IMG_7849.webp\",\"datePublished\":\"2024-06-29T19:19:16+00:00\",\"dateModified\":\"2024-06-29T19:24:09+00:00\",\"breadcrumb\":{\"@id\":\"https:\/\/elmawkie.dz\/fr\/le-president-tebboune-presente-ses-condoleances-au-roi-du-maroc-mohamed-vi\/#breadcrumb\"},\"inLanguage\":\"fr-FR\",\"potentialAction\":[{\"@type\":\"ReadAction\",\"target\":[\"https:\/\/elmawkie.dz\/fr\/le-president-tebboune-presente-ses-condoleances-au-roi-du-maroc-mohamed-vi\/\"]}]},{\"@type\":\"ImageObject\",\"inLanguage\":\"fr-FR\",\"@id\":\"https:\/\/elmawkie.dz\/fr\/le-president-tebboune-presente-ses-condoleances-au-roi-du-maroc-mohamed-vi\/#primaryimage\",\"url\":\"https:\/\/elmawkie.dz\/fr\/wp-content\/uploads\/2024\/06\/IMG_7849.webp\",\"contentUrl\":\"https:\/\/elmawkie.dz\/fr\/wp-content\/uploads\/2024\/06\/IMG_7849.webp\",\"width\":800,\"height\":600},{\"@type\":\"BreadcrumbList\",\"@id\":\"https:\/\/elmawkie.dz\/fr\/le-president-tebboune-presente-ses-condoleances-au-roi-du-maroc-mohamed-vi\/#breadcrumb\",\"itemListElement\":[{\"@type\":\"ListItem\",\"position\":1,\"name\":\"Home\",\"item\":\"https:\/\/elmawkie.dz\/fr\/\"},{\"@type\":\"ListItem\",\"position\":2,\"name\":\"Le Pr\u00e9sident Tebboune pr\u00e9sente ses condol\u00e9ances au Roi du Maroc Mohamed VI\"}]},{\"@type\":\"WebSite\",\"@id\":\"https:\/\/elmawkie.dz\/fr\/#website\",\"url\":\"https:\/\/elmawkie.dz\/fr\/\",\"name\":\"EL MAWKIE\",\"description\":\"Journal \u00c9lectronique Alg\u00e9rien\",\"publisher\":{\"@id\":\"https:\/\/elmawkie.dz\/fr\/#organization\"},\"potentialAction\":[{\"@type\":\"SearchAction\",\"target\":{\"@type\":\"EntryPoint\",\"urlTemplate\":\"https:\/\/elmawkie.dz\/fr\/?s={search_term_string}\"},\"query-input\":\"required name=search_term_string\"}],\"inLanguage\":\"fr-FR\"},{\"@type\":\"Organization\",\"@id\":\"https:\/\/elmawkie.dz\/fr\/#organization\",\"name\":\"EL MAWKIE\",\"url\":\"https:\/\/elmawkie.dz\/fr\/\",\"logo\":{\"@type\":\"ImageObject\",\"inLanguage\":\"fr-FR\",\"@id\":\"https:\/\/elmawkie.dz\/fr\/#\/schema\/logo\/image\/\",\"url\":\"https:\/\/elmawkie.dz\/fr\/wp-content\/uploads\/2024\/05\/logo1.png\",\"contentUrl\":\"https:\/\/elmawkie.dz\/fr\/wp-content\/uploads\/2024\/05\/logo1.png\",\"width\":1648,\"height\":652,\"caption\":\"EL MAWKIE\"},\"image\":{\"@id\":\"https:\/\/elmawkie.dz\/fr\/#\/schema\/logo\/image\/\"},\"sameAs\":[\"https:\/\/www.facebook.com\/profile.php?id=100088407094989&locale=fr_FR\"]},{\"@type\":\"Person\",\"@id\":\"https:\/\/elmawkie.dz\/fr\/#\/schema\/person\/4ed8433201bc23634185d8dd37097c64\",\"name\":\"Hamra Fouzia\",\"image\":{\"@type\":\"ImageObject\",\"inLanguage\":\"fr-FR\",\"@id\":\"https:\/\/elmawkie.dz\/fr\/#\/schema\/person\/image\/\",\"url\":\"https:\/\/secure.gravatar.com\/avatar\/ea215268aad51f3219f9a59227db6fa1?s=96&d=mm&r=g\",\"contentUrl\":\"https:\/\/secure.gravatar.com\/avatar\/ea215268aad51f3219f9a59227db6fa1?s=96&d=mm&r=g\",\"caption\":\"Hamra Fouzia\"},\"sameAs\":[\"https:\/\/elmawkie.dz\/fr\"],\"url\":\"https:\/\/elmawkie.dz\/fr\/author\/elmawkie\/\"}]}<\/script>\n<!-- \/ Yoast SEO Premium plugin. -->","yoast_head_json":{"title":"Le Pr\u00e9sident Tebboune pr\u00e9sente ses condol\u00e9ances au Roi du Maroc Mohamed VI - El Mawkie","robots":{"index":"index","follow":"follow","max-snippet":"max-snippet:-1","max-image-preview":"max-image-preview:large","max-video-preview":"max-video-preview:-1"},"canonical":"https:\/\/elmawkie.dz\/fr\/le-president-tebboune-presente-ses-condoleances-au-roi-du-maroc-mohamed-vi\/","og_locale":"fr_FR","og_type":"article","og_title":"Le Pr\u00e9sident Tebboune pr\u00e9sente ses condol\u00e9ances au Roi du Maroc Mohamed VI","og_description":"Le pr\u00e9sident de la R\u00e9publique M. Abdelmadjid Tebboune, a adress\u00e9 , ce Samedi, un message de condol\u00e9ances au \u00a0Roi du Maroc Mohammed VI , suite au d\u00e9c\u00e8s de sa m\u00e8re , dont voici le texte : \u201c \u00c0 Sa Majest\u00e9 le Roi Mohammed VI, Roi du Royaume fr\u00e8re du Maroc, C\u2019est avec une grande tristesse &hellip;","og_url":"https:\/\/elmawkie.dz\/fr\/le-president-tebboune-presente-ses-condoleances-au-roi-du-maroc-mohamed-vi\/","og_site_name":"El Mawkie","article_publisher":"https:\/\/www.facebook.com\/profile.php?id=100088407094989&locale=fr_FR","article_published_time":"2024-06-29T19:19:16+00:00","article_modified_time":"2024-06-29T19:24:09+00:00","og_image":[{"width":800,"height":600,"url":"https:\/\/elmawkie.dz\/fr\/wp-content\/uploads\/2024\/06\/IMG_7849.webp","type":"image\/webp"}],"author":"Hamra Fouzia","twitter_card":"summary_large_image","twitter_misc":{"Written by":"Hamra Fouzia","Est. reading time":"1 minute"},"schema":{"@context":"https:\/\/schema.org","@graph":[{"@type":"Article","@id":"https:\/\/elmawkie.dz\/fr\/le-president-tebboune-presente-ses-condoleances-au-roi-du-maroc-mohamed-vi\/#article","isPartOf":{"@id":"https:\/\/elmawkie.dz\/fr\/le-president-tebboune-presente-ses-condoleances-au-roi-du-maroc-mohamed-vi\/"},"author":{"name":"Hamra Fouzia","@id":"https:\/\/elmawkie.dz\/fr\/#\/schema\/person\/4ed8433201bc23634185d8dd37097c64"},"headline":"Le Pr\u00e9sident Tebboune pr\u00e9sente ses condol\u00e9ances au Roi du Maroc Mohamed VI","datePublished":"2024-06-29T19:19:16+00:00","dateModified":"2024-06-29T19:24:09+00:00","mainEntityOfPage":{"@id":"https:\/\/elmawkie.dz\/fr\/le-president-tebboune-presente-ses-condoleances-au-roi-du-maroc-mohamed-vi\/"},"wordCount":161,"commentCount":0,"publisher":{"@id":"https:\/\/elmawkie.dz\/fr\/#organization"},"image":{"@id":"https:\/\/elmawkie.dz\/fr\/le-president-tebboune-presente-ses-condoleances-au-roi-du-maroc-mohamed-vi\/#primaryimage"},"thumbnailUrl":"https:\/\/elmawkie.dz\/fr\/wp-content\/uploads\/2024\/06\/IMG_7849.webp","keywords":["Alg\u00e9rie","Le pr\u00e9sident de la r\u00e9publique Abdelmadjid Tebboune","Maroc"],"articleSection":["International","National"],"inLanguage":"fr-FR","potentialAction":[{"@type":"CommentAction","name":"Comment","target":["https:\/\/elmawkie.dz\/fr\/le-president-tebboune-presente-ses-condoleances-au-roi-du-maroc-mohamed-vi\/#respond"]}]},{"@type":"WebPage","@id":"https:\/\/elmawkie.dz\/fr\/le-president-tebboune-presente-ses-condoleances-au-roi-du-maroc-mohamed-vi\/","url":"https:\/\/elmawkie.dz\/fr\/le-president-tebboune-presente-ses-condoleances-au-roi-du-maroc-mohamed-vi\/","name":"Le Pr\u00e9sident Tebboune pr\u00e9sente ses condol\u00e9ances au Roi du Maroc Mohamed VI - El Mawkie","isPartOf":{"@id":"https:\/\/elmawkie.dz\/fr\/#website"},"primaryImageOfPage":{"@id":"https:\/\/elmawkie.dz\/fr\/le-president-tebboune-presente-ses-condoleances-au-roi-du-maroc-mohamed-vi\/#primaryimage"},"image":{"@id":"https:\/\/elmawkie.dz\/fr\/le-president-tebboune-presente-ses-condoleances-au-roi-du-maroc-mohamed-vi\/#primaryimage"},"thumbnailUrl":"https:\/\/elmawkie.dz\/fr\/wp-content\/uploads\/2024\/06\/IMG_7849.webp","datePublished":"2024-06-29T19:19:16+00:00","dateModified":"2024-06-29T19:24:09+00:00","breadcrumb":{"@id":"https:\/\/elmawkie.dz\/fr\/le-president-tebboune-presente-ses-condoleances-au-roi-du-maroc-mohamed-vi\/#breadcrumb"},"inLanguage":"fr-FR","potentialAction":[{"@type":"ReadAction","target":["https:\/\/elmawkie.dz\/fr\/le-president-tebboune-presente-ses-condoleances-au-roi-du-maroc-mohamed-vi\/"]}]},{"@type":"ImageObject","inLanguage":"fr-FR","@id":"https:\/\/elmawkie.dz\/fr\/le-president-tebboune-presente-ses-condoleances-au-roi-du-maroc-mohamed-vi\/#primaryimage","url":"https:\/\/elmawkie.dz\/fr\/wp-content\/uploads\/2024\/06\/IMG_7849.webp","contentUrl":"https:\/\/elmawkie.dz\/fr\/wp-content\/uploads\/2024\/06\/IMG_7849.webp","width":800,"height":600},{"@type":"BreadcrumbList","@id":"https:\/\/elmawkie.dz\/fr\/le-president-tebboune-presente-ses-condoleances-au-roi-du-maroc-mohamed-vi\/#breadcrumb","itemListElement":[{"@type":"ListItem","position":1,"name":"Home","item":"https:\/\/elmawkie.dz\/fr\/"},{"@type":"ListItem","position":2,"name":"Le Pr\u00e9sident Tebboune pr\u00e9sente ses condol\u00e9ances au Roi du Maroc Mohamed VI"}]},{"@type":"WebSite","@id":"https:\/\/elmawkie.dz\/fr\/#website","url":"https:\/\/elmawkie.dz\/fr\/","name":"EL MAWKIE","description":"Journal \u00c9lectronique Alg\u00e9rien","publisher":{"@id":"https:\/\/elmawkie.dz\/fr\/#organization"},"potentialAction":[{"@type":"SearchAction","target":{"@type":"EntryPoint","urlTemplate":"https:\/\/elmawkie.dz\/fr\/?s={search_term_string}"},"query-input":"required name=search_term_string"}],"inLanguage":"fr-FR"},{"@type":"Organization","@id":"https:\/\/elmawkie.dz\/fr\/#organization","name":"EL MAWKIE","url":"https:\/\/elmawkie.dz\/fr\/","logo":{"@type":"ImageObject","inLanguage":"fr-FR","@id":"https:\/\/elmawkie.dz\/fr\/#\/schema\/logo\/image\/","url":"https:\/\/elmawkie.dz\/fr\/wp-content\/uploads\/2024\/05\/logo1.png","contentUrl":"https:\/\/elmawkie.dz\/fr\/wp-content\/uploads\/2024\/05\/logo1.png","width":1648,"height":652,"caption":"EL MAWKIE"},"image":{"@id":"https:\/\/elmawkie.dz\/fr\/#\/schema\/logo\/image\/"},"sameAs":["https:\/\/www.facebook.com\/profile.php?id=100088407094989&locale=fr_FR"]},{"@type":"Person","@id":"https:\/\/elmawkie.dz\/fr\/#\/schema\/person\/4ed8433201bc23634185d8dd37097c64","name":"Hamra Fouzia","image":{"@type":"ImageObject","inLanguage":"fr-FR","@id":"https:\/\/elmawkie.dz\/fr\/#\/schema\/person\/image\/","url":"https:\/\/secure.gravatar.com\/avatar\/ea215268aad51f3219f9a59227db6fa1?s=96&d=mm&r=g","contentUrl":"https:\/\/secure.gravatar.com\/avatar\/ea215268aad51f3219f9a59227db6fa1?s=96&d=mm&r=g","caption":"Hamra Fouzia"},"sameAs":["https:\/\/elmawkie.dz\/fr"],"url":"https:\/\/elmawkie.dz\/fr\/author\/elmawkie\/"}]}},"_links":{"self":[{"href":"https:\/\/elmawkie.dz\/fr\/wp-json\/wp\/v2\/posts\/2351","targetHints":{"allow":["GET"]}}],"collection":[{"href":"https:\/\/elmawkie.dz\/fr\/wp-json\/wp\/v2\/posts"}],"about":[{"href":"https:\/\/elmawkie.dz\/fr\/wp-json\/wp\/v2\/types\/post"}],"author":[{"embeddable":true,"href":"https:\/\/elmawkie.dz\/fr\/wp-json\/wp\/v2\/users\/3"}],"replies":[{"embeddable":true,"href":"https:\/\/elmawkie.dz\/fr\/wp-json\/wp\/v2\/comments?post=2351"}],"version-history":[{"count":0,"href":"https:\/\/elmawkie.dz\/fr\/wp-json\/wp\/v2\/posts\/2351\/revisions"}],"wp:featuredmedia":[{"embeddable":true,"href":"https:\/\/elmawkie.dz\/fr\/wp-json\/wp\/v2\/media\/2352"}],"wp:attachment":[{"href":"https:\/\/elmawkie.dz\/fr\/wp-json\/wp\/v2\/media?parent=2351"}],"wp:term":[{"taxonomy":"category","embeddable":true,"href":"https:\/\/elmawkie.dz\/fr\/wp-json\/wp\/v2\/categories?post=2351"},{"taxonomy":"post_tag","embeddable":true,"href":"https:\/\/elmawkie.dz\/fr\/wp-json\/wp\/v2\/tags?post=2351"}],"curies":[{"name":"wp","href":"https:\/\/api.w.org\/{rel}","templated":true}]}}