{"id":2320,"date":"2024-06-29T16:39:28","date_gmt":"2024-06-29T15:39:28","guid":{"rendered":"https:\/\/elmawkie.dz\/fr\/?p=2320"},"modified":"2024-06-29T18:52:15","modified_gmt":"2024-06-29T17:52:15","slug":"aadl-3-lhoraire-de-louverture-du-site-reportee-a-21h00","status":"publish","type":"post","link":"https:\/\/elmawkie.dz\/fr\/aadl-3-lhoraire-de-louverture-du-site-reportee-a-21h00\/","title":{"rendered":"AADL 3 &#8211; L\u2019horaire de l&rsquo;ouverture du site d\u00e9cal\u00e9 \u00e0 21h00"},"content":{"rendered":"<p style=\"font-weight: 400;\"><b><strong>Le ministre de l&rsquo;Habitat, de l&rsquo;Urbanisme et de la Ville, Mohamed Tarek Belaribi, a annonc\u00e9 ce samedi que le portail pour l&rsquo;inscription au programme AADL 3 sera ouvert le vendredi 5 juillet prochain \u00e0 21h00 et non pas \u00e0 17h00 comme annonc\u00e9 pr\u00e9c\u00e9demment.<\/strong><\/b><\/p>\n<p style=\"font-weight: 400;\">Le portail sera ouvert de 21h00 \u00e0 03h00 du matin, pour la premi\u00e8re journ\u00e9e de l\u2019op\u00e9ration, ajoute la m\u00eame source.<\/p>\n<p style=\"font-weight: 400;\">La plateforme \u00e9lectronique sera de nouveau op\u00e9rationnelle le samedi 6 juillet de 08h00 \u00e0 18h00, afin de permettre au plus grand nombre de futurs souscripteurs de pouvoir souscrire \u00e0 cette formule.<\/p>\n<p style=\"font-weight: 400;\">Selon M. Belaribi, ce changement d\u2019horaire intervient suite \u00e0 la demande formul\u00e9e par le public sportif \u00a0afin de pouvoir suivre, \u00e0 l\u2019aise, le d\u00e9roulement de la Finale de la Coupe d\u2019Alg\u00e9rie de football, MC Alger \u2013 CR Belouizdad, programm\u00e9e le m\u00eame jour et \u00e0 la m\u00eame heure.<\/p>\n","protected":false},"excerpt":{"rendered":"<p>Le ministre de l&rsquo;Habitat, de l&rsquo;Urbanisme et de la Ville, Mohamed Tarek Belaribi, a annonc\u00e9 ce samedi que le portail pour l&rsquo;inscription au programme AADL 3 sera ouvert le vendredi 5 juillet prochain \u00e0 21h00 et non pas \u00e0 17h00 comme annonc\u00e9 pr\u00e9c\u00e9demment. Le portail sera ouvert de 21h00 \u00e0 03h00 du matin, pour la &hellip;<\/p>\n","protected":false},"author":3,"featured_media":2321,"comment_status":"open","ping_status":"open","sticky":false,"template":"","format":"standard","meta":{"footnotes":""},"categories":[47],"tags":[],"class_list":["post-2320","post","type-post","status-publish","format-standard","has-post-thumbnail","hentry","category-national"],"yoast_head":"<!-- This site is optimized with the Yoast SEO Premium plugin v22.6 (Yoast SEO v22.6) - https:\/\/yoast.com\/wordpress\/plugins\/seo\/ -->\n<title>AADL 3 - L\u2019horaire de l&#039;ouverture du site d\u00e9cal\u00e9 \u00e0 21h00 - El Mawkie<\/title>\n<meta name=\"robots\" content=\"index, follow, max-snippet:-1, max-image-preview:large, max-video-preview:-1\" \/>\n<link rel=\"canonical\" href=\"https:\/\/elmawkie.dz\/fr\/aadl-3-lhoraire-de-louverture-du-site-reportee-a-21h00\/\" \/>\n<meta property=\"og:locale\" content=\"fr_FR\" \/>\n<meta property=\"og:type\" content=\"article\" \/>\n<meta property=\"og:title\" content=\"AADL 3 - L\u2019horaire de l&#039;ouverture du site d\u00e9cal\u00e9 \u00e0 21h00\" \/>\n<meta property=\"og:description\" content=\"Le ministre de l&rsquo;Habitat, de l&rsquo;Urbanisme et de la Ville, Mohamed Tarek Belaribi, a annonc\u00e9 ce samedi que le portail pour l&rsquo;inscription au programme AADL 3 sera ouvert le vendredi 5 juillet prochain \u00e0 21h00 et non pas \u00e0 17h00 comme annonc\u00e9 pr\u00e9c\u00e9demment. Le portail sera ouvert de 21h00 \u00e0 03h00 du matin, pour la &hellip;\" \/>\n<meta property=\"og:url\" content=\"https:\/\/elmawkie.dz\/fr\/aadl-3-lhoraire-de-louverture-du-site-reportee-a-21h00\/\" \/>\n<meta property=\"og:site_name\" content=\"El Mawkie\" \/>\n<meta property=\"article:publisher\" content=\"https:\/\/www.facebook.com\/profile.php?id=100088407094989&amp;locale=fr_FR\" \/>\n<meta property=\"article:published_time\" content=\"2024-06-29T15:39:28+00:00\" \/>\n<meta property=\"article:modified_time\" content=\"2024-06-29T17:52:15+00:00\" \/>\n<meta property=\"og:image\" content=\"https:\/\/elmawkie.dz\/fr\/wp-content\/uploads\/2024\/06\/aadl-3-algerie-belaribi-annonce-date-heure-ouverture-inscriptions-19-6-2024.jpg\" \/>\n\t<meta property=\"og:image:width\" content=\"640\" \/>\n\t<meta property=\"og:image:height\" content=\"360\" \/>\n\t<meta property=\"og:image:type\" content=\"image\/jpeg\" \/>\n<meta name=\"author\" content=\"Hamra Fouzia\" \/>\n<meta name=\"twitter:card\" content=\"summary_large_image\" \/>\n<meta name=\"twitter:label1\" content=\"Written by\" \/>\n\t<meta name=\"twitter:data1\" content=\"Hamra Fouzia\" \/>\n\t<meta name=\"twitter:label2\" content=\"Est. reading time\" \/>\n\t<meta name=\"twitter:data2\" content=\"1 minute\" \/>\n<script type=\"application\/ld+json\" class=\"yoast-schema-graph\">{\"@context\":\"https:\/\/schema.org\",\"@graph\":[{\"@type\":\"Article\",\"@id\":\"https:\/\/elmawkie.dz\/fr\/aadl-3-lhoraire-de-louverture-du-site-reportee-a-21h00\/#article\",\"isPartOf\":{\"@id\":\"https:\/\/elmawkie.dz\/fr\/aadl-3-lhoraire-de-louverture-du-site-reportee-a-21h00\/\"},\"author\":{\"name\":\"Hamra Fouzia\",\"@id\":\"https:\/\/elmawkie.dz\/fr\/#\/schema\/person\/4ed8433201bc23634185d8dd37097c64\"},\"headline\":\"AADL 3 &#8211; L\u2019horaire de l&rsquo;ouverture du site d\u00e9cal\u00e9 \u00e0 21h00\",\"datePublished\":\"2024-06-29T15:39:28+00:00\",\"dateModified\":\"2024-06-29T17:52:15+00:00\",\"mainEntityOfPage\":{\"@id\":\"https:\/\/elmawkie.dz\/fr\/aadl-3-lhoraire-de-louverture-du-site-reportee-a-21h00\/\"},\"wordCount\":161,\"commentCount\":0,\"publisher\":{\"@id\":\"https:\/\/elmawkie.dz\/fr\/#organization\"},\"image\":{\"@id\":\"https:\/\/elmawkie.dz\/fr\/aadl-3-lhoraire-de-louverture-du-site-reportee-a-21h00\/#primaryimage\"},\"thumbnailUrl\":\"https:\/\/elmawkie.dz\/fr\/wp-content\/uploads\/2024\/06\/aadl-3-algerie-belaribi-annonce-date-heure-ouverture-inscriptions-19-6-2024.jpg\",\"articleSection\":[\"National\"],\"inLanguage\":\"fr-FR\",\"potentialAction\":[{\"@type\":\"CommentAction\",\"name\":\"Comment\",\"target\":[\"https:\/\/elmawkie.dz\/fr\/aadl-3-lhoraire-de-louverture-du-site-reportee-a-21h00\/#respond\"]}]},{\"@type\":\"WebPage\",\"@id\":\"https:\/\/elmawkie.dz\/fr\/aadl-3-lhoraire-de-louverture-du-site-reportee-a-21h00\/\",\"url\":\"https:\/\/elmawkie.dz\/fr\/aadl-3-lhoraire-de-louverture-du-site-reportee-a-21h00\/\",\"name\":\"AADL 3 - L\u2019horaire de l'ouverture du site d\u00e9cal\u00e9 \u00e0 21h00 - El Mawkie\",\"isPartOf\":{\"@id\":\"https:\/\/elmawkie.dz\/fr\/#website\"},\"primaryImageOfPage\":{\"@id\":\"https:\/\/elmawkie.dz\/fr\/aadl-3-lhoraire-de-louverture-du-site-reportee-a-21h00\/#primaryimage\"},\"image\":{\"@id\":\"https:\/\/elmawkie.dz\/fr\/aadl-3-lhoraire-de-louverture-du-site-reportee-a-21h00\/#primaryimage\"},\"thumbnailUrl\":\"https:\/\/elmawkie.dz\/fr\/wp-content\/uploads\/2024\/06\/aadl-3-algerie-belaribi-annonce-date-heure-ouverture-inscriptions-19-6-2024.jpg\",\"datePublished\":\"2024-06-29T15:39:28+00:00\",\"dateModified\":\"2024-06-29T17:52:15+00:00\",\"breadcrumb\":{\"@id\":\"https:\/\/elmawkie.dz\/fr\/aadl-3-lhoraire-de-louverture-du-site-reportee-a-21h00\/#breadcrumb\"},\"inLanguage\":\"fr-FR\",\"potentialAction\":[{\"@type\":\"ReadAction\",\"target\":[\"https:\/\/elmawkie.dz\/fr\/aadl-3-lhoraire-de-louverture-du-site-reportee-a-21h00\/\"]}]},{\"@type\":\"ImageObject\",\"inLanguage\":\"fr-FR\",\"@id\":\"https:\/\/elmawkie.dz\/fr\/aadl-3-lhoraire-de-louverture-du-site-reportee-a-21h00\/#primaryimage\",\"url\":\"https:\/\/elmawkie.dz\/fr\/wp-content\/uploads\/2024\/06\/aadl-3-algerie-belaribi-annonce-date-heure-ouverture-inscriptions-19-6-2024.jpg\",\"contentUrl\":\"https:\/\/elmawkie.dz\/fr\/wp-content\/uploads\/2024\/06\/aadl-3-algerie-belaribi-annonce-date-heure-ouverture-inscriptions-19-6-2024.jpg\",\"width\":640,\"height\":360},{\"@type\":\"BreadcrumbList\",\"@id\":\"https:\/\/elmawkie.dz\/fr\/aadl-3-lhoraire-de-louverture-du-site-reportee-a-21h00\/#breadcrumb\",\"itemListElement\":[{\"@type\":\"ListItem\",\"position\":1,\"name\":\"Home\",\"item\":\"https:\/\/elmawkie.dz\/fr\/\"},{\"@type\":\"ListItem\",\"position\":2,\"name\":\"AADL 3 &#8211; L\u2019horaire de l&rsquo;ouverture du site d\u00e9cal\u00e9 \u00e0 21h00\"}]},{\"@type\":\"WebSite\",\"@id\":\"https:\/\/elmawkie.dz\/fr\/#website\",\"url\":\"https:\/\/elmawkie.dz\/fr\/\",\"name\":\"EL MAWKIE\",\"description\":\"Journal \u00c9lectronique Alg\u00e9rien\",\"publisher\":{\"@id\":\"https:\/\/elmawkie.dz\/fr\/#organization\"},\"potentialAction\":[{\"@type\":\"SearchAction\",\"target\":{\"@type\":\"EntryPoint\",\"urlTemplate\":\"https:\/\/elmawkie.dz\/fr\/?s={search_term_string}\"},\"query-input\":\"required name=search_term_string\"}],\"inLanguage\":\"fr-FR\"},{\"@type\":\"Organization\",\"@id\":\"https:\/\/elmawkie.dz\/fr\/#organization\",\"name\":\"EL MAWKIE\",\"url\":\"https:\/\/elmawkie.dz\/fr\/\",\"logo\":{\"@type\":\"ImageObject\",\"inLanguage\":\"fr-FR\",\"@id\":\"https:\/\/elmawkie.dz\/fr\/#\/schema\/logo\/image\/\",\"url\":\"https:\/\/elmawkie.dz\/fr\/wp-content\/uploads\/2024\/05\/logo1.png\",\"contentUrl\":\"https:\/\/elmawkie.dz\/fr\/wp-content\/uploads\/2024\/05\/logo1.png\",\"width\":1648,\"height\":652,\"caption\":\"EL MAWKIE\"},\"image\":{\"@id\":\"https:\/\/elmawkie.dz\/fr\/#\/schema\/logo\/image\/\"},\"sameAs\":[\"https:\/\/www.facebook.com\/profile.php?id=100088407094989&locale=fr_FR\"]},{\"@type\":\"Person\",\"@id\":\"https:\/\/elmawkie.dz\/fr\/#\/schema\/person\/4ed8433201bc23634185d8dd37097c64\",\"name\":\"Hamra Fouzia\",\"image\":{\"@type\":\"ImageObject\",\"inLanguage\":\"fr-FR\",\"@id\":\"https:\/\/elmawkie.dz\/fr\/#\/schema\/person\/image\/\",\"url\":\"https:\/\/secure.gravatar.com\/avatar\/ea215268aad51f3219f9a59227db6fa1?s=96&d=mm&r=g\",\"contentUrl\":\"https:\/\/secure.gravatar.com\/avatar\/ea215268aad51f3219f9a59227db6fa1?s=96&d=mm&r=g\",\"caption\":\"Hamra Fouzia\"},\"sameAs\":[\"https:\/\/elmawkie.dz\/fr\"],\"url\":\"https:\/\/elmawkie.dz\/fr\/author\/elmawkie\/\"}]}<\/script>\n<!-- \/ Yoast SEO Premium plugin. -->","yoast_head_json":{"title":"AADL 3 - L\u2019horaire de l'ouverture du site d\u00e9cal\u00e9 \u00e0 21h00 - El Mawkie","robots":{"index":"index","follow":"follow","max-snippet":"max-snippet:-1","max-image-preview":"max-image-preview:large","max-video-preview":"max-video-preview:-1"},"canonical":"https:\/\/elmawkie.dz\/fr\/aadl-3-lhoraire-de-louverture-du-site-reportee-a-21h00\/","og_locale":"fr_FR","og_type":"article","og_title":"AADL 3 - L\u2019horaire de l'ouverture du site d\u00e9cal\u00e9 \u00e0 21h00","og_description":"Le ministre de l&rsquo;Habitat, de l&rsquo;Urbanisme et de la Ville, Mohamed Tarek Belaribi, a annonc\u00e9 ce samedi que le portail pour l&rsquo;inscription au programme AADL 3 sera ouvert le vendredi 5 juillet prochain \u00e0 21h00 et non pas \u00e0 17h00 comme annonc\u00e9 pr\u00e9c\u00e9demment. Le portail sera ouvert de 21h00 \u00e0 03h00 du matin, pour la &hellip;","og_url":"https:\/\/elmawkie.dz\/fr\/aadl-3-lhoraire-de-louverture-du-site-reportee-a-21h00\/","og_site_name":"El Mawkie","article_publisher":"https:\/\/www.facebook.com\/profile.php?id=100088407094989&locale=fr_FR","article_published_time":"2024-06-29T15:39:28+00:00","article_modified_time":"2024-06-29T17:52:15+00:00","og_image":[{"width":640,"height":360,"url":"https:\/\/elmawkie.dz\/fr\/wp-content\/uploads\/2024\/06\/aadl-3-algerie-belaribi-annonce-date-heure-ouverture-inscriptions-19-6-2024.jpg","type":"image\/jpeg"}],"author":"Hamra Fouzia","twitter_card":"summary_large_image","twitter_misc":{"Written by":"Hamra Fouzia","Est. reading time":"1 minute"},"schema":{"@context":"https:\/\/schema.org","@graph":[{"@type":"Article","@id":"https:\/\/elmawkie.dz\/fr\/aadl-3-lhoraire-de-louverture-du-site-reportee-a-21h00\/#article","isPartOf":{"@id":"https:\/\/elmawkie.dz\/fr\/aadl-3-lhoraire-de-louverture-du-site-reportee-a-21h00\/"},"author":{"name":"Hamra Fouzia","@id":"https:\/\/elmawkie.dz\/fr\/#\/schema\/person\/4ed8433201bc23634185d8dd37097c64"},"headline":"AADL 3 &#8211; L\u2019horaire de l&rsquo;ouverture du site d\u00e9cal\u00e9 \u00e0 21h00","datePublished":"2024-06-29T15:39:28+00:00","dateModified":"2024-06-29T17:52:15+00:00","mainEntityOfPage":{"@id":"https:\/\/elmawkie.dz\/fr\/aadl-3-lhoraire-de-louverture-du-site-reportee-a-21h00\/"},"wordCount":161,"commentCount":0,"publisher":{"@id":"https:\/\/elmawkie.dz\/fr\/#organization"},"image":{"@id":"https:\/\/elmawkie.dz\/fr\/aadl-3-lhoraire-de-louverture-du-site-reportee-a-21h00\/#primaryimage"},"thumbnailUrl":"https:\/\/elmawkie.dz\/fr\/wp-content\/uploads\/2024\/06\/aadl-3-algerie-belaribi-annonce-date-heure-ouverture-inscriptions-19-6-2024.jpg","articleSection":["National"],"inLanguage":"fr-FR","potentialAction":[{"@type":"CommentAction","name":"Comment","target":["https:\/\/elmawkie.dz\/fr\/aadl-3-lhoraire-de-louverture-du-site-reportee-a-21h00\/#respond"]}]},{"@type":"WebPage","@id":"https:\/\/elmawkie.dz\/fr\/aadl-3-lhoraire-de-louverture-du-site-reportee-a-21h00\/","url":"https:\/\/elmawkie.dz\/fr\/aadl-3-lhoraire-de-louverture-du-site-reportee-a-21h00\/","name":"AADL 3 - L\u2019horaire de l'ouverture du site d\u00e9cal\u00e9 \u00e0 21h00 - El Mawkie","isPartOf":{"@id":"https:\/\/elmawkie.dz\/fr\/#website"},"primaryImageOfPage":{"@id":"https:\/\/elmawkie.dz\/fr\/aadl-3-lhoraire-de-louverture-du-site-reportee-a-21h00\/#primaryimage"},"image":{"@id":"https:\/\/elmawkie.dz\/fr\/aadl-3-lhoraire-de-louverture-du-site-reportee-a-21h00\/#primaryimage"},"thumbnailUrl":"https:\/\/elmawkie.dz\/fr\/wp-content\/uploads\/2024\/06\/aadl-3-algerie-belaribi-annonce-date-heure-ouverture-inscriptions-19-6-2024.jpg","datePublished":"2024-06-29T15:39:28+00:00","dateModified":"2024-06-29T17:52:15+00:00","breadcrumb":{"@id":"https:\/\/elmawkie.dz\/fr\/aadl-3-lhoraire-de-louverture-du-site-reportee-a-21h00\/#breadcrumb"},"inLanguage":"fr-FR","potentialAction":[{"@type":"ReadAction","target":["https:\/\/elmawkie.dz\/fr\/aadl-3-lhoraire-de-louverture-du-site-reportee-a-21h00\/"]}]},{"@type":"ImageObject","inLanguage":"fr-FR","@id":"https:\/\/elmawkie.dz\/fr\/aadl-3-lhoraire-de-louverture-du-site-reportee-a-21h00\/#primaryimage","url":"https:\/\/elmawkie.dz\/fr\/wp-content\/uploads\/2024\/06\/aadl-3-algerie-belaribi-annonce-date-heure-ouverture-inscriptions-19-6-2024.jpg","contentUrl":"https:\/\/elmawkie.dz\/fr\/wp-content\/uploads\/2024\/06\/aadl-3-algerie-belaribi-annonce-date-heure-ouverture-inscriptions-19-6-2024.jpg","width":640,"height":360},{"@type":"BreadcrumbList","@id":"https:\/\/elmawkie.dz\/fr\/aadl-3-lhoraire-de-louverture-du-site-reportee-a-21h00\/#breadcrumb","itemListElement":[{"@type":"ListItem","position":1,"name":"Home","item":"https:\/\/elmawkie.dz\/fr\/"},{"@type":"ListItem","position":2,"name":"AADL 3 &#8211; L\u2019horaire de l&rsquo;ouverture du site d\u00e9cal\u00e9 \u00e0 21h00"}]},{"@type":"WebSite","@id":"https:\/\/elmawkie.dz\/fr\/#website","url":"https:\/\/elmawkie.dz\/fr\/","name":"EL MAWKIE","description":"Journal \u00c9lectronique Alg\u00e9rien","publisher":{"@id":"https:\/\/elmawkie.dz\/fr\/#organization"},"potentialAction":[{"@type":"SearchAction","target":{"@type":"EntryPoint","urlTemplate":"https:\/\/elmawkie.dz\/fr\/?s={search_term_string}"},"query-input":"required name=search_term_string"}],"inLanguage":"fr-FR"},{"@type":"Organization","@id":"https:\/\/elmawkie.dz\/fr\/#organization","name":"EL MAWKIE","url":"https:\/\/elmawkie.dz\/fr\/","logo":{"@type":"ImageObject","inLanguage":"fr-FR","@id":"https:\/\/elmawkie.dz\/fr\/#\/schema\/logo\/image\/","url":"https:\/\/elmawkie.dz\/fr\/wp-content\/uploads\/2024\/05\/logo1.png","contentUrl":"https:\/\/elmawkie.dz\/fr\/wp-content\/uploads\/2024\/05\/logo1.png","width":1648,"height":652,"caption":"EL MAWKIE"},"image":{"@id":"https:\/\/elmawkie.dz\/fr\/#\/schema\/logo\/image\/"},"sameAs":["https:\/\/www.facebook.com\/profile.php?id=100088407094989&locale=fr_FR"]},{"@type":"Person","@id":"https:\/\/elmawkie.dz\/fr\/#\/schema\/person\/4ed8433201bc23634185d8dd37097c64","name":"Hamra Fouzia","image":{"@type":"ImageObject","inLanguage":"fr-FR","@id":"https:\/\/elmawkie.dz\/fr\/#\/schema\/person\/image\/","url":"https:\/\/secure.gravatar.com\/avatar\/ea215268aad51f3219f9a59227db6fa1?s=96&d=mm&r=g","contentUrl":"https:\/\/secure.gravatar.com\/avatar\/ea215268aad51f3219f9a59227db6fa1?s=96&d=mm&r=g","caption":"Hamra Fouzia"},"sameAs":["https:\/\/elmawkie.dz\/fr"],"url":"https:\/\/elmawkie.dz\/fr\/author\/elmawkie\/"}]}},"_links":{"self":[{"href":"https:\/\/elmawkie.dz\/fr\/wp-json\/wp\/v2\/posts\/2320","targetHints":{"allow":["GET"]}}],"collection":[{"href":"https:\/\/elmawkie.dz\/fr\/wp-json\/wp\/v2\/posts"}],"about":[{"href":"https:\/\/elmawkie.dz\/fr\/wp-json\/wp\/v2\/types\/post"}],"author":[{"embeddable":true,"href":"https:\/\/elmawkie.dz\/fr\/wp-json\/wp\/v2\/users\/3"}],"replies":[{"embeddable":true,"href":"https:\/\/elmawkie.dz\/fr\/wp-json\/wp\/v2\/comments?post=2320"}],"version-history":[{"count":0,"href":"https:\/\/elmawkie.dz\/fr\/wp-json\/wp\/v2\/posts\/2320\/revisions"}],"wp:featuredmedia":[{"embeddable":true,"href":"https:\/\/elmawkie.dz\/fr\/wp-json\/wp\/v2\/media\/2321"}],"wp:attachment":[{"href":"https:\/\/elmawkie.dz\/fr\/wp-json\/wp\/v2\/media?parent=2320"}],"wp:term":[{"taxonomy":"category","embeddable":true,"href":"https:\/\/elmawkie.dz\/fr\/wp-json\/wp\/v2\/categories?post=2320"},{"taxonomy":"post_tag","embeddable":true,"href":"https:\/\/elmawkie.dz\/fr\/wp-json\/wp\/v2\/tags?post=2320"}],"curies":[{"name":"wp","href":"https:\/\/api.w.org\/{rel}","templated":true}]}}