{"id":2297,"date":"2024-06-29T02:15:17","date_gmt":"2024-06-29T01:15:17","guid":{"rendered":"https:\/\/elmawkie.dz\/fr\/?p=2297"},"modified":"2024-06-29T02:17:30","modified_gmt":"2024-06-29T01:17:30","slug":"vaste-operation-gendarmerie-police-securisation-des-plages-a-ain-el-turk","status":"publish","type":"post","link":"https:\/\/elmawkie.dz\/fr\/vaste-operation-gendarmerie-police-securisation-des-plages-a-ain-el-turk\/","title":{"rendered":"Vaste Op\u00e9ration gendarmerie-police : s\u00e9curisation  Des plages \u00c0 Ain El-Turk"},"content":{"rendered":"<p class=\"p1\"><strong><em><span class=\"s1\">\u00c0 l&rsquo;occasion de la saison estivale les <\/span><span class=\"s2\">\u00e9l\u00e9ments du groupement territorial de la gendarmerie nationale et les services de la s\u00fbret\u00e9 de wilaya d\u2019oran , ont men\u00e9 <\/span><span class=\"s1\">une vaste op\u00e9ration coup-de- poing au niveau des plages de<\/span><span class=\"s2\"> la da\u00efra d\u2019Ain El-Turk, visant \u00e0 s\u00e9curiser les estivants et <\/span><span class=\"s1\">lutter contre les squatteurs des plages pendant l\u2019\u00e9t\u00e9 <\/span><span class=\"s2\"><span class=\"Apple-converted-space\">\u00a0<\/span>.<\/span><\/em><\/strong><\/p>\n<p class=\"p1\"><em><span class=\"s1\">cette op\u00e9ration conjointe est \u00e9galement destin\u00e9e \u00e0 lutter contre la prolif\u00e9ration des activit\u00e9s non autoris\u00e9es au niveau de<\/span><span class=\"s2\">s plages, <\/span><span class=\"s1\">afin d\u2019\u00e9radiquer les probl\u00e8mes que rencontrent les estivants Notamment<\/span><span class=\"s2\"> avec <\/span><span class=\"s1\">les squatteurs des plages et des parkings qui obligent les automobilistes \u00e0 s\u2019acquitter de 200 DA du droit de stationnement<\/span><span class=\"s2\"> et plus de 1500 da pour la location ill\u00e9gale <\/span><span class=\"s1\">des \u00e9quipements de plages (parasols, chaises, tables) .L\u2019op\u00e9ration en question s\u2019est sold\u00e9e aussi par \u00a0<\/span><span class=\"s2\">l\u2019arrestation de 05 individus , saisie de 24 comprim\u00e9s de psychotropes, quantit\u00e9 de kif trait\u00e9 et 0,36 gr de coca\u00efne, armes blanches . Les services de s\u00e9curit\u00e9 ont saisi \u00e9galement 144 parasols, 292 chaises et 171 tables . <\/span><\/em><em><span class=\"s1\">En mati\u00e8re de s\u00e9curit\u00e9 routi\u00e8re , 49 contraventions routi\u00e8res ont \u00e9t\u00e9 enregistr\u00e9es ainsi 108 motos ont \u00e9t\u00e9 transf\u00e9r\u00e9es \u00e0 la fourri\u00e8re , 60 d\u00e9lits et infractions \u00a0\u00e0 la r\u00e9glementation du code de commerce ont \u00e9t\u00e9 relev\u00e9es dans \u00a0le cadre de la police sp\u00e9ciale.<\/span><\/em><\/p>\n<p><img decoding=\"async\" class=\"size-medium wp-image-2300\" src=\"https:\/\/elmawkie.dz\/fr\/wp-content\/uploads\/2024\/06\/IMG_7802-300x164.jpeg\" alt=\"\" width=\"300\" height=\"164\" srcset=\"https:\/\/elmawkie.dz\/fr\/wp-content\/uploads\/2024\/06\/IMG_7802-300x164.jpeg 300w, https:\/\/elmawkie.dz\/fr\/wp-content\/uploads\/2024\/06\/IMG_7802-1024x560.jpeg 1024w, https:\/\/elmawkie.dz\/fr\/wp-content\/uploads\/2024\/06\/IMG_7802-768x420.jpeg 768w, https:\/\/elmawkie.dz\/fr\/wp-content\/uploads\/2024\/06\/IMG_7802.jpeg 1125w\" sizes=\"(max-width: 300px) 100vw, 300px\" \/><\/p>\n<p class=\"p1\"><em><span class=\"s1\">Selon le capitaine Waheb Adel charg\u00e9 de la communication et de l&rsquo;information au niveau du groupement de la gendarmerie d&rsquo;Oran , cette op\u00e9ration sera suivie par d\u2019autres durant toute la p\u00e9riode estivale sur toutes les plages du littoral de la wilaya d\u2019Oran .<\/span><\/em><\/p>\n","protected":false},"excerpt":{"rendered":"<p>\u00c0 l&rsquo;occasion de la saison estivale les \u00e9l\u00e9ments du groupement territorial de la gendarmerie nationale et les services de la s\u00fbret\u00e9 de wilaya d\u2019oran , ont men\u00e9 une vaste op\u00e9ration coup-de- poing au niveau des plages de la da\u00efra d\u2019Ain El-Turk, visant \u00e0 s\u00e9curiser les estivants et lutter contre les squatteurs des plages pendant l\u2019\u00e9t\u00e9 &hellip;<\/p>\n","protected":false},"author":3,"featured_media":2299,"comment_status":"open","ping_status":"open","sticky":false,"template":"","format":"standard","meta":{"footnotes":""},"categories":[50],"tags":[73,75,97,96],"class_list":["post-2297","post","type-post","status-publish","format-standard","has-post-thumbnail","hentry","category-region","tag-groupement-territorial-de-la-gendarmerie-nationale","tag-oran","tag-plages-de-la-daira-de-ain-el-turk","tag-surete-de-wilaya"],"yoast_head":"<!-- This site is optimized with the Yoast SEO Premium plugin v22.6 (Yoast SEO v22.6) - https:\/\/yoast.com\/wordpress\/plugins\/seo\/ -->\n<title>Vaste Op\u00e9ration gendarmerie-police : s\u00e9curisation Des plages \u00c0 Ain El-Turk - El Mawkie<\/title>\n<meta name=\"robots\" content=\"index, follow, max-snippet:-1, max-image-preview:large, max-video-preview:-1\" \/>\n<link rel=\"canonical\" href=\"https:\/\/elmawkie.dz\/fr\/vaste-operation-gendarmerie-police-securisation-des-plages-a-ain-el-turk\/\" \/>\n<meta property=\"og:locale\" content=\"fr_FR\" \/>\n<meta property=\"og:type\" content=\"article\" \/>\n<meta property=\"og:title\" content=\"Vaste Op\u00e9ration gendarmerie-police : s\u00e9curisation Des plages \u00c0 Ain El-Turk\" \/>\n<meta property=\"og:description\" content=\"\u00c0 l&rsquo;occasion de la saison estivale les \u00e9l\u00e9ments du groupement territorial de la gendarmerie nationale et les services de la s\u00fbret\u00e9 de wilaya d\u2019oran , ont men\u00e9 une vaste op\u00e9ration coup-de- poing au niveau des plages de la da\u00efra d\u2019Ain El-Turk, visant \u00e0 s\u00e9curiser les estivants et lutter contre les squatteurs des plages pendant l\u2019\u00e9t\u00e9 &hellip;\" \/>\n<meta property=\"og:url\" content=\"https:\/\/elmawkie.dz\/fr\/vaste-operation-gendarmerie-police-securisation-des-plages-a-ain-el-turk\/\" \/>\n<meta property=\"og:site_name\" content=\"El Mawkie\" \/>\n<meta property=\"article:publisher\" content=\"https:\/\/www.facebook.com\/profile.php?id=100088407094989&amp;locale=fr_FR\" \/>\n<meta property=\"article:published_time\" content=\"2024-06-29T01:15:17+00:00\" \/>\n<meta property=\"article:modified_time\" content=\"2024-06-29T01:17:30+00:00\" \/>\n<meta property=\"og:image\" content=\"https:\/\/elmawkie.dz\/fr\/wp-content\/uploads\/2024\/06\/IMG_7795.jpeg\" \/>\n\t<meta property=\"og:image:width\" content=\"1084\" \/>\n\t<meta property=\"og:image:height\" content=\"601\" \/>\n\t<meta property=\"og:image:type\" content=\"image\/jpeg\" \/>\n<meta name=\"author\" content=\"Hamra Fouzia\" \/>\n<meta name=\"twitter:card\" content=\"summary_large_image\" \/>\n<meta name=\"twitter:label1\" content=\"Written by\" \/>\n\t<meta name=\"twitter:data1\" content=\"Hamra Fouzia\" \/>\n\t<meta name=\"twitter:label2\" content=\"Est. reading time\" \/>\n\t<meta name=\"twitter:data2\" content=\"2 minutes\" \/>\n<script type=\"application\/ld+json\" class=\"yoast-schema-graph\">{\"@context\":\"https:\/\/schema.org\",\"@graph\":[{\"@type\":\"Article\",\"@id\":\"https:\/\/elmawkie.dz\/fr\/vaste-operation-gendarmerie-police-securisation-des-plages-a-ain-el-turk\/#article\",\"isPartOf\":{\"@id\":\"https:\/\/elmawkie.dz\/fr\/vaste-operation-gendarmerie-police-securisation-des-plages-a-ain-el-turk\/\"},\"author\":{\"name\":\"Hamra Fouzia\",\"@id\":\"https:\/\/elmawkie.dz\/fr\/#\/schema\/person\/4ed8433201bc23634185d8dd37097c64\"},\"headline\":\"Vaste Op\u00e9ration gendarmerie-police : s\u00e9curisation Des plages \u00c0 Ain El-Turk\",\"datePublished\":\"2024-06-29T01:15:17+00:00\",\"dateModified\":\"2024-06-29T01:17:30+00:00\",\"mainEntityOfPage\":{\"@id\":\"https:\/\/elmawkie.dz\/fr\/vaste-operation-gendarmerie-police-securisation-des-plages-a-ain-el-turk\/\"},\"wordCount\":281,\"commentCount\":0,\"publisher\":{\"@id\":\"https:\/\/elmawkie.dz\/fr\/#organization\"},\"image\":{\"@id\":\"https:\/\/elmawkie.dz\/fr\/vaste-operation-gendarmerie-police-securisation-des-plages-a-ain-el-turk\/#primaryimage\"},\"thumbnailUrl\":\"https:\/\/elmawkie.dz\/fr\/wp-content\/uploads\/2024\/06\/IMG_7795.jpeg\",\"keywords\":[\"Groupement territorial de la gendarmerie nationale\",\"Oran\",\"plages de la da\u00efra de Ain El-Turk\",\"S\u00fbret\u00e9 de wilaya\"],\"articleSection\":[\"R\u00e9gion\"],\"inLanguage\":\"fr-FR\",\"potentialAction\":[{\"@type\":\"CommentAction\",\"name\":\"Comment\",\"target\":[\"https:\/\/elmawkie.dz\/fr\/vaste-operation-gendarmerie-police-securisation-des-plages-a-ain-el-turk\/#respond\"]}]},{\"@type\":\"WebPage\",\"@id\":\"https:\/\/elmawkie.dz\/fr\/vaste-operation-gendarmerie-police-securisation-des-plages-a-ain-el-turk\/\",\"url\":\"https:\/\/elmawkie.dz\/fr\/vaste-operation-gendarmerie-police-securisation-des-plages-a-ain-el-turk\/\",\"name\":\"Vaste Op\u00e9ration gendarmerie-police : s\u00e9curisation Des plages \u00c0 Ain El-Turk - El Mawkie\",\"isPartOf\":{\"@id\":\"https:\/\/elmawkie.dz\/fr\/#website\"},\"primaryImageOfPage\":{\"@id\":\"https:\/\/elmawkie.dz\/fr\/vaste-operation-gendarmerie-police-securisation-des-plages-a-ain-el-turk\/#primaryimage\"},\"image\":{\"@id\":\"https:\/\/elmawkie.dz\/fr\/vaste-operation-gendarmerie-police-securisation-des-plages-a-ain-el-turk\/#primaryimage\"},\"thumbnailUrl\":\"https:\/\/elmawkie.dz\/fr\/wp-content\/uploads\/2024\/06\/IMG_7795.jpeg\",\"datePublished\":\"2024-06-29T01:15:17+00:00\",\"dateModified\":\"2024-06-29T01:17:30+00:00\",\"breadcrumb\":{\"@id\":\"https:\/\/elmawkie.dz\/fr\/vaste-operation-gendarmerie-police-securisation-des-plages-a-ain-el-turk\/#breadcrumb\"},\"inLanguage\":\"fr-FR\",\"potentialAction\":[{\"@type\":\"ReadAction\",\"target\":[\"https:\/\/elmawkie.dz\/fr\/vaste-operation-gendarmerie-police-securisation-des-plages-a-ain-el-turk\/\"]}]},{\"@type\":\"ImageObject\",\"inLanguage\":\"fr-FR\",\"@id\":\"https:\/\/elmawkie.dz\/fr\/vaste-operation-gendarmerie-police-securisation-des-plages-a-ain-el-turk\/#primaryimage\",\"url\":\"https:\/\/elmawkie.dz\/fr\/wp-content\/uploads\/2024\/06\/IMG_7795.jpeg\",\"contentUrl\":\"https:\/\/elmawkie.dz\/fr\/wp-content\/uploads\/2024\/06\/IMG_7795.jpeg\",\"width\":1084,\"height\":601},{\"@type\":\"BreadcrumbList\",\"@id\":\"https:\/\/elmawkie.dz\/fr\/vaste-operation-gendarmerie-police-securisation-des-plages-a-ain-el-turk\/#breadcrumb\",\"itemListElement\":[{\"@type\":\"ListItem\",\"position\":1,\"name\":\"Home\",\"item\":\"https:\/\/elmawkie.dz\/fr\/\"},{\"@type\":\"ListItem\",\"position\":2,\"name\":\"Vaste Op\u00e9ration gendarmerie-police : s\u00e9curisation Des plages \u00c0 Ain El-Turk\"}]},{\"@type\":\"WebSite\",\"@id\":\"https:\/\/elmawkie.dz\/fr\/#website\",\"url\":\"https:\/\/elmawkie.dz\/fr\/\",\"name\":\"EL MAWKIE\",\"description\":\"Journal \u00c9lectronique Alg\u00e9rien\",\"publisher\":{\"@id\":\"https:\/\/elmawkie.dz\/fr\/#organization\"},\"potentialAction\":[{\"@type\":\"SearchAction\",\"target\":{\"@type\":\"EntryPoint\",\"urlTemplate\":\"https:\/\/elmawkie.dz\/fr\/?s={search_term_string}\"},\"query-input\":\"required name=search_term_string\"}],\"inLanguage\":\"fr-FR\"},{\"@type\":\"Organization\",\"@id\":\"https:\/\/elmawkie.dz\/fr\/#organization\",\"name\":\"EL MAWKIE\",\"url\":\"https:\/\/elmawkie.dz\/fr\/\",\"logo\":{\"@type\":\"ImageObject\",\"inLanguage\":\"fr-FR\",\"@id\":\"https:\/\/elmawkie.dz\/fr\/#\/schema\/logo\/image\/\",\"url\":\"https:\/\/elmawkie.dz\/fr\/wp-content\/uploads\/2024\/05\/logo1.png\",\"contentUrl\":\"https:\/\/elmawkie.dz\/fr\/wp-content\/uploads\/2024\/05\/logo1.png\",\"width\":1648,\"height\":652,\"caption\":\"EL MAWKIE\"},\"image\":{\"@id\":\"https:\/\/elmawkie.dz\/fr\/#\/schema\/logo\/image\/\"},\"sameAs\":[\"https:\/\/www.facebook.com\/profile.php?id=100088407094989&locale=fr_FR\"]},{\"@type\":\"Person\",\"@id\":\"https:\/\/elmawkie.dz\/fr\/#\/schema\/person\/4ed8433201bc23634185d8dd37097c64\",\"name\":\"Hamra Fouzia\",\"image\":{\"@type\":\"ImageObject\",\"inLanguage\":\"fr-FR\",\"@id\":\"https:\/\/elmawkie.dz\/fr\/#\/schema\/person\/image\/\",\"url\":\"https:\/\/secure.gravatar.com\/avatar\/ea215268aad51f3219f9a59227db6fa1?s=96&d=mm&r=g\",\"contentUrl\":\"https:\/\/secure.gravatar.com\/avatar\/ea215268aad51f3219f9a59227db6fa1?s=96&d=mm&r=g\",\"caption\":\"Hamra Fouzia\"},\"sameAs\":[\"https:\/\/elmawkie.dz\/fr\"],\"url\":\"https:\/\/elmawkie.dz\/fr\/author\/elmawkie\/\"}]}<\/script>\n<!-- \/ Yoast SEO Premium plugin. -->","yoast_head_json":{"title":"Vaste Op\u00e9ration gendarmerie-police : s\u00e9curisation Des plages \u00c0 Ain El-Turk - El Mawkie","robots":{"index":"index","follow":"follow","max-snippet":"max-snippet:-1","max-image-preview":"max-image-preview:large","max-video-preview":"max-video-preview:-1"},"canonical":"https:\/\/elmawkie.dz\/fr\/vaste-operation-gendarmerie-police-securisation-des-plages-a-ain-el-turk\/","og_locale":"fr_FR","og_type":"article","og_title":"Vaste Op\u00e9ration gendarmerie-police : s\u00e9curisation Des plages \u00c0 Ain El-Turk","og_description":"\u00c0 l&rsquo;occasion de la saison estivale les \u00e9l\u00e9ments du groupement territorial de la gendarmerie nationale et les services de la s\u00fbret\u00e9 de wilaya d\u2019oran , ont men\u00e9 une vaste op\u00e9ration coup-de- poing au niveau des plages de la da\u00efra d\u2019Ain El-Turk, visant \u00e0 s\u00e9curiser les estivants et lutter contre les squatteurs des plages pendant l\u2019\u00e9t\u00e9 &hellip;","og_url":"https:\/\/elmawkie.dz\/fr\/vaste-operation-gendarmerie-police-securisation-des-plages-a-ain-el-turk\/","og_site_name":"El Mawkie","article_publisher":"https:\/\/www.facebook.com\/profile.php?id=100088407094989&locale=fr_FR","article_published_time":"2024-06-29T01:15:17+00:00","article_modified_time":"2024-06-29T01:17:30+00:00","og_image":[{"width":1084,"height":601,"url":"https:\/\/elmawkie.dz\/fr\/wp-content\/uploads\/2024\/06\/IMG_7795.jpeg","type":"image\/jpeg"}],"author":"Hamra Fouzia","twitter_card":"summary_large_image","twitter_misc":{"Written by":"Hamra Fouzia","Est. reading time":"2 minutes"},"schema":{"@context":"https:\/\/schema.org","@graph":[{"@type":"Article","@id":"https:\/\/elmawkie.dz\/fr\/vaste-operation-gendarmerie-police-securisation-des-plages-a-ain-el-turk\/#article","isPartOf":{"@id":"https:\/\/elmawkie.dz\/fr\/vaste-operation-gendarmerie-police-securisation-des-plages-a-ain-el-turk\/"},"author":{"name":"Hamra Fouzia","@id":"https:\/\/elmawkie.dz\/fr\/#\/schema\/person\/4ed8433201bc23634185d8dd37097c64"},"headline":"Vaste Op\u00e9ration gendarmerie-police : s\u00e9curisation Des plages \u00c0 Ain El-Turk","datePublished":"2024-06-29T01:15:17+00:00","dateModified":"2024-06-29T01:17:30+00:00","mainEntityOfPage":{"@id":"https:\/\/elmawkie.dz\/fr\/vaste-operation-gendarmerie-police-securisation-des-plages-a-ain-el-turk\/"},"wordCount":281,"commentCount":0,"publisher":{"@id":"https:\/\/elmawkie.dz\/fr\/#organization"},"image":{"@id":"https:\/\/elmawkie.dz\/fr\/vaste-operation-gendarmerie-police-securisation-des-plages-a-ain-el-turk\/#primaryimage"},"thumbnailUrl":"https:\/\/elmawkie.dz\/fr\/wp-content\/uploads\/2024\/06\/IMG_7795.jpeg","keywords":["Groupement territorial de la gendarmerie nationale","Oran","plages de la da\u00efra de Ain El-Turk","S\u00fbret\u00e9 de wilaya"],"articleSection":["R\u00e9gion"],"inLanguage":"fr-FR","potentialAction":[{"@type":"CommentAction","name":"Comment","target":["https:\/\/elmawkie.dz\/fr\/vaste-operation-gendarmerie-police-securisation-des-plages-a-ain-el-turk\/#respond"]}]},{"@type":"WebPage","@id":"https:\/\/elmawkie.dz\/fr\/vaste-operation-gendarmerie-police-securisation-des-plages-a-ain-el-turk\/","url":"https:\/\/elmawkie.dz\/fr\/vaste-operation-gendarmerie-police-securisation-des-plages-a-ain-el-turk\/","name":"Vaste Op\u00e9ration gendarmerie-police : s\u00e9curisation Des plages \u00c0 Ain El-Turk - El Mawkie","isPartOf":{"@id":"https:\/\/elmawkie.dz\/fr\/#website"},"primaryImageOfPage":{"@id":"https:\/\/elmawkie.dz\/fr\/vaste-operation-gendarmerie-police-securisation-des-plages-a-ain-el-turk\/#primaryimage"},"image":{"@id":"https:\/\/elmawkie.dz\/fr\/vaste-operation-gendarmerie-police-securisation-des-plages-a-ain-el-turk\/#primaryimage"},"thumbnailUrl":"https:\/\/elmawkie.dz\/fr\/wp-content\/uploads\/2024\/06\/IMG_7795.jpeg","datePublished":"2024-06-29T01:15:17+00:00","dateModified":"2024-06-29T01:17:30+00:00","breadcrumb":{"@id":"https:\/\/elmawkie.dz\/fr\/vaste-operation-gendarmerie-police-securisation-des-plages-a-ain-el-turk\/#breadcrumb"},"inLanguage":"fr-FR","potentialAction":[{"@type":"ReadAction","target":["https:\/\/elmawkie.dz\/fr\/vaste-operation-gendarmerie-police-securisation-des-plages-a-ain-el-turk\/"]}]},{"@type":"ImageObject","inLanguage":"fr-FR","@id":"https:\/\/elmawkie.dz\/fr\/vaste-operation-gendarmerie-police-securisation-des-plages-a-ain-el-turk\/#primaryimage","url":"https:\/\/elmawkie.dz\/fr\/wp-content\/uploads\/2024\/06\/IMG_7795.jpeg","contentUrl":"https:\/\/elmawkie.dz\/fr\/wp-content\/uploads\/2024\/06\/IMG_7795.jpeg","width":1084,"height":601},{"@type":"BreadcrumbList","@id":"https:\/\/elmawkie.dz\/fr\/vaste-operation-gendarmerie-police-securisation-des-plages-a-ain-el-turk\/#breadcrumb","itemListElement":[{"@type":"ListItem","position":1,"name":"Home","item":"https:\/\/elmawkie.dz\/fr\/"},{"@type":"ListItem","position":2,"name":"Vaste Op\u00e9ration gendarmerie-police : s\u00e9curisation Des plages \u00c0 Ain El-Turk"}]},{"@type":"WebSite","@id":"https:\/\/elmawkie.dz\/fr\/#website","url":"https:\/\/elmawkie.dz\/fr\/","name":"EL MAWKIE","description":"Journal \u00c9lectronique Alg\u00e9rien","publisher":{"@id":"https:\/\/elmawkie.dz\/fr\/#organization"},"potentialAction":[{"@type":"SearchAction","target":{"@type":"EntryPoint","urlTemplate":"https:\/\/elmawkie.dz\/fr\/?s={search_term_string}"},"query-input":"required name=search_term_string"}],"inLanguage":"fr-FR"},{"@type":"Organization","@id":"https:\/\/elmawkie.dz\/fr\/#organization","name":"EL MAWKIE","url":"https:\/\/elmawkie.dz\/fr\/","logo":{"@type":"ImageObject","inLanguage":"fr-FR","@id":"https:\/\/elmawkie.dz\/fr\/#\/schema\/logo\/image\/","url":"https:\/\/elmawkie.dz\/fr\/wp-content\/uploads\/2024\/05\/logo1.png","contentUrl":"https:\/\/elmawkie.dz\/fr\/wp-content\/uploads\/2024\/05\/logo1.png","width":1648,"height":652,"caption":"EL MAWKIE"},"image":{"@id":"https:\/\/elmawkie.dz\/fr\/#\/schema\/logo\/image\/"},"sameAs":["https:\/\/www.facebook.com\/profile.php?id=100088407094989&locale=fr_FR"]},{"@type":"Person","@id":"https:\/\/elmawkie.dz\/fr\/#\/schema\/person\/4ed8433201bc23634185d8dd37097c64","name":"Hamra Fouzia","image":{"@type":"ImageObject","inLanguage":"fr-FR","@id":"https:\/\/elmawkie.dz\/fr\/#\/schema\/person\/image\/","url":"https:\/\/secure.gravatar.com\/avatar\/ea215268aad51f3219f9a59227db6fa1?s=96&d=mm&r=g","contentUrl":"https:\/\/secure.gravatar.com\/avatar\/ea215268aad51f3219f9a59227db6fa1?s=96&d=mm&r=g","caption":"Hamra Fouzia"},"sameAs":["https:\/\/elmawkie.dz\/fr"],"url":"https:\/\/elmawkie.dz\/fr\/author\/elmawkie\/"}]}},"_links":{"self":[{"href":"https:\/\/elmawkie.dz\/fr\/wp-json\/wp\/v2\/posts\/2297","targetHints":{"allow":["GET"]}}],"collection":[{"href":"https:\/\/elmawkie.dz\/fr\/wp-json\/wp\/v2\/posts"}],"about":[{"href":"https:\/\/elmawkie.dz\/fr\/wp-json\/wp\/v2\/types\/post"}],"author":[{"embeddable":true,"href":"https:\/\/elmawkie.dz\/fr\/wp-json\/wp\/v2\/users\/3"}],"replies":[{"embeddable":true,"href":"https:\/\/elmawkie.dz\/fr\/wp-json\/wp\/v2\/comments?post=2297"}],"version-history":[{"count":0,"href":"https:\/\/elmawkie.dz\/fr\/wp-json\/wp\/v2\/posts\/2297\/revisions"}],"wp:featuredmedia":[{"embeddable":true,"href":"https:\/\/elmawkie.dz\/fr\/wp-json\/wp\/v2\/media\/2299"}],"wp:attachment":[{"href":"https:\/\/elmawkie.dz\/fr\/wp-json\/wp\/v2\/media?parent=2297"}],"wp:term":[{"taxonomy":"category","embeddable":true,"href":"https:\/\/elmawkie.dz\/fr\/wp-json\/wp\/v2\/categories?post=2297"},{"taxonomy":"post_tag","embeddable":true,"href":"https:\/\/elmawkie.dz\/fr\/wp-json\/wp\/v2\/tags?post=2297"}],"curies":[{"name":"wp","href":"https:\/\/api.w.org\/{rel}","templated":true}]}}