{"id":2129,"date":"2024-06-24T17:14:00","date_gmt":"2024-06-24T16:14:00","guid":{"rendered":"https:\/\/elmawkie.dz\/fr\/?p=2129"},"modified":"2024-06-24T17:16:23","modified_gmt":"2024-06-24T16:16:23","slug":"oran-inauguration-du-1er-salon-des-vehicules-electriques-thermiques-et-hybrides","status":"publish","type":"post","link":"https:\/\/elmawkie.dz\/fr\/oran-inauguration-du-1er-salon-des-vehicules-electriques-thermiques-et-hybrides\/","title":{"rendered":"Oran : Inauguration du 1er salon des v\u00e9hicules \u00e9lectriques, thermiques et hybrides"},"content":{"rendered":"<p>La premi\u00e8re \u00e9dition du salon des v\u00e9hicules \u00e9lectriques, thermiques et hybrides a \u00e9t\u00e9 inaugur\u00e9e ce lundi au Centre des conventions \u00ab\u00a0Mohamed Benahmed\u00a0\u00bb d&rsquo;Oran. L\u2019\u00e9v\u00e9nement se d\u00e9roulera jusqu\u2019au 29 juin en cours, des journ\u00e9es durant lesquelles les exposants participants, entre constructeurs, usines, et bureaux d\u2019\u00e9tude d\u2019\u00e9taler leurs savoir-faire dans le domaine qui est consid\u00e9r\u00e9 comme l\u2019avenir du secteur automobile, de par les technologies avanc\u00e9e et les mesures prises pour la protection du climat. Des marques connues comme Mercedes Benz Alg\u00e9rie sont pr\u00e9sentes \u00e0 ce salon qui se veut une r\u00e9f\u00e9rence dans le cr\u00e9neau des v\u00e9hicules \u00e9lectriques, thermiques et hybrides. Au cours de cet \u00e9v\u00e9nement, le premier prototype du v\u00e9hicule \u00e9lectrique fabriqu\u00e9 localement \u00e0 100% sera d\u00e9voil\u00e9. Une vingtaine d&rsquo;exposants, dont des constructeurs locaux, notamment des v\u00e9hicules lourds, participent \u00e0 ce salon organis\u00e9 \u00e0 l&rsquo;initiative de la soci\u00e9t\u00e9 \u00ab\u00a0Sarl Moca Com\u00a0\u00bb, sp\u00e9cialis\u00e9e dans l&rsquo;organisation de manifestations et d&rsquo;expositions, a indiqu\u00e9 le directeur de la manifestation, Mourad Chiboub, qui affirme que cette manifestation \u00e9conomique constitue un espace important pour les investisseurs et chercheurs dans le domaine de l\u2019industrie automobile, notant que le secteur de l&rsquo;automobile enregistre une r\u00e9organisation et structuration, avec le retour des marques commerciales mondiales sur le march\u00e9 alg\u00e9rien \u00e0 la faveur des efforts de l\u2019Etat dans ce domaine.<\/p>\n","protected":false},"excerpt":{"rendered":"<p>La premi\u00e8re \u00e9dition du salon des v\u00e9hicules \u00e9lectriques, thermiques et hybrides a \u00e9t\u00e9 inaugur\u00e9e ce lundi au Centre des conventions \u00ab\u00a0Mohamed Benahmed\u00a0\u00bb d&rsquo;Oran. L\u2019\u00e9v\u00e9nement se d\u00e9roulera jusqu\u2019au 29 juin en cours, des journ\u00e9es durant lesquelles les exposants participants, entre constructeurs, usines, et bureaux d\u2019\u00e9tude d\u2019\u00e9taler leurs savoir-faire dans le domaine qui est consid\u00e9r\u00e9 comme l\u2019avenir &hellip;<\/p>\n","protected":false},"author":3,"featured_media":2130,"comment_status":"open","ping_status":"open","sticky":false,"template":"","format":"standard","meta":{"footnotes":""},"categories":[50],"tags":[],"class_list":["post-2129","post","type-post","status-publish","format-standard","has-post-thumbnail","hentry","category-region"],"yoast_head":"<!-- This site is optimized with the Yoast SEO Premium plugin v22.6 (Yoast SEO v22.6) - https:\/\/yoast.com\/wordpress\/plugins\/seo\/ -->\n<title>Oran : Inauguration du 1er salon des v\u00e9hicules \u00e9lectriques, thermiques et hybrides - El Mawkie<\/title>\n<meta name=\"robots\" content=\"index, follow, max-snippet:-1, max-image-preview:large, max-video-preview:-1\" \/>\n<link rel=\"canonical\" href=\"https:\/\/elmawkie.dz\/fr\/oran-inauguration-du-1er-salon-des-vehicules-electriques-thermiques-et-hybrides\/\" \/>\n<meta property=\"og:locale\" content=\"fr_FR\" \/>\n<meta property=\"og:type\" content=\"article\" \/>\n<meta property=\"og:title\" content=\"Oran : Inauguration du 1er salon des v\u00e9hicules \u00e9lectriques, thermiques et hybrides\" \/>\n<meta property=\"og:description\" content=\"La premi\u00e8re \u00e9dition du salon des v\u00e9hicules \u00e9lectriques, thermiques et hybrides a \u00e9t\u00e9 inaugur\u00e9e ce lundi au Centre des conventions \u00ab\u00a0Mohamed Benahmed\u00a0\u00bb d&rsquo;Oran. L\u2019\u00e9v\u00e9nement se d\u00e9roulera jusqu\u2019au 29 juin en cours, des journ\u00e9es durant lesquelles les exposants participants, entre constructeurs, usines, et bureaux d\u2019\u00e9tude d\u2019\u00e9taler leurs savoir-faire dans le domaine qui est consid\u00e9r\u00e9 comme l\u2019avenir &hellip;\" \/>\n<meta property=\"og:url\" content=\"https:\/\/elmawkie.dz\/fr\/oran-inauguration-du-1er-salon-des-vehicules-electriques-thermiques-et-hybrides\/\" \/>\n<meta property=\"og:site_name\" content=\"El Mawkie\" \/>\n<meta property=\"article:publisher\" content=\"https:\/\/www.facebook.com\/profile.php?id=100088407094989&amp;locale=fr_FR\" \/>\n<meta property=\"article:published_time\" content=\"2024-06-24T16:14:00+00:00\" \/>\n<meta property=\"article:modified_time\" content=\"2024-06-24T16:16:23+00:00\" \/>\n<meta property=\"og:image\" content=\"https:\/\/elmawkie.dz\/fr\/wp-content\/uploads\/2024\/06\/448929390_407187632324044_8427606022729930539_n.jpg\" \/>\n\t<meta property=\"og:image:width\" content=\"1440\" \/>\n\t<meta property=\"og:image:height\" content=\"960\" \/>\n\t<meta property=\"og:image:type\" content=\"image\/jpeg\" \/>\n<meta name=\"author\" content=\"Hamra Fouzia\" \/>\n<meta name=\"twitter:card\" content=\"summary_large_image\" \/>\n<meta name=\"twitter:label1\" content=\"Written by\" \/>\n\t<meta name=\"twitter:data1\" content=\"Hamra Fouzia\" \/>\n\t<meta name=\"twitter:label2\" content=\"Est. reading time\" \/>\n\t<meta name=\"twitter:data2\" content=\"2 minutes\" \/>\n<script type=\"application\/ld+json\" class=\"yoast-schema-graph\">{\"@context\":\"https:\/\/schema.org\",\"@graph\":[{\"@type\":\"Article\",\"@id\":\"https:\/\/elmawkie.dz\/fr\/oran-inauguration-du-1er-salon-des-vehicules-electriques-thermiques-et-hybrides\/#article\",\"isPartOf\":{\"@id\":\"https:\/\/elmawkie.dz\/fr\/oran-inauguration-du-1er-salon-des-vehicules-electriques-thermiques-et-hybrides\/\"},\"author\":{\"name\":\"Hamra Fouzia\",\"@id\":\"https:\/\/elmawkie.dz\/fr\/#\/schema\/person\/4ed8433201bc23634185d8dd37097c64\"},\"headline\":\"Oran : Inauguration du 1er salon des v\u00e9hicules \u00e9lectriques, thermiques et hybrides\",\"datePublished\":\"2024-06-24T16:14:00+00:00\",\"dateModified\":\"2024-06-24T16:16:23+00:00\",\"mainEntityOfPage\":{\"@id\":\"https:\/\/elmawkie.dz\/fr\/oran-inauguration-du-1er-salon-des-vehicules-electriques-thermiques-et-hybrides\/\"},\"wordCount\":249,\"commentCount\":0,\"publisher\":{\"@id\":\"https:\/\/elmawkie.dz\/fr\/#organization\"},\"image\":{\"@id\":\"https:\/\/elmawkie.dz\/fr\/oran-inauguration-du-1er-salon-des-vehicules-electriques-thermiques-et-hybrides\/#primaryimage\"},\"thumbnailUrl\":\"https:\/\/elmawkie.dz\/fr\/wp-content\/uploads\/2024\/06\/448929390_407187632324044_8427606022729930539_n.jpg\",\"articleSection\":[\"R\u00e9gion\"],\"inLanguage\":\"fr-FR\",\"potentialAction\":[{\"@type\":\"CommentAction\",\"name\":\"Comment\",\"target\":[\"https:\/\/elmawkie.dz\/fr\/oran-inauguration-du-1er-salon-des-vehicules-electriques-thermiques-et-hybrides\/#respond\"]}]},{\"@type\":\"WebPage\",\"@id\":\"https:\/\/elmawkie.dz\/fr\/oran-inauguration-du-1er-salon-des-vehicules-electriques-thermiques-et-hybrides\/\",\"url\":\"https:\/\/elmawkie.dz\/fr\/oran-inauguration-du-1er-salon-des-vehicules-electriques-thermiques-et-hybrides\/\",\"name\":\"Oran : Inauguration du 1er salon des v\u00e9hicules \u00e9lectriques, thermiques et hybrides - El Mawkie\",\"isPartOf\":{\"@id\":\"https:\/\/elmawkie.dz\/fr\/#website\"},\"primaryImageOfPage\":{\"@id\":\"https:\/\/elmawkie.dz\/fr\/oran-inauguration-du-1er-salon-des-vehicules-electriques-thermiques-et-hybrides\/#primaryimage\"},\"image\":{\"@id\":\"https:\/\/elmawkie.dz\/fr\/oran-inauguration-du-1er-salon-des-vehicules-electriques-thermiques-et-hybrides\/#primaryimage\"},\"thumbnailUrl\":\"https:\/\/elmawkie.dz\/fr\/wp-content\/uploads\/2024\/06\/448929390_407187632324044_8427606022729930539_n.jpg\",\"datePublished\":\"2024-06-24T16:14:00+00:00\",\"dateModified\":\"2024-06-24T16:16:23+00:00\",\"breadcrumb\":{\"@id\":\"https:\/\/elmawkie.dz\/fr\/oran-inauguration-du-1er-salon-des-vehicules-electriques-thermiques-et-hybrides\/#breadcrumb\"},\"inLanguage\":\"fr-FR\",\"potentialAction\":[{\"@type\":\"ReadAction\",\"target\":[\"https:\/\/elmawkie.dz\/fr\/oran-inauguration-du-1er-salon-des-vehicules-electriques-thermiques-et-hybrides\/\"]}]},{\"@type\":\"ImageObject\",\"inLanguage\":\"fr-FR\",\"@id\":\"https:\/\/elmawkie.dz\/fr\/oran-inauguration-du-1er-salon-des-vehicules-electriques-thermiques-et-hybrides\/#primaryimage\",\"url\":\"https:\/\/elmawkie.dz\/fr\/wp-content\/uploads\/2024\/06\/448929390_407187632324044_8427606022729930539_n.jpg\",\"contentUrl\":\"https:\/\/elmawkie.dz\/fr\/wp-content\/uploads\/2024\/06\/448929390_407187632324044_8427606022729930539_n.jpg\",\"width\":1440,\"height\":960},{\"@type\":\"BreadcrumbList\",\"@id\":\"https:\/\/elmawkie.dz\/fr\/oran-inauguration-du-1er-salon-des-vehicules-electriques-thermiques-et-hybrides\/#breadcrumb\",\"itemListElement\":[{\"@type\":\"ListItem\",\"position\":1,\"name\":\"Home\",\"item\":\"https:\/\/elmawkie.dz\/fr\/\"},{\"@type\":\"ListItem\",\"position\":2,\"name\":\"Oran : Inauguration du 1er salon des v\u00e9hicules \u00e9lectriques, thermiques et hybrides\"}]},{\"@type\":\"WebSite\",\"@id\":\"https:\/\/elmawkie.dz\/fr\/#website\",\"url\":\"https:\/\/elmawkie.dz\/fr\/\",\"name\":\"EL MAWKIE\",\"description\":\"Journal \u00c9lectronique Alg\u00e9rien\",\"publisher\":{\"@id\":\"https:\/\/elmawkie.dz\/fr\/#organization\"},\"potentialAction\":[{\"@type\":\"SearchAction\",\"target\":{\"@type\":\"EntryPoint\",\"urlTemplate\":\"https:\/\/elmawkie.dz\/fr\/?s={search_term_string}\"},\"query-input\":\"required name=search_term_string\"}],\"inLanguage\":\"fr-FR\"},{\"@type\":\"Organization\",\"@id\":\"https:\/\/elmawkie.dz\/fr\/#organization\",\"name\":\"EL MAWKIE\",\"url\":\"https:\/\/elmawkie.dz\/fr\/\",\"logo\":{\"@type\":\"ImageObject\",\"inLanguage\":\"fr-FR\",\"@id\":\"https:\/\/elmawkie.dz\/fr\/#\/schema\/logo\/image\/\",\"url\":\"https:\/\/elmawkie.dz\/fr\/wp-content\/uploads\/2024\/05\/logo1.png\",\"contentUrl\":\"https:\/\/elmawkie.dz\/fr\/wp-content\/uploads\/2024\/05\/logo1.png\",\"width\":1648,\"height\":652,\"caption\":\"EL MAWKIE\"},\"image\":{\"@id\":\"https:\/\/elmawkie.dz\/fr\/#\/schema\/logo\/image\/\"},\"sameAs\":[\"https:\/\/www.facebook.com\/profile.php?id=100088407094989&locale=fr_FR\"]},{\"@type\":\"Person\",\"@id\":\"https:\/\/elmawkie.dz\/fr\/#\/schema\/person\/4ed8433201bc23634185d8dd37097c64\",\"name\":\"Hamra Fouzia\",\"image\":{\"@type\":\"ImageObject\",\"inLanguage\":\"fr-FR\",\"@id\":\"https:\/\/elmawkie.dz\/fr\/#\/schema\/person\/image\/\",\"url\":\"https:\/\/secure.gravatar.com\/avatar\/ea215268aad51f3219f9a59227db6fa1?s=96&d=mm&r=g\",\"contentUrl\":\"https:\/\/secure.gravatar.com\/avatar\/ea215268aad51f3219f9a59227db6fa1?s=96&d=mm&r=g\",\"caption\":\"Hamra Fouzia\"},\"sameAs\":[\"https:\/\/elmawkie.dz\/fr\"],\"url\":\"https:\/\/elmawkie.dz\/fr\/author\/elmawkie\/\"}]}<\/script>\n<!-- \/ Yoast SEO Premium plugin. -->","yoast_head_json":{"title":"Oran : Inauguration du 1er salon des v\u00e9hicules \u00e9lectriques, thermiques et hybrides - El Mawkie","robots":{"index":"index","follow":"follow","max-snippet":"max-snippet:-1","max-image-preview":"max-image-preview:large","max-video-preview":"max-video-preview:-1"},"canonical":"https:\/\/elmawkie.dz\/fr\/oran-inauguration-du-1er-salon-des-vehicules-electriques-thermiques-et-hybrides\/","og_locale":"fr_FR","og_type":"article","og_title":"Oran : Inauguration du 1er salon des v\u00e9hicules \u00e9lectriques, thermiques et hybrides","og_description":"La premi\u00e8re \u00e9dition du salon des v\u00e9hicules \u00e9lectriques, thermiques et hybrides a \u00e9t\u00e9 inaugur\u00e9e ce lundi au Centre des conventions \u00ab\u00a0Mohamed Benahmed\u00a0\u00bb d&rsquo;Oran. L\u2019\u00e9v\u00e9nement se d\u00e9roulera jusqu\u2019au 29 juin en cours, des journ\u00e9es durant lesquelles les exposants participants, entre constructeurs, usines, et bureaux d\u2019\u00e9tude d\u2019\u00e9taler leurs savoir-faire dans le domaine qui est consid\u00e9r\u00e9 comme l\u2019avenir &hellip;","og_url":"https:\/\/elmawkie.dz\/fr\/oran-inauguration-du-1er-salon-des-vehicules-electriques-thermiques-et-hybrides\/","og_site_name":"El Mawkie","article_publisher":"https:\/\/www.facebook.com\/profile.php?id=100088407094989&locale=fr_FR","article_published_time":"2024-06-24T16:14:00+00:00","article_modified_time":"2024-06-24T16:16:23+00:00","og_image":[{"width":1440,"height":960,"url":"https:\/\/elmawkie.dz\/fr\/wp-content\/uploads\/2024\/06\/448929390_407187632324044_8427606022729930539_n.jpg","type":"image\/jpeg"}],"author":"Hamra Fouzia","twitter_card":"summary_large_image","twitter_misc":{"Written by":"Hamra Fouzia","Est. reading time":"2 minutes"},"schema":{"@context":"https:\/\/schema.org","@graph":[{"@type":"Article","@id":"https:\/\/elmawkie.dz\/fr\/oran-inauguration-du-1er-salon-des-vehicules-electriques-thermiques-et-hybrides\/#article","isPartOf":{"@id":"https:\/\/elmawkie.dz\/fr\/oran-inauguration-du-1er-salon-des-vehicules-electriques-thermiques-et-hybrides\/"},"author":{"name":"Hamra Fouzia","@id":"https:\/\/elmawkie.dz\/fr\/#\/schema\/person\/4ed8433201bc23634185d8dd37097c64"},"headline":"Oran : Inauguration du 1er salon des v\u00e9hicules \u00e9lectriques, thermiques et hybrides","datePublished":"2024-06-24T16:14:00+00:00","dateModified":"2024-06-24T16:16:23+00:00","mainEntityOfPage":{"@id":"https:\/\/elmawkie.dz\/fr\/oran-inauguration-du-1er-salon-des-vehicules-electriques-thermiques-et-hybrides\/"},"wordCount":249,"commentCount":0,"publisher":{"@id":"https:\/\/elmawkie.dz\/fr\/#organization"},"image":{"@id":"https:\/\/elmawkie.dz\/fr\/oran-inauguration-du-1er-salon-des-vehicules-electriques-thermiques-et-hybrides\/#primaryimage"},"thumbnailUrl":"https:\/\/elmawkie.dz\/fr\/wp-content\/uploads\/2024\/06\/448929390_407187632324044_8427606022729930539_n.jpg","articleSection":["R\u00e9gion"],"inLanguage":"fr-FR","potentialAction":[{"@type":"CommentAction","name":"Comment","target":["https:\/\/elmawkie.dz\/fr\/oran-inauguration-du-1er-salon-des-vehicules-electriques-thermiques-et-hybrides\/#respond"]}]},{"@type":"WebPage","@id":"https:\/\/elmawkie.dz\/fr\/oran-inauguration-du-1er-salon-des-vehicules-electriques-thermiques-et-hybrides\/","url":"https:\/\/elmawkie.dz\/fr\/oran-inauguration-du-1er-salon-des-vehicules-electriques-thermiques-et-hybrides\/","name":"Oran : Inauguration du 1er salon des v\u00e9hicules \u00e9lectriques, thermiques et hybrides - El Mawkie","isPartOf":{"@id":"https:\/\/elmawkie.dz\/fr\/#website"},"primaryImageOfPage":{"@id":"https:\/\/elmawkie.dz\/fr\/oran-inauguration-du-1er-salon-des-vehicules-electriques-thermiques-et-hybrides\/#primaryimage"},"image":{"@id":"https:\/\/elmawkie.dz\/fr\/oran-inauguration-du-1er-salon-des-vehicules-electriques-thermiques-et-hybrides\/#primaryimage"},"thumbnailUrl":"https:\/\/elmawkie.dz\/fr\/wp-content\/uploads\/2024\/06\/448929390_407187632324044_8427606022729930539_n.jpg","datePublished":"2024-06-24T16:14:00+00:00","dateModified":"2024-06-24T16:16:23+00:00","breadcrumb":{"@id":"https:\/\/elmawkie.dz\/fr\/oran-inauguration-du-1er-salon-des-vehicules-electriques-thermiques-et-hybrides\/#breadcrumb"},"inLanguage":"fr-FR","potentialAction":[{"@type":"ReadAction","target":["https:\/\/elmawkie.dz\/fr\/oran-inauguration-du-1er-salon-des-vehicules-electriques-thermiques-et-hybrides\/"]}]},{"@type":"ImageObject","inLanguage":"fr-FR","@id":"https:\/\/elmawkie.dz\/fr\/oran-inauguration-du-1er-salon-des-vehicules-electriques-thermiques-et-hybrides\/#primaryimage","url":"https:\/\/elmawkie.dz\/fr\/wp-content\/uploads\/2024\/06\/448929390_407187632324044_8427606022729930539_n.jpg","contentUrl":"https:\/\/elmawkie.dz\/fr\/wp-content\/uploads\/2024\/06\/448929390_407187632324044_8427606022729930539_n.jpg","width":1440,"height":960},{"@type":"BreadcrumbList","@id":"https:\/\/elmawkie.dz\/fr\/oran-inauguration-du-1er-salon-des-vehicules-electriques-thermiques-et-hybrides\/#breadcrumb","itemListElement":[{"@type":"ListItem","position":1,"name":"Home","item":"https:\/\/elmawkie.dz\/fr\/"},{"@type":"ListItem","position":2,"name":"Oran : Inauguration du 1er salon des v\u00e9hicules \u00e9lectriques, thermiques et hybrides"}]},{"@type":"WebSite","@id":"https:\/\/elmawkie.dz\/fr\/#website","url":"https:\/\/elmawkie.dz\/fr\/","name":"EL MAWKIE","description":"Journal \u00c9lectronique Alg\u00e9rien","publisher":{"@id":"https:\/\/elmawkie.dz\/fr\/#organization"},"potentialAction":[{"@type":"SearchAction","target":{"@type":"EntryPoint","urlTemplate":"https:\/\/elmawkie.dz\/fr\/?s={search_term_string}"},"query-input":"required name=search_term_string"}],"inLanguage":"fr-FR"},{"@type":"Organization","@id":"https:\/\/elmawkie.dz\/fr\/#organization","name":"EL MAWKIE","url":"https:\/\/elmawkie.dz\/fr\/","logo":{"@type":"ImageObject","inLanguage":"fr-FR","@id":"https:\/\/elmawkie.dz\/fr\/#\/schema\/logo\/image\/","url":"https:\/\/elmawkie.dz\/fr\/wp-content\/uploads\/2024\/05\/logo1.png","contentUrl":"https:\/\/elmawkie.dz\/fr\/wp-content\/uploads\/2024\/05\/logo1.png","width":1648,"height":652,"caption":"EL MAWKIE"},"image":{"@id":"https:\/\/elmawkie.dz\/fr\/#\/schema\/logo\/image\/"},"sameAs":["https:\/\/www.facebook.com\/profile.php?id=100088407094989&locale=fr_FR"]},{"@type":"Person","@id":"https:\/\/elmawkie.dz\/fr\/#\/schema\/person\/4ed8433201bc23634185d8dd37097c64","name":"Hamra Fouzia","image":{"@type":"ImageObject","inLanguage":"fr-FR","@id":"https:\/\/elmawkie.dz\/fr\/#\/schema\/person\/image\/","url":"https:\/\/secure.gravatar.com\/avatar\/ea215268aad51f3219f9a59227db6fa1?s=96&d=mm&r=g","contentUrl":"https:\/\/secure.gravatar.com\/avatar\/ea215268aad51f3219f9a59227db6fa1?s=96&d=mm&r=g","caption":"Hamra Fouzia"},"sameAs":["https:\/\/elmawkie.dz\/fr"],"url":"https:\/\/elmawkie.dz\/fr\/author\/elmawkie\/"}]}},"_links":{"self":[{"href":"https:\/\/elmawkie.dz\/fr\/wp-json\/wp\/v2\/posts\/2129","targetHints":{"allow":["GET"]}}],"collection":[{"href":"https:\/\/elmawkie.dz\/fr\/wp-json\/wp\/v2\/posts"}],"about":[{"href":"https:\/\/elmawkie.dz\/fr\/wp-json\/wp\/v2\/types\/post"}],"author":[{"embeddable":true,"href":"https:\/\/elmawkie.dz\/fr\/wp-json\/wp\/v2\/users\/3"}],"replies":[{"embeddable":true,"href":"https:\/\/elmawkie.dz\/fr\/wp-json\/wp\/v2\/comments?post=2129"}],"version-history":[{"count":0,"href":"https:\/\/elmawkie.dz\/fr\/wp-json\/wp\/v2\/posts\/2129\/revisions"}],"wp:featuredmedia":[{"embeddable":true,"href":"https:\/\/elmawkie.dz\/fr\/wp-json\/wp\/v2\/media\/2130"}],"wp:attachment":[{"href":"https:\/\/elmawkie.dz\/fr\/wp-json\/wp\/v2\/media?parent=2129"}],"wp:term":[{"taxonomy":"category","embeddable":true,"href":"https:\/\/elmawkie.dz\/fr\/wp-json\/wp\/v2\/categories?post=2129"},{"taxonomy":"post_tag","embeddable":true,"href":"https:\/\/elmawkie.dz\/fr\/wp-json\/wp\/v2\/tags?post=2129"}],"curies":[{"name":"wp","href":"https:\/\/api.w.org\/{rel}","templated":true}]}}