{"id":2126,"date":"2024-06-24T15:37:42","date_gmt":"2024-06-24T14:37:42","guid":{"rendered":"https:\/\/elmawkie.dz\/fr\/?p=2126"},"modified":"2024-06-24T17:39:38","modified_gmt":"2024-06-24T16:39:38","slug":"le-president-de-la-republique-inaugure-la-55eme-foire-internationale-dalger","status":"publish","type":"post","link":"https:\/\/elmawkie.dz\/fr\/le-president-de-la-republique-inaugure-la-55eme-foire-internationale-dalger\/","title":{"rendered":"Le pr\u00e9sident de la R\u00e9publique inaugure la 55\u00e8me Foire internationale d\u2019Alger"},"content":{"rendered":"<div class=\"_none pt-3 block block-layout-builder block-field-blocknodearticlebody\">\n<div class=\"content\">\n<div class=\"clearfix text-formatted field field--name-body field--type-text-with-summary field--label-hidden field__item\">\n<p><strong>Le pr\u00e9sident de la R\u00e9publique, Abdelmadjid Tebboune, est arriv\u00e9 ce lundi au Palais des Expositions des pins maritimes \u00e0 Alger \u00e0 l\u2019effet de proc\u00e9der \u00e0 l&rsquo;ouverture de la 55\u00e8me \u00e9dition de la Foire Internationale d&rsquo;Alger.<\/strong><\/p>\n<p>Le pr\u00e9sident a \u00e9t\u00e9 re\u00e7u par le premier ministre, Nadir Larbaoui, le G\u00e9n\u00e9ral d&rsquo;Arm\u00e9e\u00a0Sa\u00efd Chanegriha, Chef d&rsquo;Etat-Major de l&rsquo;Arm\u00e9e Nationale Populaire, ainsi que le ministre du Commerce et de la promotion des exportations, Tayeb Zitouni qui a lui pr\u00e9sent\u00e9 un expos\u00e9 portant sur les derni\u00e8res statistiques et r\u00e9sultats chiffr\u00e9s de l\u2019activit\u00e9 \u00e9conomique dans divers secteurs.<\/p>\n<\/div>\n<\/div>\n<\/div>\n<div class=\"_none block block-layout-builder block-extra-field-blocknodearticlelinks\">\n<div class=\"content\"><\/div>\n<\/div>\n<div class=\"text-dark _none block block-layout-builder block-field-blocknodearticlefield-tags\">\n<div class=\"content\">\n<div class=\"field field--name-field-tags field--type-entity-reference field--label-hidden clearfix\"><\/div>\n<\/div>\n<\/div>\n","protected":false},"excerpt":{"rendered":"<p>Le pr\u00e9sident de la R\u00e9publique, Abdelmadjid Tebboune, est arriv\u00e9 ce lundi au Palais des Expositions des pins maritimes \u00e0 Alger \u00e0 l\u2019effet de proc\u00e9der \u00e0 l&rsquo;ouverture de la 55\u00e8me \u00e9dition de la Foire Internationale d&rsquo;Alger. Le pr\u00e9sident a \u00e9t\u00e9 re\u00e7u par le premier ministre, Nadir Larbaoui, le G\u00e9n\u00e9ral d&rsquo;Arm\u00e9e\u00a0Sa\u00efd Chanegriha, Chef d&rsquo;Etat-Major de l&rsquo;Arm\u00e9e Nationale &hellip;<\/p>\n","protected":false},"author":3,"featured_media":2137,"comment_status":"open","ping_status":"open","sticky":false,"template":"","format":"standard","meta":{"footnotes":""},"categories":[47],"tags":[],"class_list":["post-2126","post","type-post","status-publish","format-standard","has-post-thumbnail","hentry","category-national"],"yoast_head":"<!-- This site is optimized with the Yoast SEO Premium plugin v22.6 (Yoast SEO v22.6) - https:\/\/yoast.com\/wordpress\/plugins\/seo\/ -->\n<title>Le pr\u00e9sident de la R\u00e9publique inaugure la 55\u00e8me Foire internationale d\u2019Alger - El Mawkie<\/title>\n<meta name=\"robots\" content=\"index, follow, max-snippet:-1, max-image-preview:large, max-video-preview:-1\" \/>\n<link rel=\"canonical\" href=\"https:\/\/elmawkie.dz\/fr\/le-president-de-la-republique-inaugure-la-55eme-foire-internationale-dalger\/\" \/>\n<meta property=\"og:locale\" content=\"fr_FR\" \/>\n<meta property=\"og:type\" content=\"article\" \/>\n<meta property=\"og:title\" content=\"Le pr\u00e9sident de la R\u00e9publique inaugure la 55\u00e8me Foire internationale d\u2019Alger\" \/>\n<meta property=\"og:description\" content=\"Le pr\u00e9sident de la R\u00e9publique, Abdelmadjid Tebboune, est arriv\u00e9 ce lundi au Palais des Expositions des pins maritimes \u00e0 Alger \u00e0 l\u2019effet de proc\u00e9der \u00e0 l&rsquo;ouverture de la 55\u00e8me \u00e9dition de la Foire Internationale d&rsquo;Alger. Le pr\u00e9sident a \u00e9t\u00e9 re\u00e7u par le premier ministre, Nadir Larbaoui, le G\u00e9n\u00e9ral d&rsquo;Arm\u00e9e\u00a0Sa\u00efd Chanegriha, Chef d&rsquo;Etat-Major de l&rsquo;Arm\u00e9e Nationale &hellip;\" \/>\n<meta property=\"og:url\" content=\"https:\/\/elmawkie.dz\/fr\/le-president-de-la-republique-inaugure-la-55eme-foire-internationale-dalger\/\" \/>\n<meta property=\"og:site_name\" content=\"El Mawkie\" \/>\n<meta property=\"article:publisher\" content=\"https:\/\/www.facebook.com\/profile.php?id=100088407094989&amp;locale=fr_FR\" \/>\n<meta property=\"article:published_time\" content=\"2024-06-24T14:37:42+00:00\" \/>\n<meta property=\"article:modified_time\" content=\"2024-06-24T16:39:38+00:00\" \/>\n<meta property=\"og:image\" content=\"https:\/\/elmawkie.dz\/fr\/wp-content\/uploads\/2024\/06\/FIA.jpg\" \/>\n\t<meta property=\"og:image:width\" content=\"580\" \/>\n\t<meta property=\"og:image:height\" content=\"350\" \/>\n\t<meta property=\"og:image:type\" content=\"image\/jpeg\" \/>\n<meta name=\"author\" content=\"Hamra Fouzia\" \/>\n<meta name=\"twitter:card\" content=\"summary_large_image\" \/>\n<meta name=\"twitter:label1\" content=\"Written by\" \/>\n\t<meta name=\"twitter:data1\" content=\"Hamra Fouzia\" \/>\n\t<meta name=\"twitter:label2\" content=\"Est. reading time\" \/>\n\t<meta name=\"twitter:data2\" content=\"1 minute\" \/>\n<script type=\"application\/ld+json\" class=\"yoast-schema-graph\">{\"@context\":\"https:\/\/schema.org\",\"@graph\":[{\"@type\":\"Article\",\"@id\":\"https:\/\/elmawkie.dz\/fr\/le-president-de-la-republique-inaugure-la-55eme-foire-internationale-dalger\/#article\",\"isPartOf\":{\"@id\":\"https:\/\/elmawkie.dz\/fr\/le-president-de-la-republique-inaugure-la-55eme-foire-internationale-dalger\/\"},\"author\":{\"name\":\"Hamra Fouzia\",\"@id\":\"https:\/\/elmawkie.dz\/fr\/#\/schema\/person\/4ed8433201bc23634185d8dd37097c64\"},\"headline\":\"Le pr\u00e9sident de la R\u00e9publique inaugure la 55\u00e8me Foire internationale d\u2019Alger\",\"datePublished\":\"2024-06-24T14:37:42+00:00\",\"dateModified\":\"2024-06-24T16:39:38+00:00\",\"mainEntityOfPage\":{\"@id\":\"https:\/\/elmawkie.dz\/fr\/le-president-de-la-republique-inaugure-la-55eme-foire-internationale-dalger\/\"},\"wordCount\":123,\"commentCount\":0,\"publisher\":{\"@id\":\"https:\/\/elmawkie.dz\/fr\/#organization\"},\"image\":{\"@id\":\"https:\/\/elmawkie.dz\/fr\/le-president-de-la-republique-inaugure-la-55eme-foire-internationale-dalger\/#primaryimage\"},\"thumbnailUrl\":\"https:\/\/elmawkie.dz\/fr\/wp-content\/uploads\/2024\/06\/FIA.jpg\",\"articleSection\":[\"National\"],\"inLanguage\":\"fr-FR\",\"potentialAction\":[{\"@type\":\"CommentAction\",\"name\":\"Comment\",\"target\":[\"https:\/\/elmawkie.dz\/fr\/le-president-de-la-republique-inaugure-la-55eme-foire-internationale-dalger\/#respond\"]}]},{\"@type\":\"WebPage\",\"@id\":\"https:\/\/elmawkie.dz\/fr\/le-president-de-la-republique-inaugure-la-55eme-foire-internationale-dalger\/\",\"url\":\"https:\/\/elmawkie.dz\/fr\/le-president-de-la-republique-inaugure-la-55eme-foire-internationale-dalger\/\",\"name\":\"Le pr\u00e9sident de la R\u00e9publique inaugure la 55\u00e8me Foire internationale d\u2019Alger - El Mawkie\",\"isPartOf\":{\"@id\":\"https:\/\/elmawkie.dz\/fr\/#website\"},\"primaryImageOfPage\":{\"@id\":\"https:\/\/elmawkie.dz\/fr\/le-president-de-la-republique-inaugure-la-55eme-foire-internationale-dalger\/#primaryimage\"},\"image\":{\"@id\":\"https:\/\/elmawkie.dz\/fr\/le-president-de-la-republique-inaugure-la-55eme-foire-internationale-dalger\/#primaryimage\"},\"thumbnailUrl\":\"https:\/\/elmawkie.dz\/fr\/wp-content\/uploads\/2024\/06\/FIA.jpg\",\"datePublished\":\"2024-06-24T14:37:42+00:00\",\"dateModified\":\"2024-06-24T16:39:38+00:00\",\"breadcrumb\":{\"@id\":\"https:\/\/elmawkie.dz\/fr\/le-president-de-la-republique-inaugure-la-55eme-foire-internationale-dalger\/#breadcrumb\"},\"inLanguage\":\"fr-FR\",\"potentialAction\":[{\"@type\":\"ReadAction\",\"target\":[\"https:\/\/elmawkie.dz\/fr\/le-president-de-la-republique-inaugure-la-55eme-foire-internationale-dalger\/\"]}]},{\"@type\":\"ImageObject\",\"inLanguage\":\"fr-FR\",\"@id\":\"https:\/\/elmawkie.dz\/fr\/le-president-de-la-republique-inaugure-la-55eme-foire-internationale-dalger\/#primaryimage\",\"url\":\"https:\/\/elmawkie.dz\/fr\/wp-content\/uploads\/2024\/06\/FIA.jpg\",\"contentUrl\":\"https:\/\/elmawkie.dz\/fr\/wp-content\/uploads\/2024\/06\/FIA.jpg\",\"width\":580,\"height\":350},{\"@type\":\"BreadcrumbList\",\"@id\":\"https:\/\/elmawkie.dz\/fr\/le-president-de-la-republique-inaugure-la-55eme-foire-internationale-dalger\/#breadcrumb\",\"itemListElement\":[{\"@type\":\"ListItem\",\"position\":1,\"name\":\"Home\",\"item\":\"https:\/\/elmawkie.dz\/fr\/\"},{\"@type\":\"ListItem\",\"position\":2,\"name\":\"Le pr\u00e9sident de la R\u00e9publique inaugure la 55\u00e8me Foire internationale d\u2019Alger\"}]},{\"@type\":\"WebSite\",\"@id\":\"https:\/\/elmawkie.dz\/fr\/#website\",\"url\":\"https:\/\/elmawkie.dz\/fr\/\",\"name\":\"EL MAWKIE\",\"description\":\"Journal \u00c9lectronique Alg\u00e9rien\",\"publisher\":{\"@id\":\"https:\/\/elmawkie.dz\/fr\/#organization\"},\"potentialAction\":[{\"@type\":\"SearchAction\",\"target\":{\"@type\":\"EntryPoint\",\"urlTemplate\":\"https:\/\/elmawkie.dz\/fr\/?s={search_term_string}\"},\"query-input\":\"required name=search_term_string\"}],\"inLanguage\":\"fr-FR\"},{\"@type\":\"Organization\",\"@id\":\"https:\/\/elmawkie.dz\/fr\/#organization\",\"name\":\"EL MAWKIE\",\"url\":\"https:\/\/elmawkie.dz\/fr\/\",\"logo\":{\"@type\":\"ImageObject\",\"inLanguage\":\"fr-FR\",\"@id\":\"https:\/\/elmawkie.dz\/fr\/#\/schema\/logo\/image\/\",\"url\":\"https:\/\/elmawkie.dz\/fr\/wp-content\/uploads\/2024\/05\/logo1.png\",\"contentUrl\":\"https:\/\/elmawkie.dz\/fr\/wp-content\/uploads\/2024\/05\/logo1.png\",\"width\":1648,\"height\":652,\"caption\":\"EL MAWKIE\"},\"image\":{\"@id\":\"https:\/\/elmawkie.dz\/fr\/#\/schema\/logo\/image\/\"},\"sameAs\":[\"https:\/\/www.facebook.com\/profile.php?id=100088407094989&locale=fr_FR\"]},{\"@type\":\"Person\",\"@id\":\"https:\/\/elmawkie.dz\/fr\/#\/schema\/person\/4ed8433201bc23634185d8dd37097c64\",\"name\":\"Hamra Fouzia\",\"image\":{\"@type\":\"ImageObject\",\"inLanguage\":\"fr-FR\",\"@id\":\"https:\/\/elmawkie.dz\/fr\/#\/schema\/person\/image\/\",\"url\":\"https:\/\/secure.gravatar.com\/avatar\/ea215268aad51f3219f9a59227db6fa1?s=96&d=mm&r=g\",\"contentUrl\":\"https:\/\/secure.gravatar.com\/avatar\/ea215268aad51f3219f9a59227db6fa1?s=96&d=mm&r=g\",\"caption\":\"Hamra Fouzia\"},\"sameAs\":[\"https:\/\/elmawkie.dz\/fr\"],\"url\":\"https:\/\/elmawkie.dz\/fr\/author\/elmawkie\/\"}]}<\/script>\n<!-- \/ Yoast SEO Premium plugin. -->","yoast_head_json":{"title":"Le pr\u00e9sident de la R\u00e9publique inaugure la 55\u00e8me Foire internationale d\u2019Alger - El Mawkie","robots":{"index":"index","follow":"follow","max-snippet":"max-snippet:-1","max-image-preview":"max-image-preview:large","max-video-preview":"max-video-preview:-1"},"canonical":"https:\/\/elmawkie.dz\/fr\/le-president-de-la-republique-inaugure-la-55eme-foire-internationale-dalger\/","og_locale":"fr_FR","og_type":"article","og_title":"Le pr\u00e9sident de la R\u00e9publique inaugure la 55\u00e8me Foire internationale d\u2019Alger","og_description":"Le pr\u00e9sident de la R\u00e9publique, Abdelmadjid Tebboune, est arriv\u00e9 ce lundi au Palais des Expositions des pins maritimes \u00e0 Alger \u00e0 l\u2019effet de proc\u00e9der \u00e0 l&rsquo;ouverture de la 55\u00e8me \u00e9dition de la Foire Internationale d&rsquo;Alger. Le pr\u00e9sident a \u00e9t\u00e9 re\u00e7u par le premier ministre, Nadir Larbaoui, le G\u00e9n\u00e9ral d&rsquo;Arm\u00e9e\u00a0Sa\u00efd Chanegriha, Chef d&rsquo;Etat-Major de l&rsquo;Arm\u00e9e Nationale &hellip;","og_url":"https:\/\/elmawkie.dz\/fr\/le-president-de-la-republique-inaugure-la-55eme-foire-internationale-dalger\/","og_site_name":"El Mawkie","article_publisher":"https:\/\/www.facebook.com\/profile.php?id=100088407094989&locale=fr_FR","article_published_time":"2024-06-24T14:37:42+00:00","article_modified_time":"2024-06-24T16:39:38+00:00","og_image":[{"width":580,"height":350,"url":"https:\/\/elmawkie.dz\/fr\/wp-content\/uploads\/2024\/06\/FIA.jpg","type":"image\/jpeg"}],"author":"Hamra Fouzia","twitter_card":"summary_large_image","twitter_misc":{"Written by":"Hamra Fouzia","Est. reading time":"1 minute"},"schema":{"@context":"https:\/\/schema.org","@graph":[{"@type":"Article","@id":"https:\/\/elmawkie.dz\/fr\/le-president-de-la-republique-inaugure-la-55eme-foire-internationale-dalger\/#article","isPartOf":{"@id":"https:\/\/elmawkie.dz\/fr\/le-president-de-la-republique-inaugure-la-55eme-foire-internationale-dalger\/"},"author":{"name":"Hamra Fouzia","@id":"https:\/\/elmawkie.dz\/fr\/#\/schema\/person\/4ed8433201bc23634185d8dd37097c64"},"headline":"Le pr\u00e9sident de la R\u00e9publique inaugure la 55\u00e8me Foire internationale d\u2019Alger","datePublished":"2024-06-24T14:37:42+00:00","dateModified":"2024-06-24T16:39:38+00:00","mainEntityOfPage":{"@id":"https:\/\/elmawkie.dz\/fr\/le-president-de-la-republique-inaugure-la-55eme-foire-internationale-dalger\/"},"wordCount":123,"commentCount":0,"publisher":{"@id":"https:\/\/elmawkie.dz\/fr\/#organization"},"image":{"@id":"https:\/\/elmawkie.dz\/fr\/le-president-de-la-republique-inaugure-la-55eme-foire-internationale-dalger\/#primaryimage"},"thumbnailUrl":"https:\/\/elmawkie.dz\/fr\/wp-content\/uploads\/2024\/06\/FIA.jpg","articleSection":["National"],"inLanguage":"fr-FR","potentialAction":[{"@type":"CommentAction","name":"Comment","target":["https:\/\/elmawkie.dz\/fr\/le-president-de-la-republique-inaugure-la-55eme-foire-internationale-dalger\/#respond"]}]},{"@type":"WebPage","@id":"https:\/\/elmawkie.dz\/fr\/le-president-de-la-republique-inaugure-la-55eme-foire-internationale-dalger\/","url":"https:\/\/elmawkie.dz\/fr\/le-president-de-la-republique-inaugure-la-55eme-foire-internationale-dalger\/","name":"Le pr\u00e9sident de la R\u00e9publique inaugure la 55\u00e8me Foire internationale d\u2019Alger - El Mawkie","isPartOf":{"@id":"https:\/\/elmawkie.dz\/fr\/#website"},"primaryImageOfPage":{"@id":"https:\/\/elmawkie.dz\/fr\/le-president-de-la-republique-inaugure-la-55eme-foire-internationale-dalger\/#primaryimage"},"image":{"@id":"https:\/\/elmawkie.dz\/fr\/le-president-de-la-republique-inaugure-la-55eme-foire-internationale-dalger\/#primaryimage"},"thumbnailUrl":"https:\/\/elmawkie.dz\/fr\/wp-content\/uploads\/2024\/06\/FIA.jpg","datePublished":"2024-06-24T14:37:42+00:00","dateModified":"2024-06-24T16:39:38+00:00","breadcrumb":{"@id":"https:\/\/elmawkie.dz\/fr\/le-president-de-la-republique-inaugure-la-55eme-foire-internationale-dalger\/#breadcrumb"},"inLanguage":"fr-FR","potentialAction":[{"@type":"ReadAction","target":["https:\/\/elmawkie.dz\/fr\/le-president-de-la-republique-inaugure-la-55eme-foire-internationale-dalger\/"]}]},{"@type":"ImageObject","inLanguage":"fr-FR","@id":"https:\/\/elmawkie.dz\/fr\/le-president-de-la-republique-inaugure-la-55eme-foire-internationale-dalger\/#primaryimage","url":"https:\/\/elmawkie.dz\/fr\/wp-content\/uploads\/2024\/06\/FIA.jpg","contentUrl":"https:\/\/elmawkie.dz\/fr\/wp-content\/uploads\/2024\/06\/FIA.jpg","width":580,"height":350},{"@type":"BreadcrumbList","@id":"https:\/\/elmawkie.dz\/fr\/le-president-de-la-republique-inaugure-la-55eme-foire-internationale-dalger\/#breadcrumb","itemListElement":[{"@type":"ListItem","position":1,"name":"Home","item":"https:\/\/elmawkie.dz\/fr\/"},{"@type":"ListItem","position":2,"name":"Le pr\u00e9sident de la R\u00e9publique inaugure la 55\u00e8me Foire internationale d\u2019Alger"}]},{"@type":"WebSite","@id":"https:\/\/elmawkie.dz\/fr\/#website","url":"https:\/\/elmawkie.dz\/fr\/","name":"EL MAWKIE","description":"Journal \u00c9lectronique Alg\u00e9rien","publisher":{"@id":"https:\/\/elmawkie.dz\/fr\/#organization"},"potentialAction":[{"@type":"SearchAction","target":{"@type":"EntryPoint","urlTemplate":"https:\/\/elmawkie.dz\/fr\/?s={search_term_string}"},"query-input":"required name=search_term_string"}],"inLanguage":"fr-FR"},{"@type":"Organization","@id":"https:\/\/elmawkie.dz\/fr\/#organization","name":"EL MAWKIE","url":"https:\/\/elmawkie.dz\/fr\/","logo":{"@type":"ImageObject","inLanguage":"fr-FR","@id":"https:\/\/elmawkie.dz\/fr\/#\/schema\/logo\/image\/","url":"https:\/\/elmawkie.dz\/fr\/wp-content\/uploads\/2024\/05\/logo1.png","contentUrl":"https:\/\/elmawkie.dz\/fr\/wp-content\/uploads\/2024\/05\/logo1.png","width":1648,"height":652,"caption":"EL MAWKIE"},"image":{"@id":"https:\/\/elmawkie.dz\/fr\/#\/schema\/logo\/image\/"},"sameAs":["https:\/\/www.facebook.com\/profile.php?id=100088407094989&locale=fr_FR"]},{"@type":"Person","@id":"https:\/\/elmawkie.dz\/fr\/#\/schema\/person\/4ed8433201bc23634185d8dd37097c64","name":"Hamra Fouzia","image":{"@type":"ImageObject","inLanguage":"fr-FR","@id":"https:\/\/elmawkie.dz\/fr\/#\/schema\/person\/image\/","url":"https:\/\/secure.gravatar.com\/avatar\/ea215268aad51f3219f9a59227db6fa1?s=96&d=mm&r=g","contentUrl":"https:\/\/secure.gravatar.com\/avatar\/ea215268aad51f3219f9a59227db6fa1?s=96&d=mm&r=g","caption":"Hamra Fouzia"},"sameAs":["https:\/\/elmawkie.dz\/fr"],"url":"https:\/\/elmawkie.dz\/fr\/author\/elmawkie\/"}]}},"_links":{"self":[{"href":"https:\/\/elmawkie.dz\/fr\/wp-json\/wp\/v2\/posts\/2126","targetHints":{"allow":["GET"]}}],"collection":[{"href":"https:\/\/elmawkie.dz\/fr\/wp-json\/wp\/v2\/posts"}],"about":[{"href":"https:\/\/elmawkie.dz\/fr\/wp-json\/wp\/v2\/types\/post"}],"author":[{"embeddable":true,"href":"https:\/\/elmawkie.dz\/fr\/wp-json\/wp\/v2\/users\/3"}],"replies":[{"embeddable":true,"href":"https:\/\/elmawkie.dz\/fr\/wp-json\/wp\/v2\/comments?post=2126"}],"version-history":[{"count":0,"href":"https:\/\/elmawkie.dz\/fr\/wp-json\/wp\/v2\/posts\/2126\/revisions"}],"wp:featuredmedia":[{"embeddable":true,"href":"https:\/\/elmawkie.dz\/fr\/wp-json\/wp\/v2\/media\/2137"}],"wp:attachment":[{"href":"https:\/\/elmawkie.dz\/fr\/wp-json\/wp\/v2\/media?parent=2126"}],"wp:term":[{"taxonomy":"category","embeddable":true,"href":"https:\/\/elmawkie.dz\/fr\/wp-json\/wp\/v2\/categories?post=2126"},{"taxonomy":"post_tag","embeddable":true,"href":"https:\/\/elmawkie.dz\/fr\/wp-json\/wp\/v2\/tags?post=2126"}],"curies":[{"name":"wp","href":"https:\/\/api.w.org\/{rel}","templated":true}]}}