{"id":2099,"date":"2024-06-23T18:08:58","date_gmt":"2024-06-23T17:08:58","guid":{"rendered":"https:\/\/elmawkie.dz\/fr\/?p=2099"},"modified":"2024-06-23T18:38:51","modified_gmt":"2024-06-23T17:38:51","slug":"algerie-tunisie-le-train-transfrontalier-sera-operationnel-cet-ete","status":"publish","type":"post","link":"https:\/\/elmawkie.dz\/fr\/algerie-tunisie-le-train-transfrontalier-sera-operationnel-cet-ete\/","title":{"rendered":"Alg\u00e9rie-Tunisie : le train transfrontalier sera op\u00e9rationnel cet \u00e9t\u00e9"},"content":{"rendered":"<p class=\"p1\"><strong><em><span class=\"s1\">Intervenant sur les ondes de la radio Alg\u00e9rienne ce dimanche , le contr\u00f4leur g\u00e9n\u00e9ral des douanes, Abdel Nasser Khentout, a annonc\u00e9 que le train transfrontalier vers la Tunisie sera op\u00e9rationnel cet \u00e9t\u00e9 . <\/span><\/em><\/strong><\/p>\n<p class=\"p1\"><em><span class=\"s1\">A cet \u00e9gard , M.Khentout a soulign\u00e9 que les pr\u00e9paratifs pr\u00e9liminaires lanc\u00e9s par les services de douanes en coordination avec les diff\u00e9rents acteurs, notamment la police des fronti\u00e8res et la Soci\u00e9t\u00e9 nationale de transport ferroviaire \u00ab\u00a0SNTF\u00a0\u00a0\u00bb sont presque achev\u00e9s<span class=\"Apple-converted-space\">\u00a0 <\/span>pour facilit\u00e9 le transit et le contr\u00f4le des voyageurs par les services de douanes qui se fait au niveau de la gare internationale de Souk Ahras .<\/span><\/em><\/p>\n<p class=\"p1\"><em><span class=\"s1\">Dans ce cadre , le responsable pr\u00e9cise que des nouvelles mesures ont \u00e9t\u00e9 prises \u00e0 travers toutes les fronti\u00e8res et stations maritimes et a\u00e9riennes, afin d\u2019assurer la surveillance et faire face \u00e0 toute fraude ou tentative de contrebande qui pourrait survenir au niveau de ces portes frontali\u00e8res. <\/span><\/em><\/p>\n<p class=\"p1\"><em><span class=\"s1\">L\u2019invit\u00e9 de la radio Alg\u00e9rienne a indiqu\u00e9 \u00e9galement que d\u2019autres mesures ont \u00e9t\u00e9 prise permettant de facilit\u00e9 les proc\u00e9dure et r\u00e9duire le temps de traitement pour les voyageurs , tout en assurant la mise \u00e0 disposition des moyens logistiques n\u00e9cessaires a l\u2019instar des appareils de scanner<span class=\"Apple-converted-space\">\u00a0 <\/span>et le renforcement des agents de douanes affect\u00e9s \u00e0 ces t\u00e2ches .<\/span><\/em><\/p>\n","protected":false},"excerpt":{"rendered":"<p>Intervenant sur les ondes de la radio Alg\u00e9rienne ce dimanche , le contr\u00f4leur g\u00e9n\u00e9ral des douanes, Abdel Nasser Khentout, a annonc\u00e9 que le train transfrontalier vers la Tunisie sera op\u00e9rationnel cet \u00e9t\u00e9 . A cet \u00e9gard , M.Khentout a soulign\u00e9 que les pr\u00e9paratifs pr\u00e9liminaires lanc\u00e9s par les services de douanes en coordination avec les diff\u00e9rents &hellip;<\/p>\n","protected":false},"author":3,"featured_media":2104,"comment_status":"open","ping_status":"open","sticky":false,"template":"","format":"standard","meta":{"footnotes":""},"categories":[44,47],"tags":[],"class_list":["post-2099","post","type-post","status-publish","format-standard","has-post-thumbnail","hentry","category-international","category-national"],"yoast_head":"<!-- This site is optimized with the Yoast SEO Premium plugin v22.6 (Yoast SEO v22.6) - https:\/\/yoast.com\/wordpress\/plugins\/seo\/ -->\n<title>Alg\u00e9rie-Tunisie : le train transfrontalier sera op\u00e9rationnel cet \u00e9t\u00e9 - El Mawkie<\/title>\n<meta name=\"robots\" content=\"index, follow, max-snippet:-1, max-image-preview:large, max-video-preview:-1\" \/>\n<link rel=\"canonical\" href=\"https:\/\/elmawkie.dz\/fr\/algerie-tunisie-le-train-transfrontalier-sera-operationnel-cet-ete\/\" \/>\n<meta property=\"og:locale\" content=\"fr_FR\" \/>\n<meta property=\"og:type\" content=\"article\" \/>\n<meta property=\"og:title\" content=\"Alg\u00e9rie-Tunisie : le train transfrontalier sera op\u00e9rationnel cet \u00e9t\u00e9\" \/>\n<meta property=\"og:description\" content=\"Intervenant sur les ondes de la radio Alg\u00e9rienne ce dimanche , le contr\u00f4leur g\u00e9n\u00e9ral des douanes, Abdel Nasser Khentout, a annonc\u00e9 que le train transfrontalier vers la Tunisie sera op\u00e9rationnel cet \u00e9t\u00e9 . A cet \u00e9gard , M.Khentout a soulign\u00e9 que les pr\u00e9paratifs pr\u00e9liminaires lanc\u00e9s par les services de douanes en coordination avec les diff\u00e9rents &hellip;\" \/>\n<meta property=\"og:url\" content=\"https:\/\/elmawkie.dz\/fr\/algerie-tunisie-le-train-transfrontalier-sera-operationnel-cet-ete\/\" \/>\n<meta property=\"og:site_name\" content=\"El Mawkie\" \/>\n<meta property=\"article:publisher\" content=\"https:\/\/www.facebook.com\/profile.php?id=100088407094989&amp;locale=fr_FR\" \/>\n<meta property=\"article:published_time\" content=\"2024-06-23T17:08:58+00:00\" \/>\n<meta property=\"article:modified_time\" content=\"2024-06-23T17:38:51+00:00\" \/>\n<meta property=\"og:image\" content=\"https:\/\/elmawkie.dz\/fr\/wp-content\/uploads\/2024\/06\/train-algerie-tunisie-scaled-1.webp\" \/>\n\t<meta property=\"og:image:width\" content=\"1980\" \/>\n\t<meta property=\"og:image:height\" content=\"1200\" \/>\n\t<meta property=\"og:image:type\" content=\"image\/webp\" \/>\n<meta name=\"author\" content=\"Hamra Fouzia\" \/>\n<meta name=\"twitter:card\" content=\"summary_large_image\" \/>\n<meta name=\"twitter:label1\" content=\"Written by\" \/>\n\t<meta name=\"twitter:data1\" content=\"Hamra Fouzia\" \/>\n\t<meta name=\"twitter:label2\" content=\"Est. reading time\" \/>\n\t<meta name=\"twitter:data2\" content=\"2 minutes\" \/>\n<script type=\"application\/ld+json\" class=\"yoast-schema-graph\">{\"@context\":\"https:\/\/schema.org\",\"@graph\":[{\"@type\":\"Article\",\"@id\":\"https:\/\/elmawkie.dz\/fr\/algerie-tunisie-le-train-transfrontalier-sera-operationnel-cet-ete\/#article\",\"isPartOf\":{\"@id\":\"https:\/\/elmawkie.dz\/fr\/algerie-tunisie-le-train-transfrontalier-sera-operationnel-cet-ete\/\"},\"author\":{\"name\":\"Hamra Fouzia\",\"@id\":\"https:\/\/elmawkie.dz\/fr\/#\/schema\/person\/4ed8433201bc23634185d8dd37097c64\"},\"headline\":\"Alg\u00e9rie-Tunisie : le train transfrontalier sera op\u00e9rationnel cet \u00e9t\u00e9\",\"datePublished\":\"2024-06-23T17:08:58+00:00\",\"dateModified\":\"2024-06-23T17:38:51+00:00\",\"mainEntityOfPage\":{\"@id\":\"https:\/\/elmawkie.dz\/fr\/algerie-tunisie-le-train-transfrontalier-sera-operationnel-cet-ete\/\"},\"wordCount\":231,\"commentCount\":0,\"publisher\":{\"@id\":\"https:\/\/elmawkie.dz\/fr\/#organization\"},\"image\":{\"@id\":\"https:\/\/elmawkie.dz\/fr\/algerie-tunisie-le-train-transfrontalier-sera-operationnel-cet-ete\/#primaryimage\"},\"thumbnailUrl\":\"https:\/\/elmawkie.dz\/fr\/wp-content\/uploads\/2024\/06\/train-algerie-tunisie-scaled-1.webp\",\"articleSection\":[\"International\",\"National\"],\"inLanguage\":\"fr-FR\",\"potentialAction\":[{\"@type\":\"CommentAction\",\"name\":\"Comment\",\"target\":[\"https:\/\/elmawkie.dz\/fr\/algerie-tunisie-le-train-transfrontalier-sera-operationnel-cet-ete\/#respond\"]}]},{\"@type\":\"WebPage\",\"@id\":\"https:\/\/elmawkie.dz\/fr\/algerie-tunisie-le-train-transfrontalier-sera-operationnel-cet-ete\/\",\"url\":\"https:\/\/elmawkie.dz\/fr\/algerie-tunisie-le-train-transfrontalier-sera-operationnel-cet-ete\/\",\"name\":\"Alg\u00e9rie-Tunisie : le train transfrontalier sera op\u00e9rationnel cet \u00e9t\u00e9 - El Mawkie\",\"isPartOf\":{\"@id\":\"https:\/\/elmawkie.dz\/fr\/#website\"},\"primaryImageOfPage\":{\"@id\":\"https:\/\/elmawkie.dz\/fr\/algerie-tunisie-le-train-transfrontalier-sera-operationnel-cet-ete\/#primaryimage\"},\"image\":{\"@id\":\"https:\/\/elmawkie.dz\/fr\/algerie-tunisie-le-train-transfrontalier-sera-operationnel-cet-ete\/#primaryimage\"},\"thumbnailUrl\":\"https:\/\/elmawkie.dz\/fr\/wp-content\/uploads\/2024\/06\/train-algerie-tunisie-scaled-1.webp\",\"datePublished\":\"2024-06-23T17:08:58+00:00\",\"dateModified\":\"2024-06-23T17:38:51+00:00\",\"breadcrumb\":{\"@id\":\"https:\/\/elmawkie.dz\/fr\/algerie-tunisie-le-train-transfrontalier-sera-operationnel-cet-ete\/#breadcrumb\"},\"inLanguage\":\"fr-FR\",\"potentialAction\":[{\"@type\":\"ReadAction\",\"target\":[\"https:\/\/elmawkie.dz\/fr\/algerie-tunisie-le-train-transfrontalier-sera-operationnel-cet-ete\/\"]}]},{\"@type\":\"ImageObject\",\"inLanguage\":\"fr-FR\",\"@id\":\"https:\/\/elmawkie.dz\/fr\/algerie-tunisie-le-train-transfrontalier-sera-operationnel-cet-ete\/#primaryimage\",\"url\":\"https:\/\/elmawkie.dz\/fr\/wp-content\/uploads\/2024\/06\/train-algerie-tunisie-scaled-1.webp\",\"contentUrl\":\"https:\/\/elmawkie.dz\/fr\/wp-content\/uploads\/2024\/06\/train-algerie-tunisie-scaled-1.webp\",\"width\":1980,\"height\":1200},{\"@type\":\"BreadcrumbList\",\"@id\":\"https:\/\/elmawkie.dz\/fr\/algerie-tunisie-le-train-transfrontalier-sera-operationnel-cet-ete\/#breadcrumb\",\"itemListElement\":[{\"@type\":\"ListItem\",\"position\":1,\"name\":\"Home\",\"item\":\"https:\/\/elmawkie.dz\/fr\/\"},{\"@type\":\"ListItem\",\"position\":2,\"name\":\"Alg\u00e9rie-Tunisie : le train transfrontalier sera op\u00e9rationnel cet \u00e9t\u00e9\"}]},{\"@type\":\"WebSite\",\"@id\":\"https:\/\/elmawkie.dz\/fr\/#website\",\"url\":\"https:\/\/elmawkie.dz\/fr\/\",\"name\":\"EL MAWKIE\",\"description\":\"Journal \u00c9lectronique Alg\u00e9rien\",\"publisher\":{\"@id\":\"https:\/\/elmawkie.dz\/fr\/#organization\"},\"potentialAction\":[{\"@type\":\"SearchAction\",\"target\":{\"@type\":\"EntryPoint\",\"urlTemplate\":\"https:\/\/elmawkie.dz\/fr\/?s={search_term_string}\"},\"query-input\":\"required name=search_term_string\"}],\"inLanguage\":\"fr-FR\"},{\"@type\":\"Organization\",\"@id\":\"https:\/\/elmawkie.dz\/fr\/#organization\",\"name\":\"EL MAWKIE\",\"url\":\"https:\/\/elmawkie.dz\/fr\/\",\"logo\":{\"@type\":\"ImageObject\",\"inLanguage\":\"fr-FR\",\"@id\":\"https:\/\/elmawkie.dz\/fr\/#\/schema\/logo\/image\/\",\"url\":\"https:\/\/elmawkie.dz\/fr\/wp-content\/uploads\/2024\/05\/logo1.png\",\"contentUrl\":\"https:\/\/elmawkie.dz\/fr\/wp-content\/uploads\/2024\/05\/logo1.png\",\"width\":1648,\"height\":652,\"caption\":\"EL MAWKIE\"},\"image\":{\"@id\":\"https:\/\/elmawkie.dz\/fr\/#\/schema\/logo\/image\/\"},\"sameAs\":[\"https:\/\/www.facebook.com\/profile.php?id=100088407094989&locale=fr_FR\"]},{\"@type\":\"Person\",\"@id\":\"https:\/\/elmawkie.dz\/fr\/#\/schema\/person\/4ed8433201bc23634185d8dd37097c64\",\"name\":\"Hamra Fouzia\",\"image\":{\"@type\":\"ImageObject\",\"inLanguage\":\"fr-FR\",\"@id\":\"https:\/\/elmawkie.dz\/fr\/#\/schema\/person\/image\/\",\"url\":\"https:\/\/secure.gravatar.com\/avatar\/ea215268aad51f3219f9a59227db6fa1?s=96&d=mm&r=g\",\"contentUrl\":\"https:\/\/secure.gravatar.com\/avatar\/ea215268aad51f3219f9a59227db6fa1?s=96&d=mm&r=g\",\"caption\":\"Hamra Fouzia\"},\"sameAs\":[\"https:\/\/elmawkie.dz\/fr\"],\"url\":\"https:\/\/elmawkie.dz\/fr\/author\/elmawkie\/\"}]}<\/script>\n<!-- \/ Yoast SEO Premium plugin. -->","yoast_head_json":{"title":"Alg\u00e9rie-Tunisie : le train transfrontalier sera op\u00e9rationnel cet \u00e9t\u00e9 - El Mawkie","robots":{"index":"index","follow":"follow","max-snippet":"max-snippet:-1","max-image-preview":"max-image-preview:large","max-video-preview":"max-video-preview:-1"},"canonical":"https:\/\/elmawkie.dz\/fr\/algerie-tunisie-le-train-transfrontalier-sera-operationnel-cet-ete\/","og_locale":"fr_FR","og_type":"article","og_title":"Alg\u00e9rie-Tunisie : le train transfrontalier sera op\u00e9rationnel cet \u00e9t\u00e9","og_description":"Intervenant sur les ondes de la radio Alg\u00e9rienne ce dimanche , le contr\u00f4leur g\u00e9n\u00e9ral des douanes, Abdel Nasser Khentout, a annonc\u00e9 que le train transfrontalier vers la Tunisie sera op\u00e9rationnel cet \u00e9t\u00e9 . A cet \u00e9gard , M.Khentout a soulign\u00e9 que les pr\u00e9paratifs pr\u00e9liminaires lanc\u00e9s par les services de douanes en coordination avec les diff\u00e9rents &hellip;","og_url":"https:\/\/elmawkie.dz\/fr\/algerie-tunisie-le-train-transfrontalier-sera-operationnel-cet-ete\/","og_site_name":"El Mawkie","article_publisher":"https:\/\/www.facebook.com\/profile.php?id=100088407094989&locale=fr_FR","article_published_time":"2024-06-23T17:08:58+00:00","article_modified_time":"2024-06-23T17:38:51+00:00","og_image":[{"width":1980,"height":1200,"url":"https:\/\/elmawkie.dz\/fr\/wp-content\/uploads\/2024\/06\/train-algerie-tunisie-scaled-1.webp","type":"image\/webp"}],"author":"Hamra Fouzia","twitter_card":"summary_large_image","twitter_misc":{"Written by":"Hamra Fouzia","Est. reading time":"2 minutes"},"schema":{"@context":"https:\/\/schema.org","@graph":[{"@type":"Article","@id":"https:\/\/elmawkie.dz\/fr\/algerie-tunisie-le-train-transfrontalier-sera-operationnel-cet-ete\/#article","isPartOf":{"@id":"https:\/\/elmawkie.dz\/fr\/algerie-tunisie-le-train-transfrontalier-sera-operationnel-cet-ete\/"},"author":{"name":"Hamra Fouzia","@id":"https:\/\/elmawkie.dz\/fr\/#\/schema\/person\/4ed8433201bc23634185d8dd37097c64"},"headline":"Alg\u00e9rie-Tunisie : le train transfrontalier sera op\u00e9rationnel cet \u00e9t\u00e9","datePublished":"2024-06-23T17:08:58+00:00","dateModified":"2024-06-23T17:38:51+00:00","mainEntityOfPage":{"@id":"https:\/\/elmawkie.dz\/fr\/algerie-tunisie-le-train-transfrontalier-sera-operationnel-cet-ete\/"},"wordCount":231,"commentCount":0,"publisher":{"@id":"https:\/\/elmawkie.dz\/fr\/#organization"},"image":{"@id":"https:\/\/elmawkie.dz\/fr\/algerie-tunisie-le-train-transfrontalier-sera-operationnel-cet-ete\/#primaryimage"},"thumbnailUrl":"https:\/\/elmawkie.dz\/fr\/wp-content\/uploads\/2024\/06\/train-algerie-tunisie-scaled-1.webp","articleSection":["International","National"],"inLanguage":"fr-FR","potentialAction":[{"@type":"CommentAction","name":"Comment","target":["https:\/\/elmawkie.dz\/fr\/algerie-tunisie-le-train-transfrontalier-sera-operationnel-cet-ete\/#respond"]}]},{"@type":"WebPage","@id":"https:\/\/elmawkie.dz\/fr\/algerie-tunisie-le-train-transfrontalier-sera-operationnel-cet-ete\/","url":"https:\/\/elmawkie.dz\/fr\/algerie-tunisie-le-train-transfrontalier-sera-operationnel-cet-ete\/","name":"Alg\u00e9rie-Tunisie : le train transfrontalier sera op\u00e9rationnel cet \u00e9t\u00e9 - El Mawkie","isPartOf":{"@id":"https:\/\/elmawkie.dz\/fr\/#website"},"primaryImageOfPage":{"@id":"https:\/\/elmawkie.dz\/fr\/algerie-tunisie-le-train-transfrontalier-sera-operationnel-cet-ete\/#primaryimage"},"image":{"@id":"https:\/\/elmawkie.dz\/fr\/algerie-tunisie-le-train-transfrontalier-sera-operationnel-cet-ete\/#primaryimage"},"thumbnailUrl":"https:\/\/elmawkie.dz\/fr\/wp-content\/uploads\/2024\/06\/train-algerie-tunisie-scaled-1.webp","datePublished":"2024-06-23T17:08:58+00:00","dateModified":"2024-06-23T17:38:51+00:00","breadcrumb":{"@id":"https:\/\/elmawkie.dz\/fr\/algerie-tunisie-le-train-transfrontalier-sera-operationnel-cet-ete\/#breadcrumb"},"inLanguage":"fr-FR","potentialAction":[{"@type":"ReadAction","target":["https:\/\/elmawkie.dz\/fr\/algerie-tunisie-le-train-transfrontalier-sera-operationnel-cet-ete\/"]}]},{"@type":"ImageObject","inLanguage":"fr-FR","@id":"https:\/\/elmawkie.dz\/fr\/algerie-tunisie-le-train-transfrontalier-sera-operationnel-cet-ete\/#primaryimage","url":"https:\/\/elmawkie.dz\/fr\/wp-content\/uploads\/2024\/06\/train-algerie-tunisie-scaled-1.webp","contentUrl":"https:\/\/elmawkie.dz\/fr\/wp-content\/uploads\/2024\/06\/train-algerie-tunisie-scaled-1.webp","width":1980,"height":1200},{"@type":"BreadcrumbList","@id":"https:\/\/elmawkie.dz\/fr\/algerie-tunisie-le-train-transfrontalier-sera-operationnel-cet-ete\/#breadcrumb","itemListElement":[{"@type":"ListItem","position":1,"name":"Home","item":"https:\/\/elmawkie.dz\/fr\/"},{"@type":"ListItem","position":2,"name":"Alg\u00e9rie-Tunisie : le train transfrontalier sera op\u00e9rationnel cet \u00e9t\u00e9"}]},{"@type":"WebSite","@id":"https:\/\/elmawkie.dz\/fr\/#website","url":"https:\/\/elmawkie.dz\/fr\/","name":"EL MAWKIE","description":"Journal \u00c9lectronique Alg\u00e9rien","publisher":{"@id":"https:\/\/elmawkie.dz\/fr\/#organization"},"potentialAction":[{"@type":"SearchAction","target":{"@type":"EntryPoint","urlTemplate":"https:\/\/elmawkie.dz\/fr\/?s={search_term_string}"},"query-input":"required name=search_term_string"}],"inLanguage":"fr-FR"},{"@type":"Organization","@id":"https:\/\/elmawkie.dz\/fr\/#organization","name":"EL MAWKIE","url":"https:\/\/elmawkie.dz\/fr\/","logo":{"@type":"ImageObject","inLanguage":"fr-FR","@id":"https:\/\/elmawkie.dz\/fr\/#\/schema\/logo\/image\/","url":"https:\/\/elmawkie.dz\/fr\/wp-content\/uploads\/2024\/05\/logo1.png","contentUrl":"https:\/\/elmawkie.dz\/fr\/wp-content\/uploads\/2024\/05\/logo1.png","width":1648,"height":652,"caption":"EL MAWKIE"},"image":{"@id":"https:\/\/elmawkie.dz\/fr\/#\/schema\/logo\/image\/"},"sameAs":["https:\/\/www.facebook.com\/profile.php?id=100088407094989&locale=fr_FR"]},{"@type":"Person","@id":"https:\/\/elmawkie.dz\/fr\/#\/schema\/person\/4ed8433201bc23634185d8dd37097c64","name":"Hamra Fouzia","image":{"@type":"ImageObject","inLanguage":"fr-FR","@id":"https:\/\/elmawkie.dz\/fr\/#\/schema\/person\/image\/","url":"https:\/\/secure.gravatar.com\/avatar\/ea215268aad51f3219f9a59227db6fa1?s=96&d=mm&r=g","contentUrl":"https:\/\/secure.gravatar.com\/avatar\/ea215268aad51f3219f9a59227db6fa1?s=96&d=mm&r=g","caption":"Hamra Fouzia"},"sameAs":["https:\/\/elmawkie.dz\/fr"],"url":"https:\/\/elmawkie.dz\/fr\/author\/elmawkie\/"}]}},"_links":{"self":[{"href":"https:\/\/elmawkie.dz\/fr\/wp-json\/wp\/v2\/posts\/2099","targetHints":{"allow":["GET"]}}],"collection":[{"href":"https:\/\/elmawkie.dz\/fr\/wp-json\/wp\/v2\/posts"}],"about":[{"href":"https:\/\/elmawkie.dz\/fr\/wp-json\/wp\/v2\/types\/post"}],"author":[{"embeddable":true,"href":"https:\/\/elmawkie.dz\/fr\/wp-json\/wp\/v2\/users\/3"}],"replies":[{"embeddable":true,"href":"https:\/\/elmawkie.dz\/fr\/wp-json\/wp\/v2\/comments?post=2099"}],"version-history":[{"count":0,"href":"https:\/\/elmawkie.dz\/fr\/wp-json\/wp\/v2\/posts\/2099\/revisions"}],"wp:featuredmedia":[{"embeddable":true,"href":"https:\/\/elmawkie.dz\/fr\/wp-json\/wp\/v2\/media\/2104"}],"wp:attachment":[{"href":"https:\/\/elmawkie.dz\/fr\/wp-json\/wp\/v2\/media?parent=2099"}],"wp:term":[{"taxonomy":"category","embeddable":true,"href":"https:\/\/elmawkie.dz\/fr\/wp-json\/wp\/v2\/categories?post=2099"},{"taxonomy":"post_tag","embeddable":true,"href":"https:\/\/elmawkie.dz\/fr\/wp-json\/wp\/v2\/tags?post=2099"}],"curies":[{"name":"wp","href":"https:\/\/api.w.org\/{rel}","templated":true}]}}