{"id":2001,"date":"2024-06-19T20:59:26","date_gmt":"2024-06-19T19:59:26","guid":{"rendered":"https:\/\/elmawkie.dz\/fr\/?p=2001"},"modified":"2024-06-19T20:59:26","modified_gmt":"2024-06-19T19:59:26","slug":"lambassadeur-du-canada-a-alger-nous-apprecions-le-role-positif-de-lalgerie-en-faveur-de-la-securite-et-de-la-paix-internationales","status":"publish","type":"post","link":"https:\/\/elmawkie.dz\/fr\/lambassadeur-du-canada-a-alger-nous-apprecions-le-role-positif-de-lalgerie-en-faveur-de-la-securite-et-de-la-paix-internationales\/","title":{"rendered":"L&rsquo;ambassadeur du Canada \u00e0 Alger : Nous appr\u00e9cions \u00ab le r\u00f4le positif de l\u2019Alg\u00e9rie en faveur de la s\u00e9curit\u00e9 et de la paix internationales \u00bb"},"content":{"rendered":"<p><strong>Lors d\u2019une conf\u00e9rence de presse, tenue mercredi dernier \u00e0 l\u2019occasion du 60<sup>\u00e8me<\/sup>anniversaire de l\u2019\u00e9tablissement des relations diplomatiques alg\u00e9ro-canadiennes, l\u2019ambassadeur du Canada en Alg\u00e9rie, son excellence M. Michael Callan, a indiqu\u00e9 que l\u2019Alg\u00e9rie et le Canada \u00ab\u00a0partagent une politique \u00e9trang\u00e8re bas\u00e9e sur des principes\u00a0\u00bb et que son pays \u00ab\u00a0appr\u00e9cie le r\u00f4le positif de l\u2019Alg\u00e9rie en faveur de la s\u00e9curit\u00e9 et de la paix internationales particuli\u00e8rement dans la r\u00e9gion et sur le continent africain, et son engagement fort \u00e0 renforcer le multilat\u00e9ralisme, \u00e0 d\u00e9fendre les r\u00e8gles et principes du droit international, notamment le principe du r\u00e8glement pacifique des conflits conform\u00e9ment \u00e0 la charte des Nations Unies\u00a0\u00bb.<\/strong><\/p>\n<p>Abordant les efforts des deux pays \u00e0 hisser leurs relations \u00e0 un plus haut niveau, il a \u00e9voqu\u00e9 les domaines de coop\u00e9ration et les projets bilat\u00e9raux d\u00e9j\u00e0 r\u00e9alis\u00e9s tels que ceux touchant \u00e0 \u00ab\u00a0la formation des forces polici\u00e8res aux violences domestiques, la pr\u00e9paration et la d\u00e9fense en cas d\u2019attaques chimiques (Chemex), une meilleure formation des autorit\u00e9s aux fronti\u00e8res et dans les a\u00e9roports (Aircop). Ces multiples collaborations contribuent \u00e0 rendre l\u2019Alg\u00e9rie et le Canada plus s\u00e9curitaires\u00a0\u00bb, a-t-il dit.<\/p>\n<p>Ceci tout en exprimant le v\u0153u du Canada \u00e0 \u00ab\u00a0construire un partenariat solide et mutuellement b\u00e9n\u00e9fique et faire avancer des priorit\u00e9s communes : la s\u00e9curit\u00e9 r\u00e9gionale, le commerce et l\u2019investissement, les droits de la personne, le d\u00e9veloppement socio-\u00e9conomique et les changements climatiques\u00a0\u00bb.<\/p>\n<p>Les \u00e9changes culturels ne sont pas en reste puisqu\u2019ils constituent aussi \u00ab\u00a0une priorit\u00e9 dans nos actions, \u00e0 travers le Salon international du livre, le Festival international de la bande dessin\u00e9e et plus sp\u00e9cifiquement sur l\u2019art et l\u2019industrie cin\u00e9matographiques. Nous avons d\u00e9j\u00e0 amorc\u00e9 des discussions avec les autorit\u00e9s afin de renouveler les accords bilat\u00e9raux portant sur ces secteurs\u00a0\u00bb, pr\u00e9cise M. Michael Callan.<\/p>\n","protected":false},"excerpt":{"rendered":"<p>Lors d\u2019une conf\u00e9rence de presse, tenue mercredi dernier \u00e0 l\u2019occasion du 60\u00e8meanniversaire de l\u2019\u00e9tablissement des relations diplomatiques alg\u00e9ro-canadiennes, l\u2019ambassadeur du Canada en Alg\u00e9rie, son excellence M. Michael Callan, a indiqu\u00e9 que l\u2019Alg\u00e9rie et le Canada \u00ab\u00a0partagent une politique \u00e9trang\u00e8re bas\u00e9e sur des principes\u00a0\u00bb et que son pays \u00ab\u00a0appr\u00e9cie le r\u00f4le positif de l\u2019Alg\u00e9rie en faveur &hellip;<\/p>\n","protected":false},"author":3,"featured_media":2002,"comment_status":"open","ping_status":"open","sticky":false,"template":"","format":"standard","meta":{"footnotes":""},"categories":[47],"tags":[],"class_list":["post-2001","post","type-post","status-publish","format-standard","has-post-thumbnail","hentry","category-national"],"yoast_head":"<!-- This site is optimized with the Yoast SEO Premium plugin v22.6 (Yoast SEO v22.6) - https:\/\/yoast.com\/wordpress\/plugins\/seo\/ -->\n<title>L&#039;ambassadeur du Canada \u00e0 Alger : Nous appr\u00e9cions \u00ab le r\u00f4le positif de l\u2019Alg\u00e9rie en faveur de la s\u00e9curit\u00e9 et de la paix internationales \u00bb - El Mawkie<\/title>\n<meta name=\"robots\" content=\"index, follow, max-snippet:-1, max-image-preview:large, max-video-preview:-1\" \/>\n<link rel=\"canonical\" href=\"https:\/\/elmawkie.dz\/fr\/lambassadeur-du-canada-a-alger-nous-apprecions-le-role-positif-de-lalgerie-en-faveur-de-la-securite-et-de-la-paix-internationales\/\" \/>\n<meta property=\"og:locale\" content=\"fr_FR\" \/>\n<meta property=\"og:type\" content=\"article\" \/>\n<meta property=\"og:title\" content=\"L&#039;ambassadeur du Canada \u00e0 Alger : Nous appr\u00e9cions \u00ab le r\u00f4le positif de l\u2019Alg\u00e9rie en faveur de la s\u00e9curit\u00e9 et de la paix internationales \u00bb\" \/>\n<meta property=\"og:description\" content=\"Lors d\u2019une conf\u00e9rence de presse, tenue mercredi dernier \u00e0 l\u2019occasion du 60\u00e8meanniversaire de l\u2019\u00e9tablissement des relations diplomatiques alg\u00e9ro-canadiennes, l\u2019ambassadeur du Canada en Alg\u00e9rie, son excellence M. Michael Callan, a indiqu\u00e9 que l\u2019Alg\u00e9rie et le Canada \u00ab\u00a0partagent une politique \u00e9trang\u00e8re bas\u00e9e sur des principes\u00a0\u00bb et que son pays \u00ab\u00a0appr\u00e9cie le r\u00f4le positif de l\u2019Alg\u00e9rie en faveur &hellip;\" \/>\n<meta property=\"og:url\" content=\"https:\/\/elmawkie.dz\/fr\/lambassadeur-du-canada-a-alger-nous-apprecions-le-role-positif-de-lalgerie-en-faveur-de-la-securite-et-de-la-paix-internationales\/\" \/>\n<meta property=\"og:site_name\" content=\"El Mawkie\" \/>\n<meta property=\"article:publisher\" content=\"https:\/\/www.facebook.com\/profile.php?id=100088407094989&amp;locale=fr_FR\" \/>\n<meta property=\"article:published_time\" content=\"2024-06-19T19:59:26+00:00\" \/>\n<meta property=\"og:image\" content=\"https:\/\/elmawkie.dz\/fr\/wp-content\/uploads\/2024\/06\/IMG_0474.jpg\" \/>\n\t<meta property=\"og:image:width\" content=\"800\" \/>\n\t<meta property=\"og:image:height\" content=\"600\" \/>\n\t<meta property=\"og:image:type\" content=\"image\/jpeg\" \/>\n<meta name=\"author\" content=\"Hamra Fouzia\" \/>\n<meta name=\"twitter:card\" content=\"summary_large_image\" \/>\n<meta name=\"twitter:label1\" content=\"Written by\" \/>\n\t<meta name=\"twitter:data1\" content=\"Hamra Fouzia\" \/>\n\t<meta name=\"twitter:label2\" content=\"Est. reading time\" \/>\n\t<meta name=\"twitter:data2\" content=\"2 minutes\" \/>\n<script type=\"application\/ld+json\" class=\"yoast-schema-graph\">{\"@context\":\"https:\/\/schema.org\",\"@graph\":[{\"@type\":\"Article\",\"@id\":\"https:\/\/elmawkie.dz\/fr\/lambassadeur-du-canada-a-alger-nous-apprecions-le-role-positif-de-lalgerie-en-faveur-de-la-securite-et-de-la-paix-internationales\/#article\",\"isPartOf\":{\"@id\":\"https:\/\/elmawkie.dz\/fr\/lambassadeur-du-canada-a-alger-nous-apprecions-le-role-positif-de-lalgerie-en-faveur-de-la-securite-et-de-la-paix-internationales\/\"},\"author\":{\"name\":\"Hamra Fouzia\",\"@id\":\"https:\/\/elmawkie.dz\/fr\/#\/schema\/person\/4ed8433201bc23634185d8dd37097c64\"},\"headline\":\"L&rsquo;ambassadeur du Canada \u00e0 Alger : Nous appr\u00e9cions \u00ab le r\u00f4le positif de l\u2019Alg\u00e9rie en faveur de la s\u00e9curit\u00e9 et de la paix internationales \u00bb\",\"datePublished\":\"2024-06-19T19:59:26+00:00\",\"dateModified\":\"2024-06-19T19:59:26+00:00\",\"mainEntityOfPage\":{\"@id\":\"https:\/\/elmawkie.dz\/fr\/lambassadeur-du-canada-a-alger-nous-apprecions-le-role-positif-de-lalgerie-en-faveur-de-la-securite-et-de-la-paix-internationales\/\"},\"wordCount\":357,\"commentCount\":0,\"publisher\":{\"@id\":\"https:\/\/elmawkie.dz\/fr\/#organization\"},\"image\":{\"@id\":\"https:\/\/elmawkie.dz\/fr\/lambassadeur-du-canada-a-alger-nous-apprecions-le-role-positif-de-lalgerie-en-faveur-de-la-securite-et-de-la-paix-internationales\/#primaryimage\"},\"thumbnailUrl\":\"https:\/\/elmawkie.dz\/fr\/wp-content\/uploads\/2024\/06\/IMG_0474.jpg\",\"articleSection\":[\"National\"],\"inLanguage\":\"fr-FR\",\"potentialAction\":[{\"@type\":\"CommentAction\",\"name\":\"Comment\",\"target\":[\"https:\/\/elmawkie.dz\/fr\/lambassadeur-du-canada-a-alger-nous-apprecions-le-role-positif-de-lalgerie-en-faveur-de-la-securite-et-de-la-paix-internationales\/#respond\"]}]},{\"@type\":\"WebPage\",\"@id\":\"https:\/\/elmawkie.dz\/fr\/lambassadeur-du-canada-a-alger-nous-apprecions-le-role-positif-de-lalgerie-en-faveur-de-la-securite-et-de-la-paix-internationales\/\",\"url\":\"https:\/\/elmawkie.dz\/fr\/lambassadeur-du-canada-a-alger-nous-apprecions-le-role-positif-de-lalgerie-en-faveur-de-la-securite-et-de-la-paix-internationales\/\",\"name\":\"L'ambassadeur du Canada \u00e0 Alger : Nous appr\u00e9cions \u00ab le r\u00f4le positif de l\u2019Alg\u00e9rie en faveur de la s\u00e9curit\u00e9 et de la paix internationales \u00bb - El Mawkie\",\"isPartOf\":{\"@id\":\"https:\/\/elmawkie.dz\/fr\/#website\"},\"primaryImageOfPage\":{\"@id\":\"https:\/\/elmawkie.dz\/fr\/lambassadeur-du-canada-a-alger-nous-apprecions-le-role-positif-de-lalgerie-en-faveur-de-la-securite-et-de-la-paix-internationales\/#primaryimage\"},\"image\":{\"@id\":\"https:\/\/elmawkie.dz\/fr\/lambassadeur-du-canada-a-alger-nous-apprecions-le-role-positif-de-lalgerie-en-faveur-de-la-securite-et-de-la-paix-internationales\/#primaryimage\"},\"thumbnailUrl\":\"https:\/\/elmawkie.dz\/fr\/wp-content\/uploads\/2024\/06\/IMG_0474.jpg\",\"datePublished\":\"2024-06-19T19:59:26+00:00\",\"dateModified\":\"2024-06-19T19:59:26+00:00\",\"breadcrumb\":{\"@id\":\"https:\/\/elmawkie.dz\/fr\/lambassadeur-du-canada-a-alger-nous-apprecions-le-role-positif-de-lalgerie-en-faveur-de-la-securite-et-de-la-paix-internationales\/#breadcrumb\"},\"inLanguage\":\"fr-FR\",\"potentialAction\":[{\"@type\":\"ReadAction\",\"target\":[\"https:\/\/elmawkie.dz\/fr\/lambassadeur-du-canada-a-alger-nous-apprecions-le-role-positif-de-lalgerie-en-faveur-de-la-securite-et-de-la-paix-internationales\/\"]}]},{\"@type\":\"ImageObject\",\"inLanguage\":\"fr-FR\",\"@id\":\"https:\/\/elmawkie.dz\/fr\/lambassadeur-du-canada-a-alger-nous-apprecions-le-role-positif-de-lalgerie-en-faveur-de-la-securite-et-de-la-paix-internationales\/#primaryimage\",\"url\":\"https:\/\/elmawkie.dz\/fr\/wp-content\/uploads\/2024\/06\/IMG_0474.jpg\",\"contentUrl\":\"https:\/\/elmawkie.dz\/fr\/wp-content\/uploads\/2024\/06\/IMG_0474.jpg\",\"width\":800,\"height\":600},{\"@type\":\"BreadcrumbList\",\"@id\":\"https:\/\/elmawkie.dz\/fr\/lambassadeur-du-canada-a-alger-nous-apprecions-le-role-positif-de-lalgerie-en-faveur-de-la-securite-et-de-la-paix-internationales\/#breadcrumb\",\"itemListElement\":[{\"@type\":\"ListItem\",\"position\":1,\"name\":\"Home\",\"item\":\"https:\/\/elmawkie.dz\/fr\/\"},{\"@type\":\"ListItem\",\"position\":2,\"name\":\"L&rsquo;ambassadeur du Canada \u00e0 Alger : Nous appr\u00e9cions \u00ab le r\u00f4le positif de l\u2019Alg\u00e9rie en faveur de la s\u00e9curit\u00e9 et de la paix internationales \u00bb\"}]},{\"@type\":\"WebSite\",\"@id\":\"https:\/\/elmawkie.dz\/fr\/#website\",\"url\":\"https:\/\/elmawkie.dz\/fr\/\",\"name\":\"EL MAWKIE\",\"description\":\"Journal \u00c9lectronique Alg\u00e9rien\",\"publisher\":{\"@id\":\"https:\/\/elmawkie.dz\/fr\/#organization\"},\"potentialAction\":[{\"@type\":\"SearchAction\",\"target\":{\"@type\":\"EntryPoint\",\"urlTemplate\":\"https:\/\/elmawkie.dz\/fr\/?s={search_term_string}\"},\"query-input\":\"required name=search_term_string\"}],\"inLanguage\":\"fr-FR\"},{\"@type\":\"Organization\",\"@id\":\"https:\/\/elmawkie.dz\/fr\/#organization\",\"name\":\"EL MAWKIE\",\"url\":\"https:\/\/elmawkie.dz\/fr\/\",\"logo\":{\"@type\":\"ImageObject\",\"inLanguage\":\"fr-FR\",\"@id\":\"https:\/\/elmawkie.dz\/fr\/#\/schema\/logo\/image\/\",\"url\":\"https:\/\/elmawkie.dz\/fr\/wp-content\/uploads\/2024\/05\/logo1.png\",\"contentUrl\":\"https:\/\/elmawkie.dz\/fr\/wp-content\/uploads\/2024\/05\/logo1.png\",\"width\":1648,\"height\":652,\"caption\":\"EL MAWKIE\"},\"image\":{\"@id\":\"https:\/\/elmawkie.dz\/fr\/#\/schema\/logo\/image\/\"},\"sameAs\":[\"https:\/\/www.facebook.com\/profile.php?id=100088407094989&locale=fr_FR\"]},{\"@type\":\"Person\",\"@id\":\"https:\/\/elmawkie.dz\/fr\/#\/schema\/person\/4ed8433201bc23634185d8dd37097c64\",\"name\":\"Hamra Fouzia\",\"image\":{\"@type\":\"ImageObject\",\"inLanguage\":\"fr-FR\",\"@id\":\"https:\/\/elmawkie.dz\/fr\/#\/schema\/person\/image\/\",\"url\":\"https:\/\/secure.gravatar.com\/avatar\/ea215268aad51f3219f9a59227db6fa1?s=96&d=mm&r=g\",\"contentUrl\":\"https:\/\/secure.gravatar.com\/avatar\/ea215268aad51f3219f9a59227db6fa1?s=96&d=mm&r=g\",\"caption\":\"Hamra Fouzia\"},\"sameAs\":[\"https:\/\/elmawkie.dz\/fr\"],\"url\":\"https:\/\/elmawkie.dz\/fr\/author\/elmawkie\/\"}]}<\/script>\n<!-- \/ Yoast SEO Premium plugin. -->","yoast_head_json":{"title":"L'ambassadeur du Canada \u00e0 Alger : Nous appr\u00e9cions \u00ab le r\u00f4le positif de l\u2019Alg\u00e9rie en faveur de la s\u00e9curit\u00e9 et de la paix internationales \u00bb - El Mawkie","robots":{"index":"index","follow":"follow","max-snippet":"max-snippet:-1","max-image-preview":"max-image-preview:large","max-video-preview":"max-video-preview:-1"},"canonical":"https:\/\/elmawkie.dz\/fr\/lambassadeur-du-canada-a-alger-nous-apprecions-le-role-positif-de-lalgerie-en-faveur-de-la-securite-et-de-la-paix-internationales\/","og_locale":"fr_FR","og_type":"article","og_title":"L'ambassadeur du Canada \u00e0 Alger : Nous appr\u00e9cions \u00ab le r\u00f4le positif de l\u2019Alg\u00e9rie en faveur de la s\u00e9curit\u00e9 et de la paix internationales \u00bb","og_description":"Lors d\u2019une conf\u00e9rence de presse, tenue mercredi dernier \u00e0 l\u2019occasion du 60\u00e8meanniversaire de l\u2019\u00e9tablissement des relations diplomatiques alg\u00e9ro-canadiennes, l\u2019ambassadeur du Canada en Alg\u00e9rie, son excellence M. Michael Callan, a indiqu\u00e9 que l\u2019Alg\u00e9rie et le Canada \u00ab\u00a0partagent une politique \u00e9trang\u00e8re bas\u00e9e sur des principes\u00a0\u00bb et que son pays \u00ab\u00a0appr\u00e9cie le r\u00f4le positif de l\u2019Alg\u00e9rie en faveur &hellip;","og_url":"https:\/\/elmawkie.dz\/fr\/lambassadeur-du-canada-a-alger-nous-apprecions-le-role-positif-de-lalgerie-en-faveur-de-la-securite-et-de-la-paix-internationales\/","og_site_name":"El Mawkie","article_publisher":"https:\/\/www.facebook.com\/profile.php?id=100088407094989&locale=fr_FR","article_published_time":"2024-06-19T19:59:26+00:00","og_image":[{"width":800,"height":600,"url":"https:\/\/elmawkie.dz\/fr\/wp-content\/uploads\/2024\/06\/IMG_0474.jpg","type":"image\/jpeg"}],"author":"Hamra Fouzia","twitter_card":"summary_large_image","twitter_misc":{"Written by":"Hamra Fouzia","Est. reading time":"2 minutes"},"schema":{"@context":"https:\/\/schema.org","@graph":[{"@type":"Article","@id":"https:\/\/elmawkie.dz\/fr\/lambassadeur-du-canada-a-alger-nous-apprecions-le-role-positif-de-lalgerie-en-faveur-de-la-securite-et-de-la-paix-internationales\/#article","isPartOf":{"@id":"https:\/\/elmawkie.dz\/fr\/lambassadeur-du-canada-a-alger-nous-apprecions-le-role-positif-de-lalgerie-en-faveur-de-la-securite-et-de-la-paix-internationales\/"},"author":{"name":"Hamra Fouzia","@id":"https:\/\/elmawkie.dz\/fr\/#\/schema\/person\/4ed8433201bc23634185d8dd37097c64"},"headline":"L&rsquo;ambassadeur du Canada \u00e0 Alger : Nous appr\u00e9cions \u00ab le r\u00f4le positif de l\u2019Alg\u00e9rie en faveur de la s\u00e9curit\u00e9 et de la paix internationales \u00bb","datePublished":"2024-06-19T19:59:26+00:00","dateModified":"2024-06-19T19:59:26+00:00","mainEntityOfPage":{"@id":"https:\/\/elmawkie.dz\/fr\/lambassadeur-du-canada-a-alger-nous-apprecions-le-role-positif-de-lalgerie-en-faveur-de-la-securite-et-de-la-paix-internationales\/"},"wordCount":357,"commentCount":0,"publisher":{"@id":"https:\/\/elmawkie.dz\/fr\/#organization"},"image":{"@id":"https:\/\/elmawkie.dz\/fr\/lambassadeur-du-canada-a-alger-nous-apprecions-le-role-positif-de-lalgerie-en-faveur-de-la-securite-et-de-la-paix-internationales\/#primaryimage"},"thumbnailUrl":"https:\/\/elmawkie.dz\/fr\/wp-content\/uploads\/2024\/06\/IMG_0474.jpg","articleSection":["National"],"inLanguage":"fr-FR","potentialAction":[{"@type":"CommentAction","name":"Comment","target":["https:\/\/elmawkie.dz\/fr\/lambassadeur-du-canada-a-alger-nous-apprecions-le-role-positif-de-lalgerie-en-faveur-de-la-securite-et-de-la-paix-internationales\/#respond"]}]},{"@type":"WebPage","@id":"https:\/\/elmawkie.dz\/fr\/lambassadeur-du-canada-a-alger-nous-apprecions-le-role-positif-de-lalgerie-en-faveur-de-la-securite-et-de-la-paix-internationales\/","url":"https:\/\/elmawkie.dz\/fr\/lambassadeur-du-canada-a-alger-nous-apprecions-le-role-positif-de-lalgerie-en-faveur-de-la-securite-et-de-la-paix-internationales\/","name":"L'ambassadeur du Canada \u00e0 Alger : Nous appr\u00e9cions \u00ab le r\u00f4le positif de l\u2019Alg\u00e9rie en faveur de la s\u00e9curit\u00e9 et de la paix internationales \u00bb - El Mawkie","isPartOf":{"@id":"https:\/\/elmawkie.dz\/fr\/#website"},"primaryImageOfPage":{"@id":"https:\/\/elmawkie.dz\/fr\/lambassadeur-du-canada-a-alger-nous-apprecions-le-role-positif-de-lalgerie-en-faveur-de-la-securite-et-de-la-paix-internationales\/#primaryimage"},"image":{"@id":"https:\/\/elmawkie.dz\/fr\/lambassadeur-du-canada-a-alger-nous-apprecions-le-role-positif-de-lalgerie-en-faveur-de-la-securite-et-de-la-paix-internationales\/#primaryimage"},"thumbnailUrl":"https:\/\/elmawkie.dz\/fr\/wp-content\/uploads\/2024\/06\/IMG_0474.jpg","datePublished":"2024-06-19T19:59:26+00:00","dateModified":"2024-06-19T19:59:26+00:00","breadcrumb":{"@id":"https:\/\/elmawkie.dz\/fr\/lambassadeur-du-canada-a-alger-nous-apprecions-le-role-positif-de-lalgerie-en-faveur-de-la-securite-et-de-la-paix-internationales\/#breadcrumb"},"inLanguage":"fr-FR","potentialAction":[{"@type":"ReadAction","target":["https:\/\/elmawkie.dz\/fr\/lambassadeur-du-canada-a-alger-nous-apprecions-le-role-positif-de-lalgerie-en-faveur-de-la-securite-et-de-la-paix-internationales\/"]}]},{"@type":"ImageObject","inLanguage":"fr-FR","@id":"https:\/\/elmawkie.dz\/fr\/lambassadeur-du-canada-a-alger-nous-apprecions-le-role-positif-de-lalgerie-en-faveur-de-la-securite-et-de-la-paix-internationales\/#primaryimage","url":"https:\/\/elmawkie.dz\/fr\/wp-content\/uploads\/2024\/06\/IMG_0474.jpg","contentUrl":"https:\/\/elmawkie.dz\/fr\/wp-content\/uploads\/2024\/06\/IMG_0474.jpg","width":800,"height":600},{"@type":"BreadcrumbList","@id":"https:\/\/elmawkie.dz\/fr\/lambassadeur-du-canada-a-alger-nous-apprecions-le-role-positif-de-lalgerie-en-faveur-de-la-securite-et-de-la-paix-internationales\/#breadcrumb","itemListElement":[{"@type":"ListItem","position":1,"name":"Home","item":"https:\/\/elmawkie.dz\/fr\/"},{"@type":"ListItem","position":2,"name":"L&rsquo;ambassadeur du Canada \u00e0 Alger : Nous appr\u00e9cions \u00ab le r\u00f4le positif de l\u2019Alg\u00e9rie en faveur de la s\u00e9curit\u00e9 et de la paix internationales \u00bb"}]},{"@type":"WebSite","@id":"https:\/\/elmawkie.dz\/fr\/#website","url":"https:\/\/elmawkie.dz\/fr\/","name":"EL MAWKIE","description":"Journal \u00c9lectronique Alg\u00e9rien","publisher":{"@id":"https:\/\/elmawkie.dz\/fr\/#organization"},"potentialAction":[{"@type":"SearchAction","target":{"@type":"EntryPoint","urlTemplate":"https:\/\/elmawkie.dz\/fr\/?s={search_term_string}"},"query-input":"required name=search_term_string"}],"inLanguage":"fr-FR"},{"@type":"Organization","@id":"https:\/\/elmawkie.dz\/fr\/#organization","name":"EL MAWKIE","url":"https:\/\/elmawkie.dz\/fr\/","logo":{"@type":"ImageObject","inLanguage":"fr-FR","@id":"https:\/\/elmawkie.dz\/fr\/#\/schema\/logo\/image\/","url":"https:\/\/elmawkie.dz\/fr\/wp-content\/uploads\/2024\/05\/logo1.png","contentUrl":"https:\/\/elmawkie.dz\/fr\/wp-content\/uploads\/2024\/05\/logo1.png","width":1648,"height":652,"caption":"EL MAWKIE"},"image":{"@id":"https:\/\/elmawkie.dz\/fr\/#\/schema\/logo\/image\/"},"sameAs":["https:\/\/www.facebook.com\/profile.php?id=100088407094989&locale=fr_FR"]},{"@type":"Person","@id":"https:\/\/elmawkie.dz\/fr\/#\/schema\/person\/4ed8433201bc23634185d8dd37097c64","name":"Hamra Fouzia","image":{"@type":"ImageObject","inLanguage":"fr-FR","@id":"https:\/\/elmawkie.dz\/fr\/#\/schema\/person\/image\/","url":"https:\/\/secure.gravatar.com\/avatar\/ea215268aad51f3219f9a59227db6fa1?s=96&d=mm&r=g","contentUrl":"https:\/\/secure.gravatar.com\/avatar\/ea215268aad51f3219f9a59227db6fa1?s=96&d=mm&r=g","caption":"Hamra Fouzia"},"sameAs":["https:\/\/elmawkie.dz\/fr"],"url":"https:\/\/elmawkie.dz\/fr\/author\/elmawkie\/"}]}},"_links":{"self":[{"href":"https:\/\/elmawkie.dz\/fr\/wp-json\/wp\/v2\/posts\/2001","targetHints":{"allow":["GET"]}}],"collection":[{"href":"https:\/\/elmawkie.dz\/fr\/wp-json\/wp\/v2\/posts"}],"about":[{"href":"https:\/\/elmawkie.dz\/fr\/wp-json\/wp\/v2\/types\/post"}],"author":[{"embeddable":true,"href":"https:\/\/elmawkie.dz\/fr\/wp-json\/wp\/v2\/users\/3"}],"replies":[{"embeddable":true,"href":"https:\/\/elmawkie.dz\/fr\/wp-json\/wp\/v2\/comments?post=2001"}],"version-history":[{"count":0,"href":"https:\/\/elmawkie.dz\/fr\/wp-json\/wp\/v2\/posts\/2001\/revisions"}],"wp:featuredmedia":[{"embeddable":true,"href":"https:\/\/elmawkie.dz\/fr\/wp-json\/wp\/v2\/media\/2002"}],"wp:attachment":[{"href":"https:\/\/elmawkie.dz\/fr\/wp-json\/wp\/v2\/media?parent=2001"}],"wp:term":[{"taxonomy":"category","embeddable":true,"href":"https:\/\/elmawkie.dz\/fr\/wp-json\/wp\/v2\/categories?post=2001"},{"taxonomy":"post_tag","embeddable":true,"href":"https:\/\/elmawkie.dz\/fr\/wp-json\/wp\/v2\/tags?post=2001"}],"curies":[{"name":"wp","href":"https:\/\/api.w.org\/{rel}","templated":true}]}}