{"id":1984,"date":"2024-06-19T13:31:15","date_gmt":"2024-06-19T12:31:15","guid":{"rendered":"https:\/\/elmawkie.dz\/fr\/?p=1984"},"modified":"2024-06-19T13:35:56","modified_gmt":"2024-06-19T12:35:56","slug":"ministere-de-la-defense-dispense-des-jeunes-nes-avant-le-01-janvier-1995","status":"publish","type":"post","link":"https:\/\/elmawkie.dz\/fr\/ministere-de-la-defense-dispense-des-jeunes-nes-avant-le-01-janvier-1995\/","title":{"rendered":"Minist\u00e8re de La D\u00e9fense: Dispense des jeunes n\u00e9s avant le 01 janvier 1995"},"content":{"rendered":"<p><strong><em>Le minist\u00e8re de la D\u00e9fense nationale , a indiqu\u00e9 Mercredi , que les jeunes citoyens, n\u00e9s avant le 1<sup>er<\/sup>\u00a0janvier 1995, non encore incorpor\u00e9s, sont dispens\u00e9s des obligations du service\u00a0national.<\/em><\/strong><\/p>\n<p><em>\u201c Conform\u00e9ment aux dispositions du d\u00e9cret pr\u00e9sidentiel n\u00b024-184 du 11 juin 2024, portant dispense des citoyens assujettis aux obligations du service national, d\u00e9cid\u00e9e par Monsieur le Pr\u00e9sident de la R\u00e9publique, Chef Supr\u00eame des Forces Arm\u00e9es, Ministre de la D\u00e9fense Nationale, le Minist\u00e8re de la D\u00e9fense Nationale porte \u00e0 la connaissance des jeunes citoyens n\u00e9s avant le 01 janvier 1995, non encore incorpor\u00e9s, qu\u2019ils sont invit\u00e9s \u00e0 se rapprocher des structures du Service National dont ils rel\u00e8vent\u201d .<\/em><\/p>\n<p><em>Selon la m\u00eame source, les concern\u00e9s doivent \u00eatre munis \u00a0des pi\u00e8ces suivantes\u00a0<\/em><\/p>\n<p><em>Une copie de la carte d\u2019identit\u00e9 nationale\u00a0<\/em><\/p>\n<p><em>Deux photos d\u2019identit\u00e9\u00a0<\/em><\/p>\n<p><em>Le calendrier de passage des citoyens concern\u00e9s au niveau des structures du Service National est fix\u00e9, suivant leur mois de naissance, comme suit :<\/em><\/p>\n<p><img decoding=\"async\" class=\"alignnone size-medium wp-image-1988\" src=\"https:\/\/elmawkie.dz\/fr\/wp-content\/uploads\/2024\/06\/IMG_7281-181x300.jpeg\" alt=\"\" width=\"181\" height=\"300\" srcset=\"https:\/\/elmawkie.dz\/fr\/wp-content\/uploads\/2024\/06\/IMG_7281-181x300.jpeg 181w, https:\/\/elmawkie.dz\/fr\/wp-content\/uploads\/2024\/06\/IMG_7281-619x1024.jpeg 619w, https:\/\/elmawkie.dz\/fr\/wp-content\/uploads\/2024\/06\/IMG_7281.jpeg 664w\" sizes=\"(max-width: 181px) 100vw, 181px\" \/><\/p>\n<p>&nbsp;<\/p>\n","protected":false},"excerpt":{"rendered":"<p>Le minist\u00e8re de la D\u00e9fense nationale , a indiqu\u00e9 Mercredi , que les jeunes citoyens, n\u00e9s avant le 1er\u00a0janvier 1995, non encore incorpor\u00e9s, sont dispens\u00e9s des obligations du service\u00a0national. \u201c Conform\u00e9ment aux dispositions du d\u00e9cret pr\u00e9sidentiel n\u00b024-184 du 11 juin 2024, portant dispense des citoyens assujettis aux obligations du service national, d\u00e9cid\u00e9e par Monsieur le &hellip;<\/p>\n","protected":false},"author":3,"featured_media":1986,"comment_status":"open","ping_status":"open","sticky":false,"template":"","format":"standard","meta":{"footnotes":""},"categories":[47],"tags":[],"class_list":["post-1984","post","type-post","status-publish","format-standard","has-post-thumbnail","hentry","category-national"],"yoast_head":"<!-- This site is optimized with the Yoast SEO Premium plugin v22.6 (Yoast SEO v22.6) - https:\/\/yoast.com\/wordpress\/plugins\/seo\/ -->\n<title>Minist\u00e8re de La D\u00e9fense: Dispense des jeunes n\u00e9s avant le 01 janvier 1995 - El Mawkie<\/title>\n<meta name=\"robots\" content=\"index, follow, max-snippet:-1, max-image-preview:large, max-video-preview:-1\" \/>\n<link rel=\"canonical\" href=\"https:\/\/elmawkie.dz\/fr\/ministere-de-la-defense-dispense-des-jeunes-nes-avant-le-01-janvier-1995\/\" \/>\n<meta property=\"og:locale\" content=\"fr_FR\" \/>\n<meta property=\"og:type\" content=\"article\" \/>\n<meta property=\"og:title\" content=\"Minist\u00e8re de La D\u00e9fense: Dispense des jeunes n\u00e9s avant le 01 janvier 1995\" \/>\n<meta property=\"og:description\" content=\"Le minist\u00e8re de la D\u00e9fense nationale , a indiqu\u00e9 Mercredi , que les jeunes citoyens, n\u00e9s avant le 1er\u00a0janvier 1995, non encore incorpor\u00e9s, sont dispens\u00e9s des obligations du service\u00a0national. \u201c Conform\u00e9ment aux dispositions du d\u00e9cret pr\u00e9sidentiel n\u00b024-184 du 11 juin 2024, portant dispense des citoyens assujettis aux obligations du service national, d\u00e9cid\u00e9e par Monsieur le &hellip;\" \/>\n<meta property=\"og:url\" content=\"https:\/\/elmawkie.dz\/fr\/ministere-de-la-defense-dispense-des-jeunes-nes-avant-le-01-janvier-1995\/\" \/>\n<meta property=\"og:site_name\" content=\"El Mawkie\" \/>\n<meta property=\"article:publisher\" content=\"https:\/\/www.facebook.com\/profile.php?id=100088407094989&amp;locale=fr_FR\" \/>\n<meta property=\"article:published_time\" content=\"2024-06-19T12:31:15+00:00\" \/>\n<meta property=\"article:modified_time\" content=\"2024-06-19T12:35:56+00:00\" \/>\n<meta property=\"og:image\" content=\"https:\/\/elmawkie.dz\/fr\/wp-content\/uploads\/2024\/06\/IMG_7282.webp\" \/>\n\t<meta property=\"og:image:width\" content=\"580\" \/>\n\t<meta property=\"og:image:height\" content=\"350\" \/>\n\t<meta property=\"og:image:type\" content=\"image\/webp\" \/>\n<meta name=\"author\" content=\"Hamra Fouzia\" \/>\n<meta name=\"twitter:card\" content=\"summary_large_image\" \/>\n<meta name=\"twitter:label1\" content=\"Written by\" \/>\n\t<meta name=\"twitter:data1\" content=\"Hamra Fouzia\" \/>\n\t<meta name=\"twitter:label2\" content=\"Est. reading time\" \/>\n\t<meta name=\"twitter:data2\" content=\"2 minutes\" \/>\n<script type=\"application\/ld+json\" class=\"yoast-schema-graph\">{\"@context\":\"https:\/\/schema.org\",\"@graph\":[{\"@type\":\"Article\",\"@id\":\"https:\/\/elmawkie.dz\/fr\/ministere-de-la-defense-dispense-des-jeunes-nes-avant-le-01-janvier-1995\/#article\",\"isPartOf\":{\"@id\":\"https:\/\/elmawkie.dz\/fr\/ministere-de-la-defense-dispense-des-jeunes-nes-avant-le-01-janvier-1995\/\"},\"author\":{\"name\":\"Hamra Fouzia\",\"@id\":\"https:\/\/elmawkie.dz\/fr\/#\/schema\/person\/4ed8433201bc23634185d8dd37097c64\"},\"headline\":\"Minist\u00e8re de La D\u00e9fense: Dispense des jeunes n\u00e9s avant le 01 janvier 1995\",\"datePublished\":\"2024-06-19T12:31:15+00:00\",\"dateModified\":\"2024-06-19T12:35:56+00:00\",\"mainEntityOfPage\":{\"@id\":\"https:\/\/elmawkie.dz\/fr\/ministere-de-la-defense-dispense-des-jeunes-nes-avant-le-01-janvier-1995\/\"},\"wordCount\":186,\"commentCount\":0,\"publisher\":{\"@id\":\"https:\/\/elmawkie.dz\/fr\/#organization\"},\"image\":{\"@id\":\"https:\/\/elmawkie.dz\/fr\/ministere-de-la-defense-dispense-des-jeunes-nes-avant-le-01-janvier-1995\/#primaryimage\"},\"thumbnailUrl\":\"https:\/\/elmawkie.dz\/fr\/wp-content\/uploads\/2024\/06\/IMG_7282.webp\",\"articleSection\":[\"National\"],\"inLanguage\":\"fr-FR\",\"potentialAction\":[{\"@type\":\"CommentAction\",\"name\":\"Comment\",\"target\":[\"https:\/\/elmawkie.dz\/fr\/ministere-de-la-defense-dispense-des-jeunes-nes-avant-le-01-janvier-1995\/#respond\"]}]},{\"@type\":\"WebPage\",\"@id\":\"https:\/\/elmawkie.dz\/fr\/ministere-de-la-defense-dispense-des-jeunes-nes-avant-le-01-janvier-1995\/\",\"url\":\"https:\/\/elmawkie.dz\/fr\/ministere-de-la-defense-dispense-des-jeunes-nes-avant-le-01-janvier-1995\/\",\"name\":\"Minist\u00e8re de La D\u00e9fense: Dispense des jeunes n\u00e9s avant le 01 janvier 1995 - El Mawkie\",\"isPartOf\":{\"@id\":\"https:\/\/elmawkie.dz\/fr\/#website\"},\"primaryImageOfPage\":{\"@id\":\"https:\/\/elmawkie.dz\/fr\/ministere-de-la-defense-dispense-des-jeunes-nes-avant-le-01-janvier-1995\/#primaryimage\"},\"image\":{\"@id\":\"https:\/\/elmawkie.dz\/fr\/ministere-de-la-defense-dispense-des-jeunes-nes-avant-le-01-janvier-1995\/#primaryimage\"},\"thumbnailUrl\":\"https:\/\/elmawkie.dz\/fr\/wp-content\/uploads\/2024\/06\/IMG_7282.webp\",\"datePublished\":\"2024-06-19T12:31:15+00:00\",\"dateModified\":\"2024-06-19T12:35:56+00:00\",\"breadcrumb\":{\"@id\":\"https:\/\/elmawkie.dz\/fr\/ministere-de-la-defense-dispense-des-jeunes-nes-avant-le-01-janvier-1995\/#breadcrumb\"},\"inLanguage\":\"fr-FR\",\"potentialAction\":[{\"@type\":\"ReadAction\",\"target\":[\"https:\/\/elmawkie.dz\/fr\/ministere-de-la-defense-dispense-des-jeunes-nes-avant-le-01-janvier-1995\/\"]}]},{\"@type\":\"ImageObject\",\"inLanguage\":\"fr-FR\",\"@id\":\"https:\/\/elmawkie.dz\/fr\/ministere-de-la-defense-dispense-des-jeunes-nes-avant-le-01-janvier-1995\/#primaryimage\",\"url\":\"https:\/\/elmawkie.dz\/fr\/wp-content\/uploads\/2024\/06\/IMG_7282.webp\",\"contentUrl\":\"https:\/\/elmawkie.dz\/fr\/wp-content\/uploads\/2024\/06\/IMG_7282.webp\",\"width\":580,\"height\":350},{\"@type\":\"BreadcrumbList\",\"@id\":\"https:\/\/elmawkie.dz\/fr\/ministere-de-la-defense-dispense-des-jeunes-nes-avant-le-01-janvier-1995\/#breadcrumb\",\"itemListElement\":[{\"@type\":\"ListItem\",\"position\":1,\"name\":\"Home\",\"item\":\"https:\/\/elmawkie.dz\/fr\/\"},{\"@type\":\"ListItem\",\"position\":2,\"name\":\"Minist\u00e8re de La D\u00e9fense: Dispense des jeunes n\u00e9s avant le 01 janvier 1995\"}]},{\"@type\":\"WebSite\",\"@id\":\"https:\/\/elmawkie.dz\/fr\/#website\",\"url\":\"https:\/\/elmawkie.dz\/fr\/\",\"name\":\"EL MAWKIE\",\"description\":\"Journal \u00c9lectronique Alg\u00e9rien\",\"publisher\":{\"@id\":\"https:\/\/elmawkie.dz\/fr\/#organization\"},\"potentialAction\":[{\"@type\":\"SearchAction\",\"target\":{\"@type\":\"EntryPoint\",\"urlTemplate\":\"https:\/\/elmawkie.dz\/fr\/?s={search_term_string}\"},\"query-input\":\"required name=search_term_string\"}],\"inLanguage\":\"fr-FR\"},{\"@type\":\"Organization\",\"@id\":\"https:\/\/elmawkie.dz\/fr\/#organization\",\"name\":\"EL MAWKIE\",\"url\":\"https:\/\/elmawkie.dz\/fr\/\",\"logo\":{\"@type\":\"ImageObject\",\"inLanguage\":\"fr-FR\",\"@id\":\"https:\/\/elmawkie.dz\/fr\/#\/schema\/logo\/image\/\",\"url\":\"https:\/\/elmawkie.dz\/fr\/wp-content\/uploads\/2024\/05\/logo1.png\",\"contentUrl\":\"https:\/\/elmawkie.dz\/fr\/wp-content\/uploads\/2024\/05\/logo1.png\",\"width\":1648,\"height\":652,\"caption\":\"EL MAWKIE\"},\"image\":{\"@id\":\"https:\/\/elmawkie.dz\/fr\/#\/schema\/logo\/image\/\"},\"sameAs\":[\"https:\/\/www.facebook.com\/profile.php?id=100088407094989&locale=fr_FR\"]},{\"@type\":\"Person\",\"@id\":\"https:\/\/elmawkie.dz\/fr\/#\/schema\/person\/4ed8433201bc23634185d8dd37097c64\",\"name\":\"Hamra Fouzia\",\"image\":{\"@type\":\"ImageObject\",\"inLanguage\":\"fr-FR\",\"@id\":\"https:\/\/elmawkie.dz\/fr\/#\/schema\/person\/image\/\",\"url\":\"https:\/\/secure.gravatar.com\/avatar\/ea215268aad51f3219f9a59227db6fa1?s=96&d=mm&r=g\",\"contentUrl\":\"https:\/\/secure.gravatar.com\/avatar\/ea215268aad51f3219f9a59227db6fa1?s=96&d=mm&r=g\",\"caption\":\"Hamra Fouzia\"},\"sameAs\":[\"https:\/\/elmawkie.dz\/fr\"],\"url\":\"https:\/\/elmawkie.dz\/fr\/author\/elmawkie\/\"}]}<\/script>\n<!-- \/ Yoast SEO Premium plugin. -->","yoast_head_json":{"title":"Minist\u00e8re de La D\u00e9fense: Dispense des jeunes n\u00e9s avant le 01 janvier 1995 - El Mawkie","robots":{"index":"index","follow":"follow","max-snippet":"max-snippet:-1","max-image-preview":"max-image-preview:large","max-video-preview":"max-video-preview:-1"},"canonical":"https:\/\/elmawkie.dz\/fr\/ministere-de-la-defense-dispense-des-jeunes-nes-avant-le-01-janvier-1995\/","og_locale":"fr_FR","og_type":"article","og_title":"Minist\u00e8re de La D\u00e9fense: Dispense des jeunes n\u00e9s avant le 01 janvier 1995","og_description":"Le minist\u00e8re de la D\u00e9fense nationale , a indiqu\u00e9 Mercredi , que les jeunes citoyens, n\u00e9s avant le 1er\u00a0janvier 1995, non encore incorpor\u00e9s, sont dispens\u00e9s des obligations du service\u00a0national. \u201c Conform\u00e9ment aux dispositions du d\u00e9cret pr\u00e9sidentiel n\u00b024-184 du 11 juin 2024, portant dispense des citoyens assujettis aux obligations du service national, d\u00e9cid\u00e9e par Monsieur le &hellip;","og_url":"https:\/\/elmawkie.dz\/fr\/ministere-de-la-defense-dispense-des-jeunes-nes-avant-le-01-janvier-1995\/","og_site_name":"El Mawkie","article_publisher":"https:\/\/www.facebook.com\/profile.php?id=100088407094989&locale=fr_FR","article_published_time":"2024-06-19T12:31:15+00:00","article_modified_time":"2024-06-19T12:35:56+00:00","og_image":[{"width":580,"height":350,"url":"https:\/\/elmawkie.dz\/fr\/wp-content\/uploads\/2024\/06\/IMG_7282.webp","type":"image\/webp"}],"author":"Hamra Fouzia","twitter_card":"summary_large_image","twitter_misc":{"Written by":"Hamra Fouzia","Est. reading time":"2 minutes"},"schema":{"@context":"https:\/\/schema.org","@graph":[{"@type":"Article","@id":"https:\/\/elmawkie.dz\/fr\/ministere-de-la-defense-dispense-des-jeunes-nes-avant-le-01-janvier-1995\/#article","isPartOf":{"@id":"https:\/\/elmawkie.dz\/fr\/ministere-de-la-defense-dispense-des-jeunes-nes-avant-le-01-janvier-1995\/"},"author":{"name":"Hamra Fouzia","@id":"https:\/\/elmawkie.dz\/fr\/#\/schema\/person\/4ed8433201bc23634185d8dd37097c64"},"headline":"Minist\u00e8re de La D\u00e9fense: Dispense des jeunes n\u00e9s avant le 01 janvier 1995","datePublished":"2024-06-19T12:31:15+00:00","dateModified":"2024-06-19T12:35:56+00:00","mainEntityOfPage":{"@id":"https:\/\/elmawkie.dz\/fr\/ministere-de-la-defense-dispense-des-jeunes-nes-avant-le-01-janvier-1995\/"},"wordCount":186,"commentCount":0,"publisher":{"@id":"https:\/\/elmawkie.dz\/fr\/#organization"},"image":{"@id":"https:\/\/elmawkie.dz\/fr\/ministere-de-la-defense-dispense-des-jeunes-nes-avant-le-01-janvier-1995\/#primaryimage"},"thumbnailUrl":"https:\/\/elmawkie.dz\/fr\/wp-content\/uploads\/2024\/06\/IMG_7282.webp","articleSection":["National"],"inLanguage":"fr-FR","potentialAction":[{"@type":"CommentAction","name":"Comment","target":["https:\/\/elmawkie.dz\/fr\/ministere-de-la-defense-dispense-des-jeunes-nes-avant-le-01-janvier-1995\/#respond"]}]},{"@type":"WebPage","@id":"https:\/\/elmawkie.dz\/fr\/ministere-de-la-defense-dispense-des-jeunes-nes-avant-le-01-janvier-1995\/","url":"https:\/\/elmawkie.dz\/fr\/ministere-de-la-defense-dispense-des-jeunes-nes-avant-le-01-janvier-1995\/","name":"Minist\u00e8re de La D\u00e9fense: Dispense des jeunes n\u00e9s avant le 01 janvier 1995 - El Mawkie","isPartOf":{"@id":"https:\/\/elmawkie.dz\/fr\/#website"},"primaryImageOfPage":{"@id":"https:\/\/elmawkie.dz\/fr\/ministere-de-la-defense-dispense-des-jeunes-nes-avant-le-01-janvier-1995\/#primaryimage"},"image":{"@id":"https:\/\/elmawkie.dz\/fr\/ministere-de-la-defense-dispense-des-jeunes-nes-avant-le-01-janvier-1995\/#primaryimage"},"thumbnailUrl":"https:\/\/elmawkie.dz\/fr\/wp-content\/uploads\/2024\/06\/IMG_7282.webp","datePublished":"2024-06-19T12:31:15+00:00","dateModified":"2024-06-19T12:35:56+00:00","breadcrumb":{"@id":"https:\/\/elmawkie.dz\/fr\/ministere-de-la-defense-dispense-des-jeunes-nes-avant-le-01-janvier-1995\/#breadcrumb"},"inLanguage":"fr-FR","potentialAction":[{"@type":"ReadAction","target":["https:\/\/elmawkie.dz\/fr\/ministere-de-la-defense-dispense-des-jeunes-nes-avant-le-01-janvier-1995\/"]}]},{"@type":"ImageObject","inLanguage":"fr-FR","@id":"https:\/\/elmawkie.dz\/fr\/ministere-de-la-defense-dispense-des-jeunes-nes-avant-le-01-janvier-1995\/#primaryimage","url":"https:\/\/elmawkie.dz\/fr\/wp-content\/uploads\/2024\/06\/IMG_7282.webp","contentUrl":"https:\/\/elmawkie.dz\/fr\/wp-content\/uploads\/2024\/06\/IMG_7282.webp","width":580,"height":350},{"@type":"BreadcrumbList","@id":"https:\/\/elmawkie.dz\/fr\/ministere-de-la-defense-dispense-des-jeunes-nes-avant-le-01-janvier-1995\/#breadcrumb","itemListElement":[{"@type":"ListItem","position":1,"name":"Home","item":"https:\/\/elmawkie.dz\/fr\/"},{"@type":"ListItem","position":2,"name":"Minist\u00e8re de La D\u00e9fense: Dispense des jeunes n\u00e9s avant le 01 janvier 1995"}]},{"@type":"WebSite","@id":"https:\/\/elmawkie.dz\/fr\/#website","url":"https:\/\/elmawkie.dz\/fr\/","name":"EL MAWKIE","description":"Journal \u00c9lectronique Alg\u00e9rien","publisher":{"@id":"https:\/\/elmawkie.dz\/fr\/#organization"},"potentialAction":[{"@type":"SearchAction","target":{"@type":"EntryPoint","urlTemplate":"https:\/\/elmawkie.dz\/fr\/?s={search_term_string}"},"query-input":"required name=search_term_string"}],"inLanguage":"fr-FR"},{"@type":"Organization","@id":"https:\/\/elmawkie.dz\/fr\/#organization","name":"EL MAWKIE","url":"https:\/\/elmawkie.dz\/fr\/","logo":{"@type":"ImageObject","inLanguage":"fr-FR","@id":"https:\/\/elmawkie.dz\/fr\/#\/schema\/logo\/image\/","url":"https:\/\/elmawkie.dz\/fr\/wp-content\/uploads\/2024\/05\/logo1.png","contentUrl":"https:\/\/elmawkie.dz\/fr\/wp-content\/uploads\/2024\/05\/logo1.png","width":1648,"height":652,"caption":"EL MAWKIE"},"image":{"@id":"https:\/\/elmawkie.dz\/fr\/#\/schema\/logo\/image\/"},"sameAs":["https:\/\/www.facebook.com\/profile.php?id=100088407094989&locale=fr_FR"]},{"@type":"Person","@id":"https:\/\/elmawkie.dz\/fr\/#\/schema\/person\/4ed8433201bc23634185d8dd37097c64","name":"Hamra Fouzia","image":{"@type":"ImageObject","inLanguage":"fr-FR","@id":"https:\/\/elmawkie.dz\/fr\/#\/schema\/person\/image\/","url":"https:\/\/secure.gravatar.com\/avatar\/ea215268aad51f3219f9a59227db6fa1?s=96&d=mm&r=g","contentUrl":"https:\/\/secure.gravatar.com\/avatar\/ea215268aad51f3219f9a59227db6fa1?s=96&d=mm&r=g","caption":"Hamra Fouzia"},"sameAs":["https:\/\/elmawkie.dz\/fr"],"url":"https:\/\/elmawkie.dz\/fr\/author\/elmawkie\/"}]}},"_links":{"self":[{"href":"https:\/\/elmawkie.dz\/fr\/wp-json\/wp\/v2\/posts\/1984","targetHints":{"allow":["GET"]}}],"collection":[{"href":"https:\/\/elmawkie.dz\/fr\/wp-json\/wp\/v2\/posts"}],"about":[{"href":"https:\/\/elmawkie.dz\/fr\/wp-json\/wp\/v2\/types\/post"}],"author":[{"embeddable":true,"href":"https:\/\/elmawkie.dz\/fr\/wp-json\/wp\/v2\/users\/3"}],"replies":[{"embeddable":true,"href":"https:\/\/elmawkie.dz\/fr\/wp-json\/wp\/v2\/comments?post=1984"}],"version-history":[{"count":0,"href":"https:\/\/elmawkie.dz\/fr\/wp-json\/wp\/v2\/posts\/1984\/revisions"}],"wp:featuredmedia":[{"embeddable":true,"href":"https:\/\/elmawkie.dz\/fr\/wp-json\/wp\/v2\/media\/1986"}],"wp:attachment":[{"href":"https:\/\/elmawkie.dz\/fr\/wp-json\/wp\/v2\/media?parent=1984"}],"wp:term":[{"taxonomy":"category","embeddable":true,"href":"https:\/\/elmawkie.dz\/fr\/wp-json\/wp\/v2\/categories?post=1984"},{"taxonomy":"post_tag","embeddable":true,"href":"https:\/\/elmawkie.dz\/fr\/wp-json\/wp\/v2\/tags?post=1984"}],"curies":[{"name":"wp","href":"https:\/\/api.w.org\/{rel}","templated":true}]}}