{"id":1413,"date":"2024-06-01T15:55:10","date_gmt":"2024-06-01T14:55:10","guid":{"rendered":"https:\/\/elmawkie.dz\/fr\/?p=1413"},"modified":"2024-06-01T15:55:10","modified_gmt":"2024-06-01T14:55:10","slug":"attaf-sentretient-avec-le-sg-de-lorganisation-de-cooperation-de-shanghai","status":"publish","type":"post","link":"https:\/\/elmawkie.dz\/fr\/attaf-sentretient-avec-le-sg-de-lorganisation-de-cooperation-de-shanghai\/","title":{"rendered":"Attaf s&rsquo;entretient avec le SG de l&rsquo;Organisation de coop\u00e9ration de Shanghai"},"content":{"rendered":"<p style=\"font-weight: 400;\"><b><strong>Le ministre des Affaires \u00e9trang\u00e8res et de la Communaut\u00e9 nationale \u00e0 l&rsquo;\u00e9tranger, Ahmed Attaf, s&rsquo;est entretenu, vendredi \u00e0 P\u00e9kin, avec le Secr\u00e9taire g\u00e9n\u00e9ral de l&rsquo;Organisation de coop\u00e9ration de Shanghai (OCS), Zhang Ming, dans le cadre de la visite de travail qu&rsquo;il effectue en R\u00e9publique populaire de Chine, charg\u00e9 par le pr\u00e9sident de la R\u00e9publique, M. Abdelmadjid Tebboune, indique un communiqu\u00e9 du minist\u00e8re.<\/strong><\/b><\/p>\n<p style=\"font-weight: 400;\">La rencontre a \u00e9t\u00e9 \u00ab\u00a0l&rsquo;occasion de passer en revue les voies et moyens d&rsquo;\u00e9tablir et de d\u00e9velopper des relations \u00e0 caract\u00e8re institutionnel entre l&rsquo;Alg\u00e9rie et l&rsquo;OCS, des relations multilat\u00e9rales \u00e0 m\u00eame de renforcer les liens bilat\u00e9raux privil\u00e9gi\u00e9s que l&rsquo;Alg\u00e9rie entretient avec les pays membres de cette organisation, sur les plans politique et \u00e9conomique\u00a0\u00bb.<\/p>\n<p style=\"font-weight: 400;\">Les deux parties ont \u00e9galement \u00e9chang\u00e9, \u00e0 cette occasion, \u00ab\u00a0les vues sur les d\u00e9veloppements effr\u00e9n\u00e9s sur la sc\u00e8ne internationale et les d\u00e9fis qui en d\u00e9coulent et qui imposent \u00e0 l&rsquo;organisation internationale de les relever de fa\u00e7on \u00e0 pr\u00e9server la s\u00e9curit\u00e9 et la paix internationales\u00a0\u00bb.<\/p>\n<p style=\"font-weight: 400;\">D&rsquo;autre part, le ministre Ahmed Attaf s&rsquo;est entretenu avec le vice-ministre des Finances chinois, M. Li Yunze avec lequel il a \u00e9voqu\u00e9 le suivi de la mise en \u0153uvre des r\u00e9sultats de la visite d&rsquo;Etat effectu\u00e9e par le pr\u00e9sident de la R\u00e9publique, M. Abdelmadjid Tebboune, en Chine au milieu de l&rsquo;ann\u00e9e derni\u00e8re.<\/p>\n<p style=\"font-weight: 400;\">L&rsquo;accent a \u00e9t\u00e9 mis en particulier sur les relations de coop\u00e9ration entre les deux pays dans leur volet financier et sur les perspectives de les \u00e9largir en tenant compte des exigences du partenariat prometteur qui unit l&rsquo;Alg\u00e9rie et la Chine, conclut le communiqu\u00e9.<\/p>\n<p style=\"font-weight: 400;\"><b><strong>APS<\/strong><\/b><\/p>\n","protected":false},"excerpt":{"rendered":"<p>Le ministre des Affaires \u00e9trang\u00e8res et de la Communaut\u00e9 nationale \u00e0 l&rsquo;\u00e9tranger, Ahmed Attaf, s&rsquo;est entretenu, vendredi \u00e0 P\u00e9kin, avec le Secr\u00e9taire g\u00e9n\u00e9ral de l&rsquo;Organisation de coop\u00e9ration de Shanghai (OCS), Zhang Ming, dans le cadre de la visite de travail qu&rsquo;il effectue en R\u00e9publique populaire de Chine, charg\u00e9 par le pr\u00e9sident de la R\u00e9publique, M. &hellip;<\/p>\n","protected":false},"author":3,"featured_media":1414,"comment_status":"open","ping_status":"open","sticky":false,"template":"","format":"standard","meta":{"footnotes":""},"categories":[35],"tags":[],"class_list":["post-1413","post","type-post","status-publish","format-standard","has-post-thumbnail","hentry","category-diplomatie"],"yoast_head":"<!-- This site is optimized with the Yoast SEO Premium plugin v22.6 (Yoast SEO v22.6) - https:\/\/yoast.com\/wordpress\/plugins\/seo\/ -->\n<title>Attaf s&#039;entretient avec le SG de l&#039;Organisation de coop\u00e9ration de Shanghai - El Mawkie<\/title>\n<meta name=\"robots\" content=\"index, follow, max-snippet:-1, max-image-preview:large, max-video-preview:-1\" \/>\n<link rel=\"canonical\" href=\"https:\/\/elmawkie.dz\/fr\/attaf-sentretient-avec-le-sg-de-lorganisation-de-cooperation-de-shanghai\/\" \/>\n<meta property=\"og:locale\" content=\"fr_FR\" \/>\n<meta property=\"og:type\" content=\"article\" \/>\n<meta property=\"og:title\" content=\"Attaf s&#039;entretient avec le SG de l&#039;Organisation de coop\u00e9ration de Shanghai\" \/>\n<meta property=\"og:description\" content=\"Le ministre des Affaires \u00e9trang\u00e8res et de la Communaut\u00e9 nationale \u00e0 l&rsquo;\u00e9tranger, Ahmed Attaf, s&rsquo;est entretenu, vendredi \u00e0 P\u00e9kin, avec le Secr\u00e9taire g\u00e9n\u00e9ral de l&rsquo;Organisation de coop\u00e9ration de Shanghai (OCS), Zhang Ming, dans le cadre de la visite de travail qu&rsquo;il effectue en R\u00e9publique populaire de Chine, charg\u00e9 par le pr\u00e9sident de la R\u00e9publique, M. &hellip;\" \/>\n<meta property=\"og:url\" content=\"https:\/\/elmawkie.dz\/fr\/attaf-sentretient-avec-le-sg-de-lorganisation-de-cooperation-de-shanghai\/\" \/>\n<meta property=\"og:site_name\" content=\"El Mawkie\" \/>\n<meta property=\"article:publisher\" content=\"https:\/\/www.facebook.com\/profile.php?id=100088407094989&amp;locale=fr_FR\" \/>\n<meta property=\"article:published_time\" content=\"2024-06-01T14:55:10+00:00\" \/>\n<meta property=\"og:image\" content=\"https:\/\/elmawkie.dz\/fr\/wp-content\/uploads\/2024\/06\/ataffff_0.jpg\" \/>\n\t<meta property=\"og:image:width\" content=\"958\" \/>\n\t<meta property=\"og:image:height\" content=\"540\" \/>\n\t<meta property=\"og:image:type\" content=\"image\/jpeg\" \/>\n<meta name=\"author\" content=\"Hamra Fouzia\" \/>\n<meta name=\"twitter:card\" content=\"summary_large_image\" \/>\n<meta name=\"twitter:label1\" content=\"Written by\" \/>\n\t<meta name=\"twitter:data1\" content=\"Hamra Fouzia\" \/>\n\t<meta name=\"twitter:label2\" content=\"Est. reading time\" \/>\n\t<meta name=\"twitter:data2\" content=\"2 minutes\" \/>\n<script type=\"application\/ld+json\" class=\"yoast-schema-graph\">{\"@context\":\"https:\/\/schema.org\",\"@graph\":[{\"@type\":\"Article\",\"@id\":\"https:\/\/elmawkie.dz\/fr\/attaf-sentretient-avec-le-sg-de-lorganisation-de-cooperation-de-shanghai\/#article\",\"isPartOf\":{\"@id\":\"https:\/\/elmawkie.dz\/fr\/attaf-sentretient-avec-le-sg-de-lorganisation-de-cooperation-de-shanghai\/\"},\"author\":{\"name\":\"Hamra Fouzia\",\"@id\":\"https:\/\/elmawkie.dz\/fr\/#\/schema\/person\/4ed8433201bc23634185d8dd37097c64\"},\"headline\":\"Attaf s&rsquo;entretient avec le SG de l&rsquo;Organisation de coop\u00e9ration de Shanghai\",\"datePublished\":\"2024-06-01T14:55:10+00:00\",\"dateModified\":\"2024-06-01T14:55:10+00:00\",\"mainEntityOfPage\":{\"@id\":\"https:\/\/elmawkie.dz\/fr\/attaf-sentretient-avec-le-sg-de-lorganisation-de-cooperation-de-shanghai\/\"},\"wordCount\":314,\"commentCount\":0,\"publisher\":{\"@id\":\"https:\/\/elmawkie.dz\/fr\/#organization\"},\"image\":{\"@id\":\"https:\/\/elmawkie.dz\/fr\/attaf-sentretient-avec-le-sg-de-lorganisation-de-cooperation-de-shanghai\/#primaryimage\"},\"thumbnailUrl\":\"https:\/\/elmawkie.dz\/fr\/wp-content\/uploads\/2024\/06\/ataffff_0.jpg\",\"articleSection\":[\"Diplomatie\"],\"inLanguage\":\"fr-FR\",\"potentialAction\":[{\"@type\":\"CommentAction\",\"name\":\"Comment\",\"target\":[\"https:\/\/elmawkie.dz\/fr\/attaf-sentretient-avec-le-sg-de-lorganisation-de-cooperation-de-shanghai\/#respond\"]}]},{\"@type\":\"WebPage\",\"@id\":\"https:\/\/elmawkie.dz\/fr\/attaf-sentretient-avec-le-sg-de-lorganisation-de-cooperation-de-shanghai\/\",\"url\":\"https:\/\/elmawkie.dz\/fr\/attaf-sentretient-avec-le-sg-de-lorganisation-de-cooperation-de-shanghai\/\",\"name\":\"Attaf s'entretient avec le SG de l'Organisation de coop\u00e9ration de Shanghai - El Mawkie\",\"isPartOf\":{\"@id\":\"https:\/\/elmawkie.dz\/fr\/#website\"},\"primaryImageOfPage\":{\"@id\":\"https:\/\/elmawkie.dz\/fr\/attaf-sentretient-avec-le-sg-de-lorganisation-de-cooperation-de-shanghai\/#primaryimage\"},\"image\":{\"@id\":\"https:\/\/elmawkie.dz\/fr\/attaf-sentretient-avec-le-sg-de-lorganisation-de-cooperation-de-shanghai\/#primaryimage\"},\"thumbnailUrl\":\"https:\/\/elmawkie.dz\/fr\/wp-content\/uploads\/2024\/06\/ataffff_0.jpg\",\"datePublished\":\"2024-06-01T14:55:10+00:00\",\"dateModified\":\"2024-06-01T14:55:10+00:00\",\"breadcrumb\":{\"@id\":\"https:\/\/elmawkie.dz\/fr\/attaf-sentretient-avec-le-sg-de-lorganisation-de-cooperation-de-shanghai\/#breadcrumb\"},\"inLanguage\":\"fr-FR\",\"potentialAction\":[{\"@type\":\"ReadAction\",\"target\":[\"https:\/\/elmawkie.dz\/fr\/attaf-sentretient-avec-le-sg-de-lorganisation-de-cooperation-de-shanghai\/\"]}]},{\"@type\":\"ImageObject\",\"inLanguage\":\"fr-FR\",\"@id\":\"https:\/\/elmawkie.dz\/fr\/attaf-sentretient-avec-le-sg-de-lorganisation-de-cooperation-de-shanghai\/#primaryimage\",\"url\":\"https:\/\/elmawkie.dz\/fr\/wp-content\/uploads\/2024\/06\/ataffff_0.jpg\",\"contentUrl\":\"https:\/\/elmawkie.dz\/fr\/wp-content\/uploads\/2024\/06\/ataffff_0.jpg\",\"width\":958,\"height\":540},{\"@type\":\"BreadcrumbList\",\"@id\":\"https:\/\/elmawkie.dz\/fr\/attaf-sentretient-avec-le-sg-de-lorganisation-de-cooperation-de-shanghai\/#breadcrumb\",\"itemListElement\":[{\"@type\":\"ListItem\",\"position\":1,\"name\":\"Home\",\"item\":\"https:\/\/elmawkie.dz\/fr\/\"},{\"@type\":\"ListItem\",\"position\":2,\"name\":\"Attaf s&rsquo;entretient avec le SG de l&rsquo;Organisation de coop\u00e9ration de Shanghai\"}]},{\"@type\":\"WebSite\",\"@id\":\"https:\/\/elmawkie.dz\/fr\/#website\",\"url\":\"https:\/\/elmawkie.dz\/fr\/\",\"name\":\"EL MAWKIE\",\"description\":\"Journal \u00c9lectronique Alg\u00e9rien\",\"publisher\":{\"@id\":\"https:\/\/elmawkie.dz\/fr\/#organization\"},\"potentialAction\":[{\"@type\":\"SearchAction\",\"target\":{\"@type\":\"EntryPoint\",\"urlTemplate\":\"https:\/\/elmawkie.dz\/fr\/?s={search_term_string}\"},\"query-input\":\"required name=search_term_string\"}],\"inLanguage\":\"fr-FR\"},{\"@type\":\"Organization\",\"@id\":\"https:\/\/elmawkie.dz\/fr\/#organization\",\"name\":\"EL MAWKIE\",\"url\":\"https:\/\/elmawkie.dz\/fr\/\",\"logo\":{\"@type\":\"ImageObject\",\"inLanguage\":\"fr-FR\",\"@id\":\"https:\/\/elmawkie.dz\/fr\/#\/schema\/logo\/image\/\",\"url\":\"https:\/\/elmawkie.dz\/fr\/wp-content\/uploads\/2024\/05\/logo1.png\",\"contentUrl\":\"https:\/\/elmawkie.dz\/fr\/wp-content\/uploads\/2024\/05\/logo1.png\",\"width\":1648,\"height\":652,\"caption\":\"EL MAWKIE\"},\"image\":{\"@id\":\"https:\/\/elmawkie.dz\/fr\/#\/schema\/logo\/image\/\"},\"sameAs\":[\"https:\/\/www.facebook.com\/profile.php?id=100088407094989&locale=fr_FR\"]},{\"@type\":\"Person\",\"@id\":\"https:\/\/elmawkie.dz\/fr\/#\/schema\/person\/4ed8433201bc23634185d8dd37097c64\",\"name\":\"Hamra Fouzia\",\"image\":{\"@type\":\"ImageObject\",\"inLanguage\":\"fr-FR\",\"@id\":\"https:\/\/elmawkie.dz\/fr\/#\/schema\/person\/image\/\",\"url\":\"https:\/\/secure.gravatar.com\/avatar\/ea215268aad51f3219f9a59227db6fa1?s=96&d=mm&r=g\",\"contentUrl\":\"https:\/\/secure.gravatar.com\/avatar\/ea215268aad51f3219f9a59227db6fa1?s=96&d=mm&r=g\",\"caption\":\"Hamra Fouzia\"},\"sameAs\":[\"https:\/\/elmawkie.dz\/fr\"],\"url\":\"https:\/\/elmawkie.dz\/fr\/author\/elmawkie\/\"}]}<\/script>\n<!-- \/ Yoast SEO Premium plugin. -->","yoast_head_json":{"title":"Attaf s'entretient avec le SG de l'Organisation de coop\u00e9ration de Shanghai - El Mawkie","robots":{"index":"index","follow":"follow","max-snippet":"max-snippet:-1","max-image-preview":"max-image-preview:large","max-video-preview":"max-video-preview:-1"},"canonical":"https:\/\/elmawkie.dz\/fr\/attaf-sentretient-avec-le-sg-de-lorganisation-de-cooperation-de-shanghai\/","og_locale":"fr_FR","og_type":"article","og_title":"Attaf s'entretient avec le SG de l'Organisation de coop\u00e9ration de Shanghai","og_description":"Le ministre des Affaires \u00e9trang\u00e8res et de la Communaut\u00e9 nationale \u00e0 l&rsquo;\u00e9tranger, Ahmed Attaf, s&rsquo;est entretenu, vendredi \u00e0 P\u00e9kin, avec le Secr\u00e9taire g\u00e9n\u00e9ral de l&rsquo;Organisation de coop\u00e9ration de Shanghai (OCS), Zhang Ming, dans le cadre de la visite de travail qu&rsquo;il effectue en R\u00e9publique populaire de Chine, charg\u00e9 par le pr\u00e9sident de la R\u00e9publique, M. &hellip;","og_url":"https:\/\/elmawkie.dz\/fr\/attaf-sentretient-avec-le-sg-de-lorganisation-de-cooperation-de-shanghai\/","og_site_name":"El Mawkie","article_publisher":"https:\/\/www.facebook.com\/profile.php?id=100088407094989&locale=fr_FR","article_published_time":"2024-06-01T14:55:10+00:00","og_image":[{"width":958,"height":540,"url":"https:\/\/elmawkie.dz\/fr\/wp-content\/uploads\/2024\/06\/ataffff_0.jpg","type":"image\/jpeg"}],"author":"Hamra Fouzia","twitter_card":"summary_large_image","twitter_misc":{"Written by":"Hamra Fouzia","Est. reading time":"2 minutes"},"schema":{"@context":"https:\/\/schema.org","@graph":[{"@type":"Article","@id":"https:\/\/elmawkie.dz\/fr\/attaf-sentretient-avec-le-sg-de-lorganisation-de-cooperation-de-shanghai\/#article","isPartOf":{"@id":"https:\/\/elmawkie.dz\/fr\/attaf-sentretient-avec-le-sg-de-lorganisation-de-cooperation-de-shanghai\/"},"author":{"name":"Hamra Fouzia","@id":"https:\/\/elmawkie.dz\/fr\/#\/schema\/person\/4ed8433201bc23634185d8dd37097c64"},"headline":"Attaf s&rsquo;entretient avec le SG de l&rsquo;Organisation de coop\u00e9ration de Shanghai","datePublished":"2024-06-01T14:55:10+00:00","dateModified":"2024-06-01T14:55:10+00:00","mainEntityOfPage":{"@id":"https:\/\/elmawkie.dz\/fr\/attaf-sentretient-avec-le-sg-de-lorganisation-de-cooperation-de-shanghai\/"},"wordCount":314,"commentCount":0,"publisher":{"@id":"https:\/\/elmawkie.dz\/fr\/#organization"},"image":{"@id":"https:\/\/elmawkie.dz\/fr\/attaf-sentretient-avec-le-sg-de-lorganisation-de-cooperation-de-shanghai\/#primaryimage"},"thumbnailUrl":"https:\/\/elmawkie.dz\/fr\/wp-content\/uploads\/2024\/06\/ataffff_0.jpg","articleSection":["Diplomatie"],"inLanguage":"fr-FR","potentialAction":[{"@type":"CommentAction","name":"Comment","target":["https:\/\/elmawkie.dz\/fr\/attaf-sentretient-avec-le-sg-de-lorganisation-de-cooperation-de-shanghai\/#respond"]}]},{"@type":"WebPage","@id":"https:\/\/elmawkie.dz\/fr\/attaf-sentretient-avec-le-sg-de-lorganisation-de-cooperation-de-shanghai\/","url":"https:\/\/elmawkie.dz\/fr\/attaf-sentretient-avec-le-sg-de-lorganisation-de-cooperation-de-shanghai\/","name":"Attaf s'entretient avec le SG de l'Organisation de coop\u00e9ration de Shanghai - El Mawkie","isPartOf":{"@id":"https:\/\/elmawkie.dz\/fr\/#website"},"primaryImageOfPage":{"@id":"https:\/\/elmawkie.dz\/fr\/attaf-sentretient-avec-le-sg-de-lorganisation-de-cooperation-de-shanghai\/#primaryimage"},"image":{"@id":"https:\/\/elmawkie.dz\/fr\/attaf-sentretient-avec-le-sg-de-lorganisation-de-cooperation-de-shanghai\/#primaryimage"},"thumbnailUrl":"https:\/\/elmawkie.dz\/fr\/wp-content\/uploads\/2024\/06\/ataffff_0.jpg","datePublished":"2024-06-01T14:55:10+00:00","dateModified":"2024-06-01T14:55:10+00:00","breadcrumb":{"@id":"https:\/\/elmawkie.dz\/fr\/attaf-sentretient-avec-le-sg-de-lorganisation-de-cooperation-de-shanghai\/#breadcrumb"},"inLanguage":"fr-FR","potentialAction":[{"@type":"ReadAction","target":["https:\/\/elmawkie.dz\/fr\/attaf-sentretient-avec-le-sg-de-lorganisation-de-cooperation-de-shanghai\/"]}]},{"@type":"ImageObject","inLanguage":"fr-FR","@id":"https:\/\/elmawkie.dz\/fr\/attaf-sentretient-avec-le-sg-de-lorganisation-de-cooperation-de-shanghai\/#primaryimage","url":"https:\/\/elmawkie.dz\/fr\/wp-content\/uploads\/2024\/06\/ataffff_0.jpg","contentUrl":"https:\/\/elmawkie.dz\/fr\/wp-content\/uploads\/2024\/06\/ataffff_0.jpg","width":958,"height":540},{"@type":"BreadcrumbList","@id":"https:\/\/elmawkie.dz\/fr\/attaf-sentretient-avec-le-sg-de-lorganisation-de-cooperation-de-shanghai\/#breadcrumb","itemListElement":[{"@type":"ListItem","position":1,"name":"Home","item":"https:\/\/elmawkie.dz\/fr\/"},{"@type":"ListItem","position":2,"name":"Attaf s&rsquo;entretient avec le SG de l&rsquo;Organisation de coop\u00e9ration de Shanghai"}]},{"@type":"WebSite","@id":"https:\/\/elmawkie.dz\/fr\/#website","url":"https:\/\/elmawkie.dz\/fr\/","name":"EL MAWKIE","description":"Journal \u00c9lectronique Alg\u00e9rien","publisher":{"@id":"https:\/\/elmawkie.dz\/fr\/#organization"},"potentialAction":[{"@type":"SearchAction","target":{"@type":"EntryPoint","urlTemplate":"https:\/\/elmawkie.dz\/fr\/?s={search_term_string}"},"query-input":"required name=search_term_string"}],"inLanguage":"fr-FR"},{"@type":"Organization","@id":"https:\/\/elmawkie.dz\/fr\/#organization","name":"EL MAWKIE","url":"https:\/\/elmawkie.dz\/fr\/","logo":{"@type":"ImageObject","inLanguage":"fr-FR","@id":"https:\/\/elmawkie.dz\/fr\/#\/schema\/logo\/image\/","url":"https:\/\/elmawkie.dz\/fr\/wp-content\/uploads\/2024\/05\/logo1.png","contentUrl":"https:\/\/elmawkie.dz\/fr\/wp-content\/uploads\/2024\/05\/logo1.png","width":1648,"height":652,"caption":"EL MAWKIE"},"image":{"@id":"https:\/\/elmawkie.dz\/fr\/#\/schema\/logo\/image\/"},"sameAs":["https:\/\/www.facebook.com\/profile.php?id=100088407094989&locale=fr_FR"]},{"@type":"Person","@id":"https:\/\/elmawkie.dz\/fr\/#\/schema\/person\/4ed8433201bc23634185d8dd37097c64","name":"Hamra Fouzia","image":{"@type":"ImageObject","inLanguage":"fr-FR","@id":"https:\/\/elmawkie.dz\/fr\/#\/schema\/person\/image\/","url":"https:\/\/secure.gravatar.com\/avatar\/ea215268aad51f3219f9a59227db6fa1?s=96&d=mm&r=g","contentUrl":"https:\/\/secure.gravatar.com\/avatar\/ea215268aad51f3219f9a59227db6fa1?s=96&d=mm&r=g","caption":"Hamra Fouzia"},"sameAs":["https:\/\/elmawkie.dz\/fr"],"url":"https:\/\/elmawkie.dz\/fr\/author\/elmawkie\/"}]}},"_links":{"self":[{"href":"https:\/\/elmawkie.dz\/fr\/wp-json\/wp\/v2\/posts\/1413","targetHints":{"allow":["GET"]}}],"collection":[{"href":"https:\/\/elmawkie.dz\/fr\/wp-json\/wp\/v2\/posts"}],"about":[{"href":"https:\/\/elmawkie.dz\/fr\/wp-json\/wp\/v2\/types\/post"}],"author":[{"embeddable":true,"href":"https:\/\/elmawkie.dz\/fr\/wp-json\/wp\/v2\/users\/3"}],"replies":[{"embeddable":true,"href":"https:\/\/elmawkie.dz\/fr\/wp-json\/wp\/v2\/comments?post=1413"}],"version-history":[{"count":0,"href":"https:\/\/elmawkie.dz\/fr\/wp-json\/wp\/v2\/posts\/1413\/revisions"}],"wp:featuredmedia":[{"embeddable":true,"href":"https:\/\/elmawkie.dz\/fr\/wp-json\/wp\/v2\/media\/1414"}],"wp:attachment":[{"href":"https:\/\/elmawkie.dz\/fr\/wp-json\/wp\/v2\/media?parent=1413"}],"wp:term":[{"taxonomy":"category","embeddable":true,"href":"https:\/\/elmawkie.dz\/fr\/wp-json\/wp\/v2\/categories?post=1413"},{"taxonomy":"post_tag","embeddable":true,"href":"https:\/\/elmawkie.dz\/fr\/wp-json\/wp\/v2\/tags?post=1413"}],"curies":[{"name":"wp","href":"https:\/\/api.w.org\/{rel}","templated":true}]}}