{"id":1410,"date":"2024-06-01T15:51:10","date_gmt":"2024-06-01T14:51:10","guid":{"rendered":"https:\/\/elmawkie.dz\/fr\/?p=1410"},"modified":"2024-06-01T15:51:10","modified_gmt":"2024-06-01T14:51:10","slug":"arrivee-de-plus-de-9-200-pelerins-algeriens-a-la-mecque","status":"publish","type":"post","link":"https:\/\/elmawkie.dz\/fr\/arrivee-de-plus-de-9-200-pelerins-algeriens-a-la-mecque\/","title":{"rendered":"Arriv\u00e9e de plus de 9.200 p\u00e8lerins alg\u00e9riens \u00e0 La Mecque"},"content":{"rendered":"<p style=\"font-weight: 400;\"><b><strong>Plus de 9.200 p\u00e8lerins alg\u00e9riens sont arriv\u00e9s \u00e0 La Mecque jusqu&rsquo;\u00e0 vendredi, a-t-on appris aupr\u00e8s de la Mission alg\u00e9rienne du hadj.<\/strong><\/b><\/p>\n<p style=\"font-weight: 400;\">Le chef adjoint du Centre de La Mecque, charg\u00e9 de l&rsquo;accueil, du logement et des d\u00e9placements, Youcef Baroud, a pr\u00e9cis\u00e9 que plus de 9.200 p\u00e8lerins alg\u00e9riens \u00e9taient arriv\u00e9s \u00e0 La Mecque jusqu&rsquo;\u00e0 vendredi, dont 7.310 voyageant avec l&rsquo;Office national du p\u00e8lerinage et de la omra (ONPO) et 1.958 avec des agences de voyages.<\/p>\n<p style=\"font-weight: 400;\">Dix (10) vols sont attendus samedi \u00e0 La Mecque en provenance de M\u00e9dine et de Djeddah, ce qui portera \u00e0 11.336 le nombre de p\u00e8lerins alg\u00e9riens \u00e0 La Mecque.<\/p>\n<p style=\"font-weight: 400;\">Le premier vol des p\u00e8lerins alg\u00e9riens devant accomplir le hadj 1445 de l&rsquo;h\u00e9gire (2024) avait quitt\u00e9 l&rsquo;A\u00e9roport international d&rsquo;Alger Houari-Boumediene vers les Lieux saints, le 20 mai dernier.<\/p>\n<p style=\"font-weight: 400;\">A noter que 41.300 p\u00e8lerins alg\u00e9riens seront accueillis \u00e0 La Mecque cette saison, dont 23.200 pris en charge par l&rsquo;ONPO et 17.200 par des agences de voyages.<\/p>\n<p style=\"font-weight: 400;\">Le transport des p\u00e8lerins vers les Lieux saints se poursuivra \u00e0 partir de 12 a\u00e9roports nationaux, \u00e0 travers 146 vols, dont 88 op\u00e9r\u00e9s par Air Alg\u00e9rie, 43 par Saudia Airlines et 15 par Flynas.(<\/p>\n<p style=\"font-weight: 400;\">APS<\/p>\n","protected":false},"excerpt":{"rendered":"<p>Plus de 9.200 p\u00e8lerins alg\u00e9riens sont arriv\u00e9s \u00e0 La Mecque jusqu&rsquo;\u00e0 vendredi, a-t-on appris aupr\u00e8s de la Mission alg\u00e9rienne du hadj. Le chef adjoint du Centre de La Mecque, charg\u00e9 de l&rsquo;accueil, du logement et des d\u00e9placements, Youcef Baroud, a pr\u00e9cis\u00e9 que plus de 9.200 p\u00e8lerins alg\u00e9riens \u00e9taient arriv\u00e9s \u00e0 La Mecque jusqu&rsquo;\u00e0 vendredi, dont &hellip;<\/p>\n","protected":false},"author":3,"featured_media":1411,"comment_status":"open","ping_status":"open","sticky":false,"template":"","format":"standard","meta":{"footnotes":""},"categories":[47],"tags":[],"class_list":["post-1410","post","type-post","status-publish","format-standard","has-post-thumbnail","hentry","category-national"],"yoast_head":"<!-- This site is optimized with the Yoast SEO Premium plugin v22.6 (Yoast SEO v22.6) - https:\/\/yoast.com\/wordpress\/plugins\/seo\/ -->\n<title>Arriv\u00e9e de plus de 9.200 p\u00e8lerins alg\u00e9riens \u00e0 La Mecque - El Mawkie<\/title>\n<meta name=\"robots\" content=\"index, follow, max-snippet:-1, max-image-preview:large, max-video-preview:-1\" \/>\n<link rel=\"canonical\" href=\"https:\/\/elmawkie.dz\/fr\/arrivee-de-plus-de-9-200-pelerins-algeriens-a-la-mecque\/\" \/>\n<meta property=\"og:locale\" content=\"fr_FR\" \/>\n<meta property=\"og:type\" content=\"article\" \/>\n<meta property=\"og:title\" content=\"Arriv\u00e9e de plus de 9.200 p\u00e8lerins alg\u00e9riens \u00e0 La Mecque\" \/>\n<meta property=\"og:description\" content=\"Plus de 9.200 p\u00e8lerins alg\u00e9riens sont arriv\u00e9s \u00e0 La Mecque jusqu&rsquo;\u00e0 vendredi, a-t-on appris aupr\u00e8s de la Mission alg\u00e9rienne du hadj. Le chef adjoint du Centre de La Mecque, charg\u00e9 de l&rsquo;accueil, du logement et des d\u00e9placements, Youcef Baroud, a pr\u00e9cis\u00e9 que plus de 9.200 p\u00e8lerins alg\u00e9riens \u00e9taient arriv\u00e9s \u00e0 La Mecque jusqu&rsquo;\u00e0 vendredi, dont &hellip;\" \/>\n<meta property=\"og:url\" content=\"https:\/\/elmawkie.dz\/fr\/arrivee-de-plus-de-9-200-pelerins-algeriens-a-la-mecque\/\" \/>\n<meta property=\"og:site_name\" content=\"El Mawkie\" \/>\n<meta property=\"article:publisher\" content=\"https:\/\/www.facebook.com\/profile.php?id=100088407094989&amp;locale=fr_FR\" \/>\n<meta property=\"article:published_time\" content=\"2024-06-01T14:51:10+00:00\" \/>\n<meta property=\"og:image\" content=\"https:\/\/elmawkie.dz\/fr\/wp-content\/uploads\/2024\/06\/Omra-et-Hadj.jpg\" \/>\n\t<meta property=\"og:image:width\" content=\"640\" \/>\n\t<meta property=\"og:image:height\" content=\"480\" \/>\n\t<meta property=\"og:image:type\" content=\"image\/jpeg\" \/>\n<meta name=\"author\" content=\"Hamra Fouzia\" \/>\n<meta name=\"twitter:card\" content=\"summary_large_image\" \/>\n<meta name=\"twitter:label1\" content=\"Written by\" \/>\n\t<meta name=\"twitter:data1\" content=\"Hamra Fouzia\" \/>\n\t<meta name=\"twitter:label2\" content=\"Est. reading time\" \/>\n\t<meta name=\"twitter:data2\" content=\"2 minutes\" \/>\n<script type=\"application\/ld+json\" class=\"yoast-schema-graph\">{\"@context\":\"https:\/\/schema.org\",\"@graph\":[{\"@type\":\"Article\",\"@id\":\"https:\/\/elmawkie.dz\/fr\/arrivee-de-plus-de-9-200-pelerins-algeriens-a-la-mecque\/#article\",\"isPartOf\":{\"@id\":\"https:\/\/elmawkie.dz\/fr\/arrivee-de-plus-de-9-200-pelerins-algeriens-a-la-mecque\/\"},\"author\":{\"name\":\"Hamra Fouzia\",\"@id\":\"https:\/\/elmawkie.dz\/fr\/#\/schema\/person\/4ed8433201bc23634185d8dd37097c64\"},\"headline\":\"Arriv\u00e9e de plus de 9.200 p\u00e8lerins alg\u00e9riens \u00e0 La Mecque\",\"datePublished\":\"2024-06-01T14:51:10+00:00\",\"dateModified\":\"2024-06-01T14:51:10+00:00\",\"mainEntityOfPage\":{\"@id\":\"https:\/\/elmawkie.dz\/fr\/arrivee-de-plus-de-9-200-pelerins-algeriens-a-la-mecque\/\"},\"wordCount\":210,\"commentCount\":0,\"publisher\":{\"@id\":\"https:\/\/elmawkie.dz\/fr\/#organization\"},\"image\":{\"@id\":\"https:\/\/elmawkie.dz\/fr\/arrivee-de-plus-de-9-200-pelerins-algeriens-a-la-mecque\/#primaryimage\"},\"thumbnailUrl\":\"https:\/\/elmawkie.dz\/fr\/wp-content\/uploads\/2024\/06\/Omra-et-Hadj.jpg\",\"articleSection\":[\"National\"],\"inLanguage\":\"fr-FR\",\"potentialAction\":[{\"@type\":\"CommentAction\",\"name\":\"Comment\",\"target\":[\"https:\/\/elmawkie.dz\/fr\/arrivee-de-plus-de-9-200-pelerins-algeriens-a-la-mecque\/#respond\"]}]},{\"@type\":\"WebPage\",\"@id\":\"https:\/\/elmawkie.dz\/fr\/arrivee-de-plus-de-9-200-pelerins-algeriens-a-la-mecque\/\",\"url\":\"https:\/\/elmawkie.dz\/fr\/arrivee-de-plus-de-9-200-pelerins-algeriens-a-la-mecque\/\",\"name\":\"Arriv\u00e9e de plus de 9.200 p\u00e8lerins alg\u00e9riens \u00e0 La Mecque - El Mawkie\",\"isPartOf\":{\"@id\":\"https:\/\/elmawkie.dz\/fr\/#website\"},\"primaryImageOfPage\":{\"@id\":\"https:\/\/elmawkie.dz\/fr\/arrivee-de-plus-de-9-200-pelerins-algeriens-a-la-mecque\/#primaryimage\"},\"image\":{\"@id\":\"https:\/\/elmawkie.dz\/fr\/arrivee-de-plus-de-9-200-pelerins-algeriens-a-la-mecque\/#primaryimage\"},\"thumbnailUrl\":\"https:\/\/elmawkie.dz\/fr\/wp-content\/uploads\/2024\/06\/Omra-et-Hadj.jpg\",\"datePublished\":\"2024-06-01T14:51:10+00:00\",\"dateModified\":\"2024-06-01T14:51:10+00:00\",\"breadcrumb\":{\"@id\":\"https:\/\/elmawkie.dz\/fr\/arrivee-de-plus-de-9-200-pelerins-algeriens-a-la-mecque\/#breadcrumb\"},\"inLanguage\":\"fr-FR\",\"potentialAction\":[{\"@type\":\"ReadAction\",\"target\":[\"https:\/\/elmawkie.dz\/fr\/arrivee-de-plus-de-9-200-pelerins-algeriens-a-la-mecque\/\"]}]},{\"@type\":\"ImageObject\",\"inLanguage\":\"fr-FR\",\"@id\":\"https:\/\/elmawkie.dz\/fr\/arrivee-de-plus-de-9-200-pelerins-algeriens-a-la-mecque\/#primaryimage\",\"url\":\"https:\/\/elmawkie.dz\/fr\/wp-content\/uploads\/2024\/06\/Omra-et-Hadj.jpg\",\"contentUrl\":\"https:\/\/elmawkie.dz\/fr\/wp-content\/uploads\/2024\/06\/Omra-et-Hadj.jpg\",\"width\":640,\"height\":480},{\"@type\":\"BreadcrumbList\",\"@id\":\"https:\/\/elmawkie.dz\/fr\/arrivee-de-plus-de-9-200-pelerins-algeriens-a-la-mecque\/#breadcrumb\",\"itemListElement\":[{\"@type\":\"ListItem\",\"position\":1,\"name\":\"Home\",\"item\":\"https:\/\/elmawkie.dz\/fr\/\"},{\"@type\":\"ListItem\",\"position\":2,\"name\":\"Arriv\u00e9e de plus de 9.200 p\u00e8lerins alg\u00e9riens \u00e0 La Mecque\"}]},{\"@type\":\"WebSite\",\"@id\":\"https:\/\/elmawkie.dz\/fr\/#website\",\"url\":\"https:\/\/elmawkie.dz\/fr\/\",\"name\":\"EL MAWKIE\",\"description\":\"Journal \u00c9lectronique Alg\u00e9rien\",\"publisher\":{\"@id\":\"https:\/\/elmawkie.dz\/fr\/#organization\"},\"potentialAction\":[{\"@type\":\"SearchAction\",\"target\":{\"@type\":\"EntryPoint\",\"urlTemplate\":\"https:\/\/elmawkie.dz\/fr\/?s={search_term_string}\"},\"query-input\":\"required name=search_term_string\"}],\"inLanguage\":\"fr-FR\"},{\"@type\":\"Organization\",\"@id\":\"https:\/\/elmawkie.dz\/fr\/#organization\",\"name\":\"EL MAWKIE\",\"url\":\"https:\/\/elmawkie.dz\/fr\/\",\"logo\":{\"@type\":\"ImageObject\",\"inLanguage\":\"fr-FR\",\"@id\":\"https:\/\/elmawkie.dz\/fr\/#\/schema\/logo\/image\/\",\"url\":\"https:\/\/elmawkie.dz\/fr\/wp-content\/uploads\/2024\/05\/logo1.png\",\"contentUrl\":\"https:\/\/elmawkie.dz\/fr\/wp-content\/uploads\/2024\/05\/logo1.png\",\"width\":1648,\"height\":652,\"caption\":\"EL MAWKIE\"},\"image\":{\"@id\":\"https:\/\/elmawkie.dz\/fr\/#\/schema\/logo\/image\/\"},\"sameAs\":[\"https:\/\/www.facebook.com\/profile.php?id=100088407094989&locale=fr_FR\"]},{\"@type\":\"Person\",\"@id\":\"https:\/\/elmawkie.dz\/fr\/#\/schema\/person\/4ed8433201bc23634185d8dd37097c64\",\"name\":\"Hamra Fouzia\",\"image\":{\"@type\":\"ImageObject\",\"inLanguage\":\"fr-FR\",\"@id\":\"https:\/\/elmawkie.dz\/fr\/#\/schema\/person\/image\/\",\"url\":\"https:\/\/secure.gravatar.com\/avatar\/ea215268aad51f3219f9a59227db6fa1?s=96&d=mm&r=g\",\"contentUrl\":\"https:\/\/secure.gravatar.com\/avatar\/ea215268aad51f3219f9a59227db6fa1?s=96&d=mm&r=g\",\"caption\":\"Hamra Fouzia\"},\"sameAs\":[\"https:\/\/elmawkie.dz\/fr\"],\"url\":\"https:\/\/elmawkie.dz\/fr\/author\/elmawkie\/\"}]}<\/script>\n<!-- \/ Yoast SEO Premium plugin. -->","yoast_head_json":{"title":"Arriv\u00e9e de plus de 9.200 p\u00e8lerins alg\u00e9riens \u00e0 La Mecque - El Mawkie","robots":{"index":"index","follow":"follow","max-snippet":"max-snippet:-1","max-image-preview":"max-image-preview:large","max-video-preview":"max-video-preview:-1"},"canonical":"https:\/\/elmawkie.dz\/fr\/arrivee-de-plus-de-9-200-pelerins-algeriens-a-la-mecque\/","og_locale":"fr_FR","og_type":"article","og_title":"Arriv\u00e9e de plus de 9.200 p\u00e8lerins alg\u00e9riens \u00e0 La Mecque","og_description":"Plus de 9.200 p\u00e8lerins alg\u00e9riens sont arriv\u00e9s \u00e0 La Mecque jusqu&rsquo;\u00e0 vendredi, a-t-on appris aupr\u00e8s de la Mission alg\u00e9rienne du hadj. Le chef adjoint du Centre de La Mecque, charg\u00e9 de l&rsquo;accueil, du logement et des d\u00e9placements, Youcef Baroud, a pr\u00e9cis\u00e9 que plus de 9.200 p\u00e8lerins alg\u00e9riens \u00e9taient arriv\u00e9s \u00e0 La Mecque jusqu&rsquo;\u00e0 vendredi, dont &hellip;","og_url":"https:\/\/elmawkie.dz\/fr\/arrivee-de-plus-de-9-200-pelerins-algeriens-a-la-mecque\/","og_site_name":"El Mawkie","article_publisher":"https:\/\/www.facebook.com\/profile.php?id=100088407094989&locale=fr_FR","article_published_time":"2024-06-01T14:51:10+00:00","og_image":[{"width":640,"height":480,"url":"https:\/\/elmawkie.dz\/fr\/wp-content\/uploads\/2024\/06\/Omra-et-Hadj.jpg","type":"image\/jpeg"}],"author":"Hamra Fouzia","twitter_card":"summary_large_image","twitter_misc":{"Written by":"Hamra Fouzia","Est. reading time":"2 minutes"},"schema":{"@context":"https:\/\/schema.org","@graph":[{"@type":"Article","@id":"https:\/\/elmawkie.dz\/fr\/arrivee-de-plus-de-9-200-pelerins-algeriens-a-la-mecque\/#article","isPartOf":{"@id":"https:\/\/elmawkie.dz\/fr\/arrivee-de-plus-de-9-200-pelerins-algeriens-a-la-mecque\/"},"author":{"name":"Hamra Fouzia","@id":"https:\/\/elmawkie.dz\/fr\/#\/schema\/person\/4ed8433201bc23634185d8dd37097c64"},"headline":"Arriv\u00e9e de plus de 9.200 p\u00e8lerins alg\u00e9riens \u00e0 La Mecque","datePublished":"2024-06-01T14:51:10+00:00","dateModified":"2024-06-01T14:51:10+00:00","mainEntityOfPage":{"@id":"https:\/\/elmawkie.dz\/fr\/arrivee-de-plus-de-9-200-pelerins-algeriens-a-la-mecque\/"},"wordCount":210,"commentCount":0,"publisher":{"@id":"https:\/\/elmawkie.dz\/fr\/#organization"},"image":{"@id":"https:\/\/elmawkie.dz\/fr\/arrivee-de-plus-de-9-200-pelerins-algeriens-a-la-mecque\/#primaryimage"},"thumbnailUrl":"https:\/\/elmawkie.dz\/fr\/wp-content\/uploads\/2024\/06\/Omra-et-Hadj.jpg","articleSection":["National"],"inLanguage":"fr-FR","potentialAction":[{"@type":"CommentAction","name":"Comment","target":["https:\/\/elmawkie.dz\/fr\/arrivee-de-plus-de-9-200-pelerins-algeriens-a-la-mecque\/#respond"]}]},{"@type":"WebPage","@id":"https:\/\/elmawkie.dz\/fr\/arrivee-de-plus-de-9-200-pelerins-algeriens-a-la-mecque\/","url":"https:\/\/elmawkie.dz\/fr\/arrivee-de-plus-de-9-200-pelerins-algeriens-a-la-mecque\/","name":"Arriv\u00e9e de plus de 9.200 p\u00e8lerins alg\u00e9riens \u00e0 La Mecque - El Mawkie","isPartOf":{"@id":"https:\/\/elmawkie.dz\/fr\/#website"},"primaryImageOfPage":{"@id":"https:\/\/elmawkie.dz\/fr\/arrivee-de-plus-de-9-200-pelerins-algeriens-a-la-mecque\/#primaryimage"},"image":{"@id":"https:\/\/elmawkie.dz\/fr\/arrivee-de-plus-de-9-200-pelerins-algeriens-a-la-mecque\/#primaryimage"},"thumbnailUrl":"https:\/\/elmawkie.dz\/fr\/wp-content\/uploads\/2024\/06\/Omra-et-Hadj.jpg","datePublished":"2024-06-01T14:51:10+00:00","dateModified":"2024-06-01T14:51:10+00:00","breadcrumb":{"@id":"https:\/\/elmawkie.dz\/fr\/arrivee-de-plus-de-9-200-pelerins-algeriens-a-la-mecque\/#breadcrumb"},"inLanguage":"fr-FR","potentialAction":[{"@type":"ReadAction","target":["https:\/\/elmawkie.dz\/fr\/arrivee-de-plus-de-9-200-pelerins-algeriens-a-la-mecque\/"]}]},{"@type":"ImageObject","inLanguage":"fr-FR","@id":"https:\/\/elmawkie.dz\/fr\/arrivee-de-plus-de-9-200-pelerins-algeriens-a-la-mecque\/#primaryimage","url":"https:\/\/elmawkie.dz\/fr\/wp-content\/uploads\/2024\/06\/Omra-et-Hadj.jpg","contentUrl":"https:\/\/elmawkie.dz\/fr\/wp-content\/uploads\/2024\/06\/Omra-et-Hadj.jpg","width":640,"height":480},{"@type":"BreadcrumbList","@id":"https:\/\/elmawkie.dz\/fr\/arrivee-de-plus-de-9-200-pelerins-algeriens-a-la-mecque\/#breadcrumb","itemListElement":[{"@type":"ListItem","position":1,"name":"Home","item":"https:\/\/elmawkie.dz\/fr\/"},{"@type":"ListItem","position":2,"name":"Arriv\u00e9e de plus de 9.200 p\u00e8lerins alg\u00e9riens \u00e0 La Mecque"}]},{"@type":"WebSite","@id":"https:\/\/elmawkie.dz\/fr\/#website","url":"https:\/\/elmawkie.dz\/fr\/","name":"EL MAWKIE","description":"Journal \u00c9lectronique Alg\u00e9rien","publisher":{"@id":"https:\/\/elmawkie.dz\/fr\/#organization"},"potentialAction":[{"@type":"SearchAction","target":{"@type":"EntryPoint","urlTemplate":"https:\/\/elmawkie.dz\/fr\/?s={search_term_string}"},"query-input":"required name=search_term_string"}],"inLanguage":"fr-FR"},{"@type":"Organization","@id":"https:\/\/elmawkie.dz\/fr\/#organization","name":"EL MAWKIE","url":"https:\/\/elmawkie.dz\/fr\/","logo":{"@type":"ImageObject","inLanguage":"fr-FR","@id":"https:\/\/elmawkie.dz\/fr\/#\/schema\/logo\/image\/","url":"https:\/\/elmawkie.dz\/fr\/wp-content\/uploads\/2024\/05\/logo1.png","contentUrl":"https:\/\/elmawkie.dz\/fr\/wp-content\/uploads\/2024\/05\/logo1.png","width":1648,"height":652,"caption":"EL MAWKIE"},"image":{"@id":"https:\/\/elmawkie.dz\/fr\/#\/schema\/logo\/image\/"},"sameAs":["https:\/\/www.facebook.com\/profile.php?id=100088407094989&locale=fr_FR"]},{"@type":"Person","@id":"https:\/\/elmawkie.dz\/fr\/#\/schema\/person\/4ed8433201bc23634185d8dd37097c64","name":"Hamra Fouzia","image":{"@type":"ImageObject","inLanguage":"fr-FR","@id":"https:\/\/elmawkie.dz\/fr\/#\/schema\/person\/image\/","url":"https:\/\/secure.gravatar.com\/avatar\/ea215268aad51f3219f9a59227db6fa1?s=96&d=mm&r=g","contentUrl":"https:\/\/secure.gravatar.com\/avatar\/ea215268aad51f3219f9a59227db6fa1?s=96&d=mm&r=g","caption":"Hamra Fouzia"},"sameAs":["https:\/\/elmawkie.dz\/fr"],"url":"https:\/\/elmawkie.dz\/fr\/author\/elmawkie\/"}]}},"_links":{"self":[{"href":"https:\/\/elmawkie.dz\/fr\/wp-json\/wp\/v2\/posts\/1410","targetHints":{"allow":["GET"]}}],"collection":[{"href":"https:\/\/elmawkie.dz\/fr\/wp-json\/wp\/v2\/posts"}],"about":[{"href":"https:\/\/elmawkie.dz\/fr\/wp-json\/wp\/v2\/types\/post"}],"author":[{"embeddable":true,"href":"https:\/\/elmawkie.dz\/fr\/wp-json\/wp\/v2\/users\/3"}],"replies":[{"embeddable":true,"href":"https:\/\/elmawkie.dz\/fr\/wp-json\/wp\/v2\/comments?post=1410"}],"version-history":[{"count":0,"href":"https:\/\/elmawkie.dz\/fr\/wp-json\/wp\/v2\/posts\/1410\/revisions"}],"wp:featuredmedia":[{"embeddable":true,"href":"https:\/\/elmawkie.dz\/fr\/wp-json\/wp\/v2\/media\/1411"}],"wp:attachment":[{"href":"https:\/\/elmawkie.dz\/fr\/wp-json\/wp\/v2\/media?parent=1410"}],"wp:term":[{"taxonomy":"category","embeddable":true,"href":"https:\/\/elmawkie.dz\/fr\/wp-json\/wp\/v2\/categories?post=1410"},{"taxonomy":"post_tag","embeddable":true,"href":"https:\/\/elmawkie.dz\/fr\/wp-json\/wp\/v2\/tags?post=1410"}],"curies":[{"name":"wp","href":"https:\/\/api.w.org\/{rel}","templated":true}]}}