{"id":1399,"date":"2024-05-31T15:19:31","date_gmt":"2024-05-31T14:19:31","guid":{"rendered":"https:\/\/elmawkie.dz\/fr\/?p=1399"},"modified":"2024-05-31T15:19:31","modified_gmt":"2024-05-31T14:19:31","slug":"oran-de-nouveaux-etablissements-pour-la-prochaine-rentree-scolaire","status":"publish","type":"post","link":"https:\/\/elmawkie.dz\/fr\/oran-de-nouveaux-etablissements-pour-la-prochaine-rentree-scolaire\/","title":{"rendered":"Oran : de nouveaux \u00e9tablissements pour la prochaine rentr\u00e9e scolaire"},"content":{"rendered":"<p>Afin d\u2019\u00eatre pr\u00eats pour la nouvelle ann\u00e9e scolaire, les responsables des communes et ceux de la direction de l\u2019Education ont d\u2019ores et d\u00e9j\u00e0 mis le cap sur la prochaine rentr\u00e9e. Plusieurs \u00e9tablissements scolaires des trois paliers seront r\u00e9ceptionn\u00e9s en plus d\u2019une campagne de r\u00e9habilitation qui touche les \u00e9tablissements en service. L\u2019ann\u00e9e scolaire 2024\/2025 sera marqu\u00e9e par la r\u00e9ception de 19 groupements, 22 CEM et 12 lyc\u00e9es. Les nouveaux quartiers r\u00e9sidentiels \u00e0 Bir El Djir, Oued Tl\u00e9lat et Misserghine se tailleront la part du lion, eux qui ont \u00e9t\u00e9 les plus touch\u00e9s par la crise des \u00e9tablissements scolaires durant les ann\u00e9es pr\u00e9c\u00e9dentes. D\u00e9sormais, l\u2019Etat a mis le paquet, afin de rattraper le retard, et r\u00e9aliser ces \u00e9tablissements qui \u00e9viteront aux parents et aux \u00e9l\u00e8ves les tracas des d\u00e9placements. Dans le m\u00eame contexte, le volet des cantines scolaires est \u00e9galement pris en consid\u00e9ration, avec une op\u00e9ration d\u2019\u00e9quipement \u00e0 travers la wilaya. Ces cantines seront r\u00e9alis\u00e9es au niveau des nouvelles \u00e9coles ainsi que celles qui n\u2019ont pas \u00e9t\u00e9 encore \u00e9quip\u00e9es. Par cette op\u00e9ration, la direction de l\u2019Education atteindra un taux tr\u00e8s avanc\u00e9 de couverture de la restauration au niveau des \u00e9tablissements scolaires. Lors de l\u2019ann\u00e9e derni\u00e8re, un grand nombre d\u2019\u00e9coles et de groupements scolaires a \u00e9t\u00e9 inaugur\u00e9, avec tout ce qui va avec, notamment en termes de ressources humaines, notamment les femmes de m\u00e9nage et les cuisiniers. La tutelle affirme que cette op\u00e9ration est men\u00e9e en coordination avec les communes abritant ces \u00e9tablissements.<\/p>\n<p>J.M<\/p>\n","protected":false},"excerpt":{"rendered":"<p>Afin d\u2019\u00eatre pr\u00eats pour la nouvelle ann\u00e9e scolaire, les responsables des communes et ceux de la direction de l\u2019Education ont d\u2019ores et d\u00e9j\u00e0 mis le cap sur la prochaine rentr\u00e9e. Plusieurs \u00e9tablissements scolaires des trois paliers seront r\u00e9ceptionn\u00e9s en plus d\u2019une campagne de r\u00e9habilitation qui touche les \u00e9tablissements en service. L\u2019ann\u00e9e scolaire 2024\/2025 sera marqu\u00e9e &hellip;<\/p>\n","protected":false},"author":3,"featured_media":1400,"comment_status":"open","ping_status":"open","sticky":false,"template":"","format":"standard","meta":{"footnotes":""},"categories":[50],"tags":[],"class_list":["post-1399","post","type-post","status-publish","format-standard","has-post-thumbnail","hentry","category-region"],"yoast_head":"<!-- This site is optimized with the Yoast SEO Premium plugin v22.6 (Yoast SEO v22.6) - https:\/\/yoast.com\/wordpress\/plugins\/seo\/ -->\n<title>Oran : de nouveaux \u00e9tablissements pour la prochaine rentr\u00e9e scolaire - El Mawkie<\/title>\n<meta name=\"robots\" content=\"index, follow, max-snippet:-1, max-image-preview:large, max-video-preview:-1\" \/>\n<link rel=\"canonical\" href=\"https:\/\/elmawkie.dz\/fr\/oran-de-nouveaux-etablissements-pour-la-prochaine-rentree-scolaire\/\" \/>\n<meta property=\"og:locale\" content=\"fr_FR\" \/>\n<meta property=\"og:type\" content=\"article\" \/>\n<meta property=\"og:title\" content=\"Oran : de nouveaux \u00e9tablissements pour la prochaine rentr\u00e9e scolaire\" \/>\n<meta property=\"og:description\" content=\"Afin d\u2019\u00eatre pr\u00eats pour la nouvelle ann\u00e9e scolaire, les responsables des communes et ceux de la direction de l\u2019Education ont d\u2019ores et d\u00e9j\u00e0 mis le cap sur la prochaine rentr\u00e9e. Plusieurs \u00e9tablissements scolaires des trois paliers seront r\u00e9ceptionn\u00e9s en plus d\u2019une campagne de r\u00e9habilitation qui touche les \u00e9tablissements en service. L\u2019ann\u00e9e scolaire 2024\/2025 sera marqu\u00e9e &hellip;\" \/>\n<meta property=\"og:url\" content=\"https:\/\/elmawkie.dz\/fr\/oran-de-nouveaux-etablissements-pour-la-prochaine-rentree-scolaire\/\" \/>\n<meta property=\"og:site_name\" content=\"El Mawkie\" \/>\n<meta property=\"article:publisher\" content=\"https:\/\/www.facebook.com\/profile.php?id=100088407094989&amp;locale=fr_FR\" \/>\n<meta property=\"article:published_time\" content=\"2024-05-31T14:19:31+00:00\" \/>\n<meta property=\"og:image\" content=\"https:\/\/elmawkie.dz\/fr\/wp-content\/uploads\/2024\/05\/ecole-algerie.jpg\" \/>\n\t<meta property=\"og:image:width\" content=\"745\" \/>\n\t<meta property=\"og:image:height\" content=\"470\" \/>\n\t<meta property=\"og:image:type\" content=\"image\/jpeg\" \/>\n<meta name=\"author\" content=\"Hamra Fouzia\" \/>\n<meta name=\"twitter:card\" content=\"summary_large_image\" \/>\n<meta name=\"twitter:label1\" content=\"Written by\" \/>\n\t<meta name=\"twitter:data1\" content=\"Hamra Fouzia\" \/>\n\t<meta name=\"twitter:label2\" content=\"Est. reading time\" \/>\n\t<meta name=\"twitter:data2\" content=\"2 minutes\" \/>\n<script type=\"application\/ld+json\" class=\"yoast-schema-graph\">{\"@context\":\"https:\/\/schema.org\",\"@graph\":[{\"@type\":\"Article\",\"@id\":\"https:\/\/elmawkie.dz\/fr\/oran-de-nouveaux-etablissements-pour-la-prochaine-rentree-scolaire\/#article\",\"isPartOf\":{\"@id\":\"https:\/\/elmawkie.dz\/fr\/oran-de-nouveaux-etablissements-pour-la-prochaine-rentree-scolaire\/\"},\"author\":{\"name\":\"Hamra Fouzia\",\"@id\":\"https:\/\/elmawkie.dz\/fr\/#\/schema\/person\/4ed8433201bc23634185d8dd37097c64\"},\"headline\":\"Oran : de nouveaux \u00e9tablissements pour la prochaine rentr\u00e9e scolaire\",\"datePublished\":\"2024-05-31T14:19:31+00:00\",\"dateModified\":\"2024-05-31T14:19:31+00:00\",\"mainEntityOfPage\":{\"@id\":\"https:\/\/elmawkie.dz\/fr\/oran-de-nouveaux-etablissements-pour-la-prochaine-rentree-scolaire\/\"},\"wordCount\":291,\"commentCount\":0,\"publisher\":{\"@id\":\"https:\/\/elmawkie.dz\/fr\/#organization\"},\"image\":{\"@id\":\"https:\/\/elmawkie.dz\/fr\/oran-de-nouveaux-etablissements-pour-la-prochaine-rentree-scolaire\/#primaryimage\"},\"thumbnailUrl\":\"https:\/\/elmawkie.dz\/fr\/wp-content\/uploads\/2024\/05\/ecole-algerie.jpg\",\"articleSection\":[\"R\u00e9gion\"],\"inLanguage\":\"fr-FR\",\"potentialAction\":[{\"@type\":\"CommentAction\",\"name\":\"Comment\",\"target\":[\"https:\/\/elmawkie.dz\/fr\/oran-de-nouveaux-etablissements-pour-la-prochaine-rentree-scolaire\/#respond\"]}]},{\"@type\":\"WebPage\",\"@id\":\"https:\/\/elmawkie.dz\/fr\/oran-de-nouveaux-etablissements-pour-la-prochaine-rentree-scolaire\/\",\"url\":\"https:\/\/elmawkie.dz\/fr\/oran-de-nouveaux-etablissements-pour-la-prochaine-rentree-scolaire\/\",\"name\":\"Oran : de nouveaux \u00e9tablissements pour la prochaine rentr\u00e9e scolaire - El Mawkie\",\"isPartOf\":{\"@id\":\"https:\/\/elmawkie.dz\/fr\/#website\"},\"primaryImageOfPage\":{\"@id\":\"https:\/\/elmawkie.dz\/fr\/oran-de-nouveaux-etablissements-pour-la-prochaine-rentree-scolaire\/#primaryimage\"},\"image\":{\"@id\":\"https:\/\/elmawkie.dz\/fr\/oran-de-nouveaux-etablissements-pour-la-prochaine-rentree-scolaire\/#primaryimage\"},\"thumbnailUrl\":\"https:\/\/elmawkie.dz\/fr\/wp-content\/uploads\/2024\/05\/ecole-algerie.jpg\",\"datePublished\":\"2024-05-31T14:19:31+00:00\",\"dateModified\":\"2024-05-31T14:19:31+00:00\",\"breadcrumb\":{\"@id\":\"https:\/\/elmawkie.dz\/fr\/oran-de-nouveaux-etablissements-pour-la-prochaine-rentree-scolaire\/#breadcrumb\"},\"inLanguage\":\"fr-FR\",\"potentialAction\":[{\"@type\":\"ReadAction\",\"target\":[\"https:\/\/elmawkie.dz\/fr\/oran-de-nouveaux-etablissements-pour-la-prochaine-rentree-scolaire\/\"]}]},{\"@type\":\"ImageObject\",\"inLanguage\":\"fr-FR\",\"@id\":\"https:\/\/elmawkie.dz\/fr\/oran-de-nouveaux-etablissements-pour-la-prochaine-rentree-scolaire\/#primaryimage\",\"url\":\"https:\/\/elmawkie.dz\/fr\/wp-content\/uploads\/2024\/05\/ecole-algerie.jpg\",\"contentUrl\":\"https:\/\/elmawkie.dz\/fr\/wp-content\/uploads\/2024\/05\/ecole-algerie.jpg\",\"width\":745,\"height\":470},{\"@type\":\"BreadcrumbList\",\"@id\":\"https:\/\/elmawkie.dz\/fr\/oran-de-nouveaux-etablissements-pour-la-prochaine-rentree-scolaire\/#breadcrumb\",\"itemListElement\":[{\"@type\":\"ListItem\",\"position\":1,\"name\":\"Home\",\"item\":\"https:\/\/elmawkie.dz\/fr\/\"},{\"@type\":\"ListItem\",\"position\":2,\"name\":\"Oran : de nouveaux \u00e9tablissements pour la prochaine rentr\u00e9e scolaire\"}]},{\"@type\":\"WebSite\",\"@id\":\"https:\/\/elmawkie.dz\/fr\/#website\",\"url\":\"https:\/\/elmawkie.dz\/fr\/\",\"name\":\"EL MAWKIE\",\"description\":\"Journal \u00c9lectronique Alg\u00e9rien\",\"publisher\":{\"@id\":\"https:\/\/elmawkie.dz\/fr\/#organization\"},\"potentialAction\":[{\"@type\":\"SearchAction\",\"target\":{\"@type\":\"EntryPoint\",\"urlTemplate\":\"https:\/\/elmawkie.dz\/fr\/?s={search_term_string}\"},\"query-input\":\"required name=search_term_string\"}],\"inLanguage\":\"fr-FR\"},{\"@type\":\"Organization\",\"@id\":\"https:\/\/elmawkie.dz\/fr\/#organization\",\"name\":\"EL MAWKIE\",\"url\":\"https:\/\/elmawkie.dz\/fr\/\",\"logo\":{\"@type\":\"ImageObject\",\"inLanguage\":\"fr-FR\",\"@id\":\"https:\/\/elmawkie.dz\/fr\/#\/schema\/logo\/image\/\",\"url\":\"https:\/\/elmawkie.dz\/fr\/wp-content\/uploads\/2024\/05\/logo1.png\",\"contentUrl\":\"https:\/\/elmawkie.dz\/fr\/wp-content\/uploads\/2024\/05\/logo1.png\",\"width\":1648,\"height\":652,\"caption\":\"EL MAWKIE\"},\"image\":{\"@id\":\"https:\/\/elmawkie.dz\/fr\/#\/schema\/logo\/image\/\"},\"sameAs\":[\"https:\/\/www.facebook.com\/profile.php?id=100088407094989&locale=fr_FR\"]},{\"@type\":\"Person\",\"@id\":\"https:\/\/elmawkie.dz\/fr\/#\/schema\/person\/4ed8433201bc23634185d8dd37097c64\",\"name\":\"Hamra Fouzia\",\"image\":{\"@type\":\"ImageObject\",\"inLanguage\":\"fr-FR\",\"@id\":\"https:\/\/elmawkie.dz\/fr\/#\/schema\/person\/image\/\",\"url\":\"https:\/\/secure.gravatar.com\/avatar\/ea215268aad51f3219f9a59227db6fa1?s=96&d=mm&r=g\",\"contentUrl\":\"https:\/\/secure.gravatar.com\/avatar\/ea215268aad51f3219f9a59227db6fa1?s=96&d=mm&r=g\",\"caption\":\"Hamra Fouzia\"},\"sameAs\":[\"https:\/\/elmawkie.dz\/fr\"],\"url\":\"https:\/\/elmawkie.dz\/fr\/author\/elmawkie\/\"}]}<\/script>\n<!-- \/ Yoast SEO Premium plugin. -->","yoast_head_json":{"title":"Oran : de nouveaux \u00e9tablissements pour la prochaine rentr\u00e9e scolaire - El Mawkie","robots":{"index":"index","follow":"follow","max-snippet":"max-snippet:-1","max-image-preview":"max-image-preview:large","max-video-preview":"max-video-preview:-1"},"canonical":"https:\/\/elmawkie.dz\/fr\/oran-de-nouveaux-etablissements-pour-la-prochaine-rentree-scolaire\/","og_locale":"fr_FR","og_type":"article","og_title":"Oran : de nouveaux \u00e9tablissements pour la prochaine rentr\u00e9e scolaire","og_description":"Afin d\u2019\u00eatre pr\u00eats pour la nouvelle ann\u00e9e scolaire, les responsables des communes et ceux de la direction de l\u2019Education ont d\u2019ores et d\u00e9j\u00e0 mis le cap sur la prochaine rentr\u00e9e. Plusieurs \u00e9tablissements scolaires des trois paliers seront r\u00e9ceptionn\u00e9s en plus d\u2019une campagne de r\u00e9habilitation qui touche les \u00e9tablissements en service. L\u2019ann\u00e9e scolaire 2024\/2025 sera marqu\u00e9e &hellip;","og_url":"https:\/\/elmawkie.dz\/fr\/oran-de-nouveaux-etablissements-pour-la-prochaine-rentree-scolaire\/","og_site_name":"El Mawkie","article_publisher":"https:\/\/www.facebook.com\/profile.php?id=100088407094989&locale=fr_FR","article_published_time":"2024-05-31T14:19:31+00:00","og_image":[{"width":745,"height":470,"url":"https:\/\/elmawkie.dz\/fr\/wp-content\/uploads\/2024\/05\/ecole-algerie.jpg","type":"image\/jpeg"}],"author":"Hamra Fouzia","twitter_card":"summary_large_image","twitter_misc":{"Written by":"Hamra Fouzia","Est. reading time":"2 minutes"},"schema":{"@context":"https:\/\/schema.org","@graph":[{"@type":"Article","@id":"https:\/\/elmawkie.dz\/fr\/oran-de-nouveaux-etablissements-pour-la-prochaine-rentree-scolaire\/#article","isPartOf":{"@id":"https:\/\/elmawkie.dz\/fr\/oran-de-nouveaux-etablissements-pour-la-prochaine-rentree-scolaire\/"},"author":{"name":"Hamra Fouzia","@id":"https:\/\/elmawkie.dz\/fr\/#\/schema\/person\/4ed8433201bc23634185d8dd37097c64"},"headline":"Oran : de nouveaux \u00e9tablissements pour la prochaine rentr\u00e9e scolaire","datePublished":"2024-05-31T14:19:31+00:00","dateModified":"2024-05-31T14:19:31+00:00","mainEntityOfPage":{"@id":"https:\/\/elmawkie.dz\/fr\/oran-de-nouveaux-etablissements-pour-la-prochaine-rentree-scolaire\/"},"wordCount":291,"commentCount":0,"publisher":{"@id":"https:\/\/elmawkie.dz\/fr\/#organization"},"image":{"@id":"https:\/\/elmawkie.dz\/fr\/oran-de-nouveaux-etablissements-pour-la-prochaine-rentree-scolaire\/#primaryimage"},"thumbnailUrl":"https:\/\/elmawkie.dz\/fr\/wp-content\/uploads\/2024\/05\/ecole-algerie.jpg","articleSection":["R\u00e9gion"],"inLanguage":"fr-FR","potentialAction":[{"@type":"CommentAction","name":"Comment","target":["https:\/\/elmawkie.dz\/fr\/oran-de-nouveaux-etablissements-pour-la-prochaine-rentree-scolaire\/#respond"]}]},{"@type":"WebPage","@id":"https:\/\/elmawkie.dz\/fr\/oran-de-nouveaux-etablissements-pour-la-prochaine-rentree-scolaire\/","url":"https:\/\/elmawkie.dz\/fr\/oran-de-nouveaux-etablissements-pour-la-prochaine-rentree-scolaire\/","name":"Oran : de nouveaux \u00e9tablissements pour la prochaine rentr\u00e9e scolaire - El Mawkie","isPartOf":{"@id":"https:\/\/elmawkie.dz\/fr\/#website"},"primaryImageOfPage":{"@id":"https:\/\/elmawkie.dz\/fr\/oran-de-nouveaux-etablissements-pour-la-prochaine-rentree-scolaire\/#primaryimage"},"image":{"@id":"https:\/\/elmawkie.dz\/fr\/oran-de-nouveaux-etablissements-pour-la-prochaine-rentree-scolaire\/#primaryimage"},"thumbnailUrl":"https:\/\/elmawkie.dz\/fr\/wp-content\/uploads\/2024\/05\/ecole-algerie.jpg","datePublished":"2024-05-31T14:19:31+00:00","dateModified":"2024-05-31T14:19:31+00:00","breadcrumb":{"@id":"https:\/\/elmawkie.dz\/fr\/oran-de-nouveaux-etablissements-pour-la-prochaine-rentree-scolaire\/#breadcrumb"},"inLanguage":"fr-FR","potentialAction":[{"@type":"ReadAction","target":["https:\/\/elmawkie.dz\/fr\/oran-de-nouveaux-etablissements-pour-la-prochaine-rentree-scolaire\/"]}]},{"@type":"ImageObject","inLanguage":"fr-FR","@id":"https:\/\/elmawkie.dz\/fr\/oran-de-nouveaux-etablissements-pour-la-prochaine-rentree-scolaire\/#primaryimage","url":"https:\/\/elmawkie.dz\/fr\/wp-content\/uploads\/2024\/05\/ecole-algerie.jpg","contentUrl":"https:\/\/elmawkie.dz\/fr\/wp-content\/uploads\/2024\/05\/ecole-algerie.jpg","width":745,"height":470},{"@type":"BreadcrumbList","@id":"https:\/\/elmawkie.dz\/fr\/oran-de-nouveaux-etablissements-pour-la-prochaine-rentree-scolaire\/#breadcrumb","itemListElement":[{"@type":"ListItem","position":1,"name":"Home","item":"https:\/\/elmawkie.dz\/fr\/"},{"@type":"ListItem","position":2,"name":"Oran : de nouveaux \u00e9tablissements pour la prochaine rentr\u00e9e scolaire"}]},{"@type":"WebSite","@id":"https:\/\/elmawkie.dz\/fr\/#website","url":"https:\/\/elmawkie.dz\/fr\/","name":"EL MAWKIE","description":"Journal \u00c9lectronique Alg\u00e9rien","publisher":{"@id":"https:\/\/elmawkie.dz\/fr\/#organization"},"potentialAction":[{"@type":"SearchAction","target":{"@type":"EntryPoint","urlTemplate":"https:\/\/elmawkie.dz\/fr\/?s={search_term_string}"},"query-input":"required name=search_term_string"}],"inLanguage":"fr-FR"},{"@type":"Organization","@id":"https:\/\/elmawkie.dz\/fr\/#organization","name":"EL MAWKIE","url":"https:\/\/elmawkie.dz\/fr\/","logo":{"@type":"ImageObject","inLanguage":"fr-FR","@id":"https:\/\/elmawkie.dz\/fr\/#\/schema\/logo\/image\/","url":"https:\/\/elmawkie.dz\/fr\/wp-content\/uploads\/2024\/05\/logo1.png","contentUrl":"https:\/\/elmawkie.dz\/fr\/wp-content\/uploads\/2024\/05\/logo1.png","width":1648,"height":652,"caption":"EL MAWKIE"},"image":{"@id":"https:\/\/elmawkie.dz\/fr\/#\/schema\/logo\/image\/"},"sameAs":["https:\/\/www.facebook.com\/profile.php?id=100088407094989&locale=fr_FR"]},{"@type":"Person","@id":"https:\/\/elmawkie.dz\/fr\/#\/schema\/person\/4ed8433201bc23634185d8dd37097c64","name":"Hamra Fouzia","image":{"@type":"ImageObject","inLanguage":"fr-FR","@id":"https:\/\/elmawkie.dz\/fr\/#\/schema\/person\/image\/","url":"https:\/\/secure.gravatar.com\/avatar\/ea215268aad51f3219f9a59227db6fa1?s=96&d=mm&r=g","contentUrl":"https:\/\/secure.gravatar.com\/avatar\/ea215268aad51f3219f9a59227db6fa1?s=96&d=mm&r=g","caption":"Hamra Fouzia"},"sameAs":["https:\/\/elmawkie.dz\/fr"],"url":"https:\/\/elmawkie.dz\/fr\/author\/elmawkie\/"}]}},"_links":{"self":[{"href":"https:\/\/elmawkie.dz\/fr\/wp-json\/wp\/v2\/posts\/1399","targetHints":{"allow":["GET"]}}],"collection":[{"href":"https:\/\/elmawkie.dz\/fr\/wp-json\/wp\/v2\/posts"}],"about":[{"href":"https:\/\/elmawkie.dz\/fr\/wp-json\/wp\/v2\/types\/post"}],"author":[{"embeddable":true,"href":"https:\/\/elmawkie.dz\/fr\/wp-json\/wp\/v2\/users\/3"}],"replies":[{"embeddable":true,"href":"https:\/\/elmawkie.dz\/fr\/wp-json\/wp\/v2\/comments?post=1399"}],"version-history":[{"count":0,"href":"https:\/\/elmawkie.dz\/fr\/wp-json\/wp\/v2\/posts\/1399\/revisions"}],"wp:featuredmedia":[{"embeddable":true,"href":"https:\/\/elmawkie.dz\/fr\/wp-json\/wp\/v2\/media\/1400"}],"wp:attachment":[{"href":"https:\/\/elmawkie.dz\/fr\/wp-json\/wp\/v2\/media?parent=1399"}],"wp:term":[{"taxonomy":"category","embeddable":true,"href":"https:\/\/elmawkie.dz\/fr\/wp-json\/wp\/v2\/categories?post=1399"},{"taxonomy":"post_tag","embeddable":true,"href":"https:\/\/elmawkie.dz\/fr\/wp-json\/wp\/v2\/tags?post=1399"}],"curies":[{"name":"wp","href":"https:\/\/api.w.org\/{rel}","templated":true}]}}