{"id":1388,"date":"2024-05-31T14:57:37","date_gmt":"2024-05-31T13:57:37","guid":{"rendered":"https:\/\/elmawkie.dz\/fr\/?p=1388"},"modified":"2024-05-31T14:57:37","modified_gmt":"2024-05-31T13:57:37","slug":"les-budgets-des-festivals-culturels-fixes-par-un-arrete-interministeriel","status":"publish","type":"post","link":"https:\/\/elmawkie.dz\/fr\/les-budgets-des-festivals-culturels-fixes-par-un-arrete-interministeriel\/","title":{"rendered":"Les budgets des festivals culturels fix\u00e9s par un arr\u00eat\u00e9 interminist\u00e9riel"},"content":{"rendered":"<p style=\"font-weight: 400;\"><b><strong>Les cr\u00e9dits allou\u00e9s par le minist\u00e8re de la Culture et des Arts aux festivals culturels institutionnalis\u00e9s, internationaux, nationaux et locaux, sont fix\u00e9s par un arr\u00eat\u00e9 interminist\u00e9riel, paru au dernier Journal officiel.\u00a0<\/strong><\/b><\/p>\n<p style=\"font-weight: 400;\">Ainsi, les cr\u00e9dits allou\u00e9s aux festivals culturels internationaux sont fix\u00e9s \u00e0 quinze millions de dinars (15.000.000 DA), au minimum et \u00e0 cent cinquante millions de dinars (150.000.000DA) au maximum.<\/p>\n<p style=\"font-weight: 400;\">Pour ce qui est des cr\u00e9dits allou\u00e9s aux festivals nationaux, l&rsquo;affectation est fix\u00e9e de cinq millions de dinars (5.000.000 DA) au minimum, \u00e0 quinze millions de dinars (15.000.000 DA) au maximum.<\/p>\n<p style=\"font-weight: 400;\">Concernant les festivals culturels locaux, ces manifestations b\u00e9n\u00e9ficieront de cr\u00e9dits allant de deux millions de dinars (2.000.000 DA) \u00e0 six millions de dinars (6.000.000 DA).<\/p>\n<p style=\"font-weight: 400;\">L&rsquo;arr\u00eat\u00e9 interminist\u00e9riel du 28 avril dernier est sign\u00e9 par les ministres de la Culture et des Arts, Soraya Mouloudji, et des Finances, Laziz Faid.<\/p>\n<p style=\"font-weight: 400;\">Pour rappel, le nombre des festivals institutionnalis\u00e9s s&rsquo;\u00e9l\u00e8ve \u00e0 176, dont 29 internationaux, 33 nationaux et 114 locaux, d\u00e9di\u00e9s \u00e0 domaines artistiques notamment le cin\u00e9ma, le th\u00e9\u00e2tre, la musique, la danse, litt\u00e9rature, le livre ainsi que les arts populaires et plastiques.<\/p>\n<p style=\"font-weight: 400;\"><b><strong>APS<\/strong><\/b><\/p>\n","protected":false},"excerpt":{"rendered":"<p>Les cr\u00e9dits allou\u00e9s par le minist\u00e8re de la Culture et des Arts aux festivals culturels institutionnalis\u00e9s, internationaux, nationaux et locaux, sont fix\u00e9s par un arr\u00eat\u00e9 interminist\u00e9riel, paru au dernier Journal officiel.\u00a0 Ainsi, les cr\u00e9dits allou\u00e9s aux festivals culturels internationaux sont fix\u00e9s \u00e0 quinze millions de dinars (15.000.000 DA), au minimum et \u00e0 cent cinquante millions &hellip;<\/p>\n","protected":false},"author":3,"featured_media":1389,"comment_status":"open","ping_status":"open","sticky":false,"template":"","format":"standard","meta":{"footnotes":""},"categories":[3],"tags":[],"class_list":["post-1388","post","type-post","status-publish","format-standard","has-post-thumbnail","hentry","category-bs-culture"],"yoast_head":"<!-- This site is optimized with the Yoast SEO Premium plugin v22.6 (Yoast SEO v22.6) - https:\/\/yoast.com\/wordpress\/plugins\/seo\/ -->\n<title>Les budgets des festivals culturels fix\u00e9s par un arr\u00eat\u00e9 interminist\u00e9riel - El Mawkie<\/title>\n<meta name=\"robots\" content=\"index, follow, max-snippet:-1, max-image-preview:large, max-video-preview:-1\" \/>\n<link rel=\"canonical\" href=\"https:\/\/elmawkie.dz\/fr\/les-budgets-des-festivals-culturels-fixes-par-un-arrete-interministeriel\/\" \/>\n<meta property=\"og:locale\" content=\"fr_FR\" \/>\n<meta property=\"og:type\" content=\"article\" \/>\n<meta property=\"og:title\" content=\"Les budgets des festivals culturels fix\u00e9s par un arr\u00eat\u00e9 interminist\u00e9riel\" \/>\n<meta property=\"og:description\" content=\"Les cr\u00e9dits allou\u00e9s par le minist\u00e8re de la Culture et des Arts aux festivals culturels institutionnalis\u00e9s, internationaux, nationaux et locaux, sont fix\u00e9s par un arr\u00eat\u00e9 interminist\u00e9riel, paru au dernier Journal officiel.\u00a0 Ainsi, les cr\u00e9dits allou\u00e9s aux festivals culturels internationaux sont fix\u00e9s \u00e0 quinze millions de dinars (15.000.000 DA), au minimum et \u00e0 cent cinquante millions &hellip;\" \/>\n<meta property=\"og:url\" content=\"https:\/\/elmawkie.dz\/fr\/les-budgets-des-festivals-culturels-fixes-par-un-arrete-interministeriel\/\" \/>\n<meta property=\"og:site_name\" content=\"El Mawkie\" \/>\n<meta property=\"article:publisher\" content=\"https:\/\/www.facebook.com\/profile.php?id=100088407094989&amp;locale=fr_FR\" \/>\n<meta property=\"article:published_time\" content=\"2024-05-31T13:57:37+00:00\" \/>\n<meta property=\"og:image\" content=\"https:\/\/elmawkie.dz\/fr\/wp-content\/uploads\/2024\/05\/imedghassen-festival.jpg\" \/>\n\t<meta property=\"og:image:width\" content=\"679\" \/>\n\t<meta property=\"og:image:height\" content=\"452\" \/>\n\t<meta property=\"og:image:type\" content=\"image\/jpeg\" \/>\n<meta name=\"author\" content=\"Hamra Fouzia\" \/>\n<meta name=\"twitter:card\" content=\"summary_large_image\" \/>\n<meta name=\"twitter:label1\" content=\"Written by\" \/>\n\t<meta name=\"twitter:data1\" content=\"Hamra Fouzia\" \/>\n\t<meta name=\"twitter:label2\" content=\"Est. reading time\" \/>\n\t<meta name=\"twitter:data2\" content=\"2 minutes\" \/>\n<script type=\"application\/ld+json\" class=\"yoast-schema-graph\">{\"@context\":\"https:\/\/schema.org\",\"@graph\":[{\"@type\":\"Article\",\"@id\":\"https:\/\/elmawkie.dz\/fr\/les-budgets-des-festivals-culturels-fixes-par-un-arrete-interministeriel\/#article\",\"isPartOf\":{\"@id\":\"https:\/\/elmawkie.dz\/fr\/les-budgets-des-festivals-culturels-fixes-par-un-arrete-interministeriel\/\"},\"author\":{\"name\":\"Hamra Fouzia\",\"@id\":\"https:\/\/elmawkie.dz\/fr\/#\/schema\/person\/4ed8433201bc23634185d8dd37097c64\"},\"headline\":\"Les budgets des festivals culturels fix\u00e9s par un arr\u00eat\u00e9 interminist\u00e9riel\",\"datePublished\":\"2024-05-31T13:57:37+00:00\",\"dateModified\":\"2024-05-31T13:57:37+00:00\",\"mainEntityOfPage\":{\"@id\":\"https:\/\/elmawkie.dz\/fr\/les-budgets-des-festivals-culturels-fixes-par-un-arrete-interministeriel\/\"},\"wordCount\":207,\"commentCount\":0,\"publisher\":{\"@id\":\"https:\/\/elmawkie.dz\/fr\/#organization\"},\"image\":{\"@id\":\"https:\/\/elmawkie.dz\/fr\/les-budgets-des-festivals-culturels-fixes-par-un-arrete-interministeriel\/#primaryimage\"},\"thumbnailUrl\":\"https:\/\/elmawkie.dz\/fr\/wp-content\/uploads\/2024\/05\/imedghassen-festival.jpg\",\"articleSection\":[\"Culture\"],\"inLanguage\":\"fr-FR\",\"potentialAction\":[{\"@type\":\"CommentAction\",\"name\":\"Comment\",\"target\":[\"https:\/\/elmawkie.dz\/fr\/les-budgets-des-festivals-culturels-fixes-par-un-arrete-interministeriel\/#respond\"]}]},{\"@type\":\"WebPage\",\"@id\":\"https:\/\/elmawkie.dz\/fr\/les-budgets-des-festivals-culturels-fixes-par-un-arrete-interministeriel\/\",\"url\":\"https:\/\/elmawkie.dz\/fr\/les-budgets-des-festivals-culturels-fixes-par-un-arrete-interministeriel\/\",\"name\":\"Les budgets des festivals culturels fix\u00e9s par un arr\u00eat\u00e9 interminist\u00e9riel - El Mawkie\",\"isPartOf\":{\"@id\":\"https:\/\/elmawkie.dz\/fr\/#website\"},\"primaryImageOfPage\":{\"@id\":\"https:\/\/elmawkie.dz\/fr\/les-budgets-des-festivals-culturels-fixes-par-un-arrete-interministeriel\/#primaryimage\"},\"image\":{\"@id\":\"https:\/\/elmawkie.dz\/fr\/les-budgets-des-festivals-culturels-fixes-par-un-arrete-interministeriel\/#primaryimage\"},\"thumbnailUrl\":\"https:\/\/elmawkie.dz\/fr\/wp-content\/uploads\/2024\/05\/imedghassen-festival.jpg\",\"datePublished\":\"2024-05-31T13:57:37+00:00\",\"dateModified\":\"2024-05-31T13:57:37+00:00\",\"breadcrumb\":{\"@id\":\"https:\/\/elmawkie.dz\/fr\/les-budgets-des-festivals-culturels-fixes-par-un-arrete-interministeriel\/#breadcrumb\"},\"inLanguage\":\"fr-FR\",\"potentialAction\":[{\"@type\":\"ReadAction\",\"target\":[\"https:\/\/elmawkie.dz\/fr\/les-budgets-des-festivals-culturels-fixes-par-un-arrete-interministeriel\/\"]}]},{\"@type\":\"ImageObject\",\"inLanguage\":\"fr-FR\",\"@id\":\"https:\/\/elmawkie.dz\/fr\/les-budgets-des-festivals-culturels-fixes-par-un-arrete-interministeriel\/#primaryimage\",\"url\":\"https:\/\/elmawkie.dz\/fr\/wp-content\/uploads\/2024\/05\/imedghassen-festival.jpg\",\"contentUrl\":\"https:\/\/elmawkie.dz\/fr\/wp-content\/uploads\/2024\/05\/imedghassen-festival.jpg\",\"width\":679,\"height\":452},{\"@type\":\"BreadcrumbList\",\"@id\":\"https:\/\/elmawkie.dz\/fr\/les-budgets-des-festivals-culturels-fixes-par-un-arrete-interministeriel\/#breadcrumb\",\"itemListElement\":[{\"@type\":\"ListItem\",\"position\":1,\"name\":\"Home\",\"item\":\"https:\/\/elmawkie.dz\/fr\/\"},{\"@type\":\"ListItem\",\"position\":2,\"name\":\"Les budgets des festivals culturels fix\u00e9s par un arr\u00eat\u00e9 interminist\u00e9riel\"}]},{\"@type\":\"WebSite\",\"@id\":\"https:\/\/elmawkie.dz\/fr\/#website\",\"url\":\"https:\/\/elmawkie.dz\/fr\/\",\"name\":\"EL MAWKIE\",\"description\":\"Journal \u00c9lectronique Alg\u00e9rien\",\"publisher\":{\"@id\":\"https:\/\/elmawkie.dz\/fr\/#organization\"},\"potentialAction\":[{\"@type\":\"SearchAction\",\"target\":{\"@type\":\"EntryPoint\",\"urlTemplate\":\"https:\/\/elmawkie.dz\/fr\/?s={search_term_string}\"},\"query-input\":\"required name=search_term_string\"}],\"inLanguage\":\"fr-FR\"},{\"@type\":\"Organization\",\"@id\":\"https:\/\/elmawkie.dz\/fr\/#organization\",\"name\":\"EL MAWKIE\",\"url\":\"https:\/\/elmawkie.dz\/fr\/\",\"logo\":{\"@type\":\"ImageObject\",\"inLanguage\":\"fr-FR\",\"@id\":\"https:\/\/elmawkie.dz\/fr\/#\/schema\/logo\/image\/\",\"url\":\"https:\/\/elmawkie.dz\/fr\/wp-content\/uploads\/2024\/05\/logo1.png\",\"contentUrl\":\"https:\/\/elmawkie.dz\/fr\/wp-content\/uploads\/2024\/05\/logo1.png\",\"width\":1648,\"height\":652,\"caption\":\"EL MAWKIE\"},\"image\":{\"@id\":\"https:\/\/elmawkie.dz\/fr\/#\/schema\/logo\/image\/\"},\"sameAs\":[\"https:\/\/www.facebook.com\/profile.php?id=100088407094989&locale=fr_FR\"]},{\"@type\":\"Person\",\"@id\":\"https:\/\/elmawkie.dz\/fr\/#\/schema\/person\/4ed8433201bc23634185d8dd37097c64\",\"name\":\"Hamra Fouzia\",\"image\":{\"@type\":\"ImageObject\",\"inLanguage\":\"fr-FR\",\"@id\":\"https:\/\/elmawkie.dz\/fr\/#\/schema\/person\/image\/\",\"url\":\"https:\/\/secure.gravatar.com\/avatar\/ea215268aad51f3219f9a59227db6fa1?s=96&d=mm&r=g\",\"contentUrl\":\"https:\/\/secure.gravatar.com\/avatar\/ea215268aad51f3219f9a59227db6fa1?s=96&d=mm&r=g\",\"caption\":\"Hamra Fouzia\"},\"sameAs\":[\"https:\/\/elmawkie.dz\/fr\"],\"url\":\"https:\/\/elmawkie.dz\/fr\/author\/elmawkie\/\"}]}<\/script>\n<!-- \/ Yoast SEO Premium plugin. -->","yoast_head_json":{"title":"Les budgets des festivals culturels fix\u00e9s par un arr\u00eat\u00e9 interminist\u00e9riel - El Mawkie","robots":{"index":"index","follow":"follow","max-snippet":"max-snippet:-1","max-image-preview":"max-image-preview:large","max-video-preview":"max-video-preview:-1"},"canonical":"https:\/\/elmawkie.dz\/fr\/les-budgets-des-festivals-culturels-fixes-par-un-arrete-interministeriel\/","og_locale":"fr_FR","og_type":"article","og_title":"Les budgets des festivals culturels fix\u00e9s par un arr\u00eat\u00e9 interminist\u00e9riel","og_description":"Les cr\u00e9dits allou\u00e9s par le minist\u00e8re de la Culture et des Arts aux festivals culturels institutionnalis\u00e9s, internationaux, nationaux et locaux, sont fix\u00e9s par un arr\u00eat\u00e9 interminist\u00e9riel, paru au dernier Journal officiel.\u00a0 Ainsi, les cr\u00e9dits allou\u00e9s aux festivals culturels internationaux sont fix\u00e9s \u00e0 quinze millions de dinars (15.000.000 DA), au minimum et \u00e0 cent cinquante millions &hellip;","og_url":"https:\/\/elmawkie.dz\/fr\/les-budgets-des-festivals-culturels-fixes-par-un-arrete-interministeriel\/","og_site_name":"El Mawkie","article_publisher":"https:\/\/www.facebook.com\/profile.php?id=100088407094989&locale=fr_FR","article_published_time":"2024-05-31T13:57:37+00:00","og_image":[{"width":679,"height":452,"url":"https:\/\/elmawkie.dz\/fr\/wp-content\/uploads\/2024\/05\/imedghassen-festival.jpg","type":"image\/jpeg"}],"author":"Hamra Fouzia","twitter_card":"summary_large_image","twitter_misc":{"Written by":"Hamra Fouzia","Est. reading time":"2 minutes"},"schema":{"@context":"https:\/\/schema.org","@graph":[{"@type":"Article","@id":"https:\/\/elmawkie.dz\/fr\/les-budgets-des-festivals-culturels-fixes-par-un-arrete-interministeriel\/#article","isPartOf":{"@id":"https:\/\/elmawkie.dz\/fr\/les-budgets-des-festivals-culturels-fixes-par-un-arrete-interministeriel\/"},"author":{"name":"Hamra Fouzia","@id":"https:\/\/elmawkie.dz\/fr\/#\/schema\/person\/4ed8433201bc23634185d8dd37097c64"},"headline":"Les budgets des festivals culturels fix\u00e9s par un arr\u00eat\u00e9 interminist\u00e9riel","datePublished":"2024-05-31T13:57:37+00:00","dateModified":"2024-05-31T13:57:37+00:00","mainEntityOfPage":{"@id":"https:\/\/elmawkie.dz\/fr\/les-budgets-des-festivals-culturels-fixes-par-un-arrete-interministeriel\/"},"wordCount":207,"commentCount":0,"publisher":{"@id":"https:\/\/elmawkie.dz\/fr\/#organization"},"image":{"@id":"https:\/\/elmawkie.dz\/fr\/les-budgets-des-festivals-culturels-fixes-par-un-arrete-interministeriel\/#primaryimage"},"thumbnailUrl":"https:\/\/elmawkie.dz\/fr\/wp-content\/uploads\/2024\/05\/imedghassen-festival.jpg","articleSection":["Culture"],"inLanguage":"fr-FR","potentialAction":[{"@type":"CommentAction","name":"Comment","target":["https:\/\/elmawkie.dz\/fr\/les-budgets-des-festivals-culturels-fixes-par-un-arrete-interministeriel\/#respond"]}]},{"@type":"WebPage","@id":"https:\/\/elmawkie.dz\/fr\/les-budgets-des-festivals-culturels-fixes-par-un-arrete-interministeriel\/","url":"https:\/\/elmawkie.dz\/fr\/les-budgets-des-festivals-culturels-fixes-par-un-arrete-interministeriel\/","name":"Les budgets des festivals culturels fix\u00e9s par un arr\u00eat\u00e9 interminist\u00e9riel - El Mawkie","isPartOf":{"@id":"https:\/\/elmawkie.dz\/fr\/#website"},"primaryImageOfPage":{"@id":"https:\/\/elmawkie.dz\/fr\/les-budgets-des-festivals-culturels-fixes-par-un-arrete-interministeriel\/#primaryimage"},"image":{"@id":"https:\/\/elmawkie.dz\/fr\/les-budgets-des-festivals-culturels-fixes-par-un-arrete-interministeriel\/#primaryimage"},"thumbnailUrl":"https:\/\/elmawkie.dz\/fr\/wp-content\/uploads\/2024\/05\/imedghassen-festival.jpg","datePublished":"2024-05-31T13:57:37+00:00","dateModified":"2024-05-31T13:57:37+00:00","breadcrumb":{"@id":"https:\/\/elmawkie.dz\/fr\/les-budgets-des-festivals-culturels-fixes-par-un-arrete-interministeriel\/#breadcrumb"},"inLanguage":"fr-FR","potentialAction":[{"@type":"ReadAction","target":["https:\/\/elmawkie.dz\/fr\/les-budgets-des-festivals-culturels-fixes-par-un-arrete-interministeriel\/"]}]},{"@type":"ImageObject","inLanguage":"fr-FR","@id":"https:\/\/elmawkie.dz\/fr\/les-budgets-des-festivals-culturels-fixes-par-un-arrete-interministeriel\/#primaryimage","url":"https:\/\/elmawkie.dz\/fr\/wp-content\/uploads\/2024\/05\/imedghassen-festival.jpg","contentUrl":"https:\/\/elmawkie.dz\/fr\/wp-content\/uploads\/2024\/05\/imedghassen-festival.jpg","width":679,"height":452},{"@type":"BreadcrumbList","@id":"https:\/\/elmawkie.dz\/fr\/les-budgets-des-festivals-culturels-fixes-par-un-arrete-interministeriel\/#breadcrumb","itemListElement":[{"@type":"ListItem","position":1,"name":"Home","item":"https:\/\/elmawkie.dz\/fr\/"},{"@type":"ListItem","position":2,"name":"Les budgets des festivals culturels fix\u00e9s par un arr\u00eat\u00e9 interminist\u00e9riel"}]},{"@type":"WebSite","@id":"https:\/\/elmawkie.dz\/fr\/#website","url":"https:\/\/elmawkie.dz\/fr\/","name":"EL MAWKIE","description":"Journal \u00c9lectronique Alg\u00e9rien","publisher":{"@id":"https:\/\/elmawkie.dz\/fr\/#organization"},"potentialAction":[{"@type":"SearchAction","target":{"@type":"EntryPoint","urlTemplate":"https:\/\/elmawkie.dz\/fr\/?s={search_term_string}"},"query-input":"required name=search_term_string"}],"inLanguage":"fr-FR"},{"@type":"Organization","@id":"https:\/\/elmawkie.dz\/fr\/#organization","name":"EL MAWKIE","url":"https:\/\/elmawkie.dz\/fr\/","logo":{"@type":"ImageObject","inLanguage":"fr-FR","@id":"https:\/\/elmawkie.dz\/fr\/#\/schema\/logo\/image\/","url":"https:\/\/elmawkie.dz\/fr\/wp-content\/uploads\/2024\/05\/logo1.png","contentUrl":"https:\/\/elmawkie.dz\/fr\/wp-content\/uploads\/2024\/05\/logo1.png","width":1648,"height":652,"caption":"EL MAWKIE"},"image":{"@id":"https:\/\/elmawkie.dz\/fr\/#\/schema\/logo\/image\/"},"sameAs":["https:\/\/www.facebook.com\/profile.php?id=100088407094989&locale=fr_FR"]},{"@type":"Person","@id":"https:\/\/elmawkie.dz\/fr\/#\/schema\/person\/4ed8433201bc23634185d8dd37097c64","name":"Hamra Fouzia","image":{"@type":"ImageObject","inLanguage":"fr-FR","@id":"https:\/\/elmawkie.dz\/fr\/#\/schema\/person\/image\/","url":"https:\/\/secure.gravatar.com\/avatar\/ea215268aad51f3219f9a59227db6fa1?s=96&d=mm&r=g","contentUrl":"https:\/\/secure.gravatar.com\/avatar\/ea215268aad51f3219f9a59227db6fa1?s=96&d=mm&r=g","caption":"Hamra Fouzia"},"sameAs":["https:\/\/elmawkie.dz\/fr"],"url":"https:\/\/elmawkie.dz\/fr\/author\/elmawkie\/"}]}},"_links":{"self":[{"href":"https:\/\/elmawkie.dz\/fr\/wp-json\/wp\/v2\/posts\/1388","targetHints":{"allow":["GET"]}}],"collection":[{"href":"https:\/\/elmawkie.dz\/fr\/wp-json\/wp\/v2\/posts"}],"about":[{"href":"https:\/\/elmawkie.dz\/fr\/wp-json\/wp\/v2\/types\/post"}],"author":[{"embeddable":true,"href":"https:\/\/elmawkie.dz\/fr\/wp-json\/wp\/v2\/users\/3"}],"replies":[{"embeddable":true,"href":"https:\/\/elmawkie.dz\/fr\/wp-json\/wp\/v2\/comments?post=1388"}],"version-history":[{"count":0,"href":"https:\/\/elmawkie.dz\/fr\/wp-json\/wp\/v2\/posts\/1388\/revisions"}],"wp:featuredmedia":[{"embeddable":true,"href":"https:\/\/elmawkie.dz\/fr\/wp-json\/wp\/v2\/media\/1389"}],"wp:attachment":[{"href":"https:\/\/elmawkie.dz\/fr\/wp-json\/wp\/v2\/media?parent=1388"}],"wp:term":[{"taxonomy":"category","embeddable":true,"href":"https:\/\/elmawkie.dz\/fr\/wp-json\/wp\/v2\/categories?post=1388"},{"taxonomy":"post_tag","embeddable":true,"href":"https:\/\/elmawkie.dz\/fr\/wp-json\/wp\/v2\/tags?post=1388"}],"curies":[{"name":"wp","href":"https:\/\/api.w.org\/{rel}","templated":true}]}}