{"id":1380,"date":"2024-05-31T14:36:26","date_gmt":"2024-05-31T13:36:26","guid":{"rendered":"https:\/\/elmawkie.dz\/fr\/?p=1380"},"modified":"2024-05-31T14:58:30","modified_gmt":"2024-05-31T13:58:30","slug":"attaf-plaide-depuis-pekin-pour-que-le-soutien-a-la-cause-palestinienne-soit-au-coeur-du-partenariat-sino-arabe","status":"publish","type":"post","link":"https:\/\/elmawkie.dz\/fr\/attaf-plaide-depuis-pekin-pour-que-le-soutien-a-la-cause-palestinienne-soit-au-coeur-du-partenariat-sino-arabe\/","title":{"rendered":"Attaf plaide depuis P\u00e9kin pour que le soutien \u00e0 la cause palestinienne soit au c\u0153ur du partenariat sino-arabe"},"content":{"rendered":"<p style=\"font-weight: 400;\"><b><strong>Le ministre des Affaires \u00e9trang\u00e8res et de la Communaut\u00e9 nationale \u00e0 l&rsquo;\u00e9tranger, Ahmed Attaf a mis en avant, jeudi depuis P\u00e9kin, les r\u00e9alisations accomplies au niveau international durant deux d\u00e9cennies de partenariat sino-arabe, des partenaires attach\u00e9s aux principes et aux valeurs consacr\u00e9s par la Charte des Nations unies, appelant \u00e0 mettre la d\u00e9fense de la cause palestinienne au c\u0153ur des priorit\u00e9s majeures de ce partenariat.<\/strong><\/b><\/p>\n<p style=\"font-weight: 400;\">Dans son allocution lors des travaux de la 10e R\u00e9union minist\u00e9rielle du Forum de coop\u00e9ration sino-arabe, M. Attaf a affirm\u00e9 que cette nouvelle \u00e9dition du Forum constituait une halte pour que tout un chacun puisse \u00ab\u00a0proc\u00e9der \u00e0 une \u00e9valuation, deux d\u00e9cennies apr\u00e8s la cr\u00e9ation de cet important m\u00e9canisme\u00a0\u00bb, une \u00e9valuation qu&rsquo;il a estim\u00e9e \u00ab\u00a0positive, au vu des r\u00e9alisations accomplies durant ces deux d\u00e9cennies de partenariat sino-arabe\u00a0\u00bb.<\/p>\n<p style=\"font-weight: 400;\">Cette \u00e9valuation positive \u00ab\u00a0nous permet de constater en toute honn\u00eatet\u00e9 et avec conviction, que nous avons r\u00e9ussi, de prime abord, \u00e0 consacrer notre convergence politique, \u00e0 approfondir notre partenariat \u00e9conomique et \u00e0 renforcer notre rapprochement culturel et humain. Nous avons r\u00e9ussi, aussi, \u00e0 am\u00e9liorer notre positionnement collectif en tant que partenaires pleinement attach\u00e9s aux principes, aux valeurs et aux id\u00e9aux de la Charte de l&rsquo;humanit\u00e9, la Charte de l&rsquo;ONU\u00a0\u00bb, a-t-il ajout\u00e9.<\/p>\n<p style=\"font-weight: 400;\">\u00ab\u00a0Nous avons r\u00e9ussi, en troisi\u00e8me lieu, \u00e0 \u00e9difier un mod\u00e8le de coop\u00e9ration et de partenariat (&#8230;) qui pourra servir d&rsquo;exemple \u00e0 suivre, pour encourager l&rsquo;\u00e9tablissement de relations \u00e9quilibr\u00e9es dans un monde connaissant un d\u00e9s\u00e9quilibre et une d\u00e9pr\u00e9ciation des valeurs, une accumulation des manifestations de la polarisation, des tiraillements et des confrontations, avec tout ce qu&rsquo;ils entrainent comme leurs lourdes cons\u00e9quences sur tous\u00a0\u00bb.<\/p>\n<p style=\"font-weight: 400;\">Partant de ces succ\u00e8s, M. Attaf a mis l&rsquo;accent sur la n\u00e9cessit\u00e9 pour \u00ab\u00a0le partenariat arabo-chinois de placer en t\u00eate de ses priorit\u00e9s majeures, en cette conjoncture, le soutien \u00e0 la cause palestinienne face \u00e0 l&rsquo;agression isra\u00e9lienne qui n&rsquo;a que trop dur\u00e9 contre Ghaza, victime d&rsquo;une barbarie et d&rsquo;une brutalit\u00e9 sans pr\u00e9c\u00e9dent dans l&rsquo;histoire de l&rsquo;humanit\u00e9\u00a0\u00bb.<\/p>\n<p style=\"font-weight: 400;\">Il a soulign\u00e9 l&rsquo;imp\u00e9ratif que la position commune vis-\u00e0-vis de cette cause juste, confirme \u00ab\u00a0aujourd&rsquo;hui, la responsabilit\u00e9 constante qui incombe \u00e0 la communaut\u00e9 internationale, notamment au Conseil de s\u00e9curit\u00e9\u00a0\u00bb, ajoutant que \u00ab\u00a0si ce Conseil a \u00e9chou\u00e9 \u00e0 emp\u00eacher les bombardements, la destruction, et le d\u00e9placement forc\u00e9 des populations de Ghaza, il devrait aujourd&rsquo;hui soutenir l&rsquo;\u00e9lan international croissant en faveur de la reconnaissance de l&rsquo;Etat de Palestine et son adh\u00e9sion en tant que membre de plein droit \u00e0 notre organisation onusienne, et mettre un terme \u00e0 des d\u00e9cennies d&rsquo;impunit\u00e9, et de non reddition de compte dont jouit l&rsquo;occupation isra\u00e9lienne coloniale\u00a0\u00bb, a-t-il relev\u00e9.<\/p>\n<p style=\"font-weight: 400;\">L&rsquo;occasion \u00e9tait pour M. Attaf de saluer \u00ab\u00a0la position honorable de la Chine vis-\u00e0-vis de l&rsquo;agression isra\u00e9lienne incessante contre Ghaza et de la question palestinienne dans son ensemble, ainsi que le soutien de ce pays ami depuis son si\u00e8ge permanent au Conseil de s\u00e9curit\u00e9 aux diff\u00e9rentes initiatives pr\u00e9sent\u00e9es par l&rsquo;Alg\u00e9rie en tant que membre arabe de ce m\u00eame Conseil, en soutien \u00e0 nos fr\u00e8res Palestiniens, y compris le projet de r\u00e9solution pr\u00e9sent\u00e9 il y a seulement deux jours concernant la situation d\u00e9sastreuse \u00e0 Rafah, en Palestine\u00a0\u00bb.<\/p>\n<p style=\"font-weight: 400;\">Au volet \u00e9conomique du partenariat sino-arabe, M. Attaf s&rsquo;est f\u00e9licit\u00e9 de la croissance continue du volume des \u00e9changes commerciaux bilat\u00e9raux, mettant en avant l&rsquo;adh\u00e9sion de tous les pays arabes \u00e0 l&rsquo;ambitieuse initiative de \u00ab\u00a0la Ceinture et la Route\u00a0\u00bb lanc\u00e9e par la Chine en 2013.<\/p>\n<p style=\"font-weight: 400;\">Dans ce contexte, le ministre a indiqu\u00e9 que \u00ab\u00a0l\u2019Alg\u00e9rie aspire \u00e0 davantage de r\u00e9alisations sur la voie du renforcement des investissements bilat\u00e9raux, en vue de hisser le partenariat sino-arabe \u00e0 des horizons plus larges, pour sa p\u00e9rennisation, notamment \u00e0 travers le transfert des connaissances, des expertises, et des technologies aux \u00e9conomies des pays arabes.<\/p>\n<p style=\"font-weight: 400;\">\u00ab\u00a0Nous appr\u00e9cions et valorisons le plan d\u2019action futur, riche et ambitieux, pr\u00e9sent\u00e9 dans la matin\u00e9e par le Pr\u00e9sident de la R\u00e9publique populaire de Chine\u00a0\u00bb, a ajout\u00e9 le ministre, r\u00e9affirmant \u00ab\u00a0l&rsquo;attachement de l\u2019Alg\u00e9rie au partenariat strat\u00e9gique global l&rsquo;unissant \u00e0 la R\u00e9publique populaire de Chine, pays ami, depuis 2014\u00a0\u00bb, un partenariat marqu\u00e9 par un \u00e9lan croissant et un d\u00e9veloppement continu, dans le cadre de la cons\u00e9cration des conclusions importantes ayant couronn\u00e9 la visite d\u2019Etat effectu\u00e9e, l&rsquo;ann\u00e9e derni\u00e8re, par le Pr\u00e9sident de la R\u00e9publique, M. Abdelmadjid Tebboune en Chine.<\/p>\n<p style=\"font-weight: 400;\">\u00ab\u00a0Les bases du partenariat strat\u00e9gique sino-alg\u00e9rien reposent sur la confiance, l\u2019entente, la coop\u00e9ration et la solidarit\u00e9, et c&rsquo;est sur ces m\u00eames bases solides, que nos deux pays ont r\u00e9ussi \u00e0 baliser la voie pour une coop\u00e9ration gagnant-gagnant mutuellement b\u00e9n\u00e9fique, caract\u00e9ris\u00e9e par une prise en charge \u00e9quilibr\u00e9e et \u00e9quitable des int\u00e9r\u00eats de nos deux pays amis\u00a0\u00bb, a-t-il ajout\u00e9.<\/p>\n<p style=\"font-weight: 400;\"><b><strong>APS<\/strong><\/b><\/p>\n","protected":false},"excerpt":{"rendered":"<p>Le ministre des Affaires \u00e9trang\u00e8res et de la Communaut\u00e9 nationale \u00e0 l&rsquo;\u00e9tranger, Ahmed Attaf a mis en avant, jeudi depuis P\u00e9kin, les r\u00e9alisations accomplies au niveau international durant deux d\u00e9cennies de partenariat sino-arabe, des partenaires attach\u00e9s aux principes et aux valeurs consacr\u00e9s par la Charte des Nations unies, appelant \u00e0 mettre la d\u00e9fense de la &hellip;<\/p>\n","protected":false},"author":3,"featured_media":1381,"comment_status":"open","ping_status":"open","sticky":false,"template":"","format":"standard","meta":{"footnotes":""},"categories":[35],"tags":[],"class_list":["post-1380","post","type-post","status-publish","format-standard","has-post-thumbnail","hentry","category-diplomatie"],"yoast_head":"<!-- This site is optimized with the Yoast SEO Premium plugin v22.6 (Yoast SEO v22.6) - https:\/\/yoast.com\/wordpress\/plugins\/seo\/ -->\n<title>Attaf plaide depuis P\u00e9kin pour que le soutien \u00e0 la cause palestinienne soit au c\u0153ur du partenariat sino-arabe - El Mawkie<\/title>\n<meta name=\"robots\" content=\"index, follow, max-snippet:-1, max-image-preview:large, max-video-preview:-1\" \/>\n<link rel=\"canonical\" href=\"https:\/\/elmawkie.dz\/fr\/attaf-plaide-depuis-pekin-pour-que-le-soutien-a-la-cause-palestinienne-soit-au-coeur-du-partenariat-sino-arabe\/\" \/>\n<meta property=\"og:locale\" content=\"fr_FR\" \/>\n<meta property=\"og:type\" content=\"article\" \/>\n<meta property=\"og:title\" content=\"Attaf plaide depuis P\u00e9kin pour que le soutien \u00e0 la cause palestinienne soit au c\u0153ur du partenariat sino-arabe\" \/>\n<meta property=\"og:description\" content=\"Le ministre des Affaires \u00e9trang\u00e8res et de la Communaut\u00e9 nationale \u00e0 l&rsquo;\u00e9tranger, Ahmed Attaf a mis en avant, jeudi depuis P\u00e9kin, les r\u00e9alisations accomplies au niveau international durant deux d\u00e9cennies de partenariat sino-arabe, des partenaires attach\u00e9s aux principes et aux valeurs consacr\u00e9s par la Charte des Nations unies, appelant \u00e0 mettre la d\u00e9fense de la &hellip;\" \/>\n<meta property=\"og:url\" content=\"https:\/\/elmawkie.dz\/fr\/attaf-plaide-depuis-pekin-pour-que-le-soutien-a-la-cause-palestinienne-soit-au-coeur-du-partenariat-sino-arabe\/\" \/>\n<meta property=\"og:site_name\" content=\"El Mawkie\" \/>\n<meta property=\"article:publisher\" content=\"https:\/\/www.facebook.com\/profile.php?id=100088407094989&amp;locale=fr_FR\" \/>\n<meta property=\"article:published_time\" content=\"2024-05-31T13:36:26+00:00\" \/>\n<meta property=\"article:modified_time\" content=\"2024-05-31T13:58:30+00:00\" \/>\n<meta property=\"og:image\" content=\"https:\/\/elmawkie.dz\/fr\/wp-content\/uploads\/2024\/05\/attaf-chine.webp\" \/>\n\t<meta property=\"og:image:width\" content=\"900\" \/>\n\t<meta property=\"og:image:height\" content=\"675\" \/>\n\t<meta property=\"og:image:type\" content=\"image\/webp\" \/>\n<meta name=\"author\" content=\"Hamra Fouzia\" \/>\n<meta name=\"twitter:card\" content=\"summary_large_image\" \/>\n<meta name=\"twitter:label1\" content=\"Written by\" \/>\n\t<meta name=\"twitter:data1\" content=\"Hamra Fouzia\" \/>\n\t<meta name=\"twitter:label2\" content=\"Est. reading time\" \/>\n\t<meta name=\"twitter:data2\" content=\"5 minutes\" \/>\n<script type=\"application\/ld+json\" class=\"yoast-schema-graph\">{\"@context\":\"https:\/\/schema.org\",\"@graph\":[{\"@type\":\"Article\",\"@id\":\"https:\/\/elmawkie.dz\/fr\/attaf-plaide-depuis-pekin-pour-que-le-soutien-a-la-cause-palestinienne-soit-au-coeur-du-partenariat-sino-arabe\/#article\",\"isPartOf\":{\"@id\":\"https:\/\/elmawkie.dz\/fr\/attaf-plaide-depuis-pekin-pour-que-le-soutien-a-la-cause-palestinienne-soit-au-coeur-du-partenariat-sino-arabe\/\"},\"author\":{\"name\":\"Hamra Fouzia\",\"@id\":\"https:\/\/elmawkie.dz\/fr\/#\/schema\/person\/4ed8433201bc23634185d8dd37097c64\"},\"headline\":\"Attaf plaide depuis P\u00e9kin pour que le soutien \u00e0 la cause palestinienne soit au c\u0153ur du partenariat sino-arabe\",\"datePublished\":\"2024-05-31T13:36:26+00:00\",\"dateModified\":\"2024-05-31T13:58:30+00:00\",\"mainEntityOfPage\":{\"@id\":\"https:\/\/elmawkie.dz\/fr\/attaf-plaide-depuis-pekin-pour-que-le-soutien-a-la-cause-palestinienne-soit-au-coeur-du-partenariat-sino-arabe\/\"},\"wordCount\":879,\"commentCount\":0,\"publisher\":{\"@id\":\"https:\/\/elmawkie.dz\/fr\/#organization\"},\"image\":{\"@id\":\"https:\/\/elmawkie.dz\/fr\/attaf-plaide-depuis-pekin-pour-que-le-soutien-a-la-cause-palestinienne-soit-au-coeur-du-partenariat-sino-arabe\/#primaryimage\"},\"thumbnailUrl\":\"https:\/\/elmawkie.dz\/fr\/wp-content\/uploads\/2024\/05\/attaf-chine.webp\",\"articleSection\":[\"Diplomatie\"],\"inLanguage\":\"fr-FR\",\"potentialAction\":[{\"@type\":\"CommentAction\",\"name\":\"Comment\",\"target\":[\"https:\/\/elmawkie.dz\/fr\/attaf-plaide-depuis-pekin-pour-que-le-soutien-a-la-cause-palestinienne-soit-au-coeur-du-partenariat-sino-arabe\/#respond\"]}]},{\"@type\":\"WebPage\",\"@id\":\"https:\/\/elmawkie.dz\/fr\/attaf-plaide-depuis-pekin-pour-que-le-soutien-a-la-cause-palestinienne-soit-au-coeur-du-partenariat-sino-arabe\/\",\"url\":\"https:\/\/elmawkie.dz\/fr\/attaf-plaide-depuis-pekin-pour-que-le-soutien-a-la-cause-palestinienne-soit-au-coeur-du-partenariat-sino-arabe\/\",\"name\":\"Attaf plaide depuis P\u00e9kin pour que le soutien \u00e0 la cause palestinienne soit au c\u0153ur du partenariat sino-arabe - El Mawkie\",\"isPartOf\":{\"@id\":\"https:\/\/elmawkie.dz\/fr\/#website\"},\"primaryImageOfPage\":{\"@id\":\"https:\/\/elmawkie.dz\/fr\/attaf-plaide-depuis-pekin-pour-que-le-soutien-a-la-cause-palestinienne-soit-au-coeur-du-partenariat-sino-arabe\/#primaryimage\"},\"image\":{\"@id\":\"https:\/\/elmawkie.dz\/fr\/attaf-plaide-depuis-pekin-pour-que-le-soutien-a-la-cause-palestinienne-soit-au-coeur-du-partenariat-sino-arabe\/#primaryimage\"},\"thumbnailUrl\":\"https:\/\/elmawkie.dz\/fr\/wp-content\/uploads\/2024\/05\/attaf-chine.webp\",\"datePublished\":\"2024-05-31T13:36:26+00:00\",\"dateModified\":\"2024-05-31T13:58:30+00:00\",\"breadcrumb\":{\"@id\":\"https:\/\/elmawkie.dz\/fr\/attaf-plaide-depuis-pekin-pour-que-le-soutien-a-la-cause-palestinienne-soit-au-coeur-du-partenariat-sino-arabe\/#breadcrumb\"},\"inLanguage\":\"fr-FR\",\"potentialAction\":[{\"@type\":\"ReadAction\",\"target\":[\"https:\/\/elmawkie.dz\/fr\/attaf-plaide-depuis-pekin-pour-que-le-soutien-a-la-cause-palestinienne-soit-au-coeur-du-partenariat-sino-arabe\/\"]}]},{\"@type\":\"ImageObject\",\"inLanguage\":\"fr-FR\",\"@id\":\"https:\/\/elmawkie.dz\/fr\/attaf-plaide-depuis-pekin-pour-que-le-soutien-a-la-cause-palestinienne-soit-au-coeur-du-partenariat-sino-arabe\/#primaryimage\",\"url\":\"https:\/\/elmawkie.dz\/fr\/wp-content\/uploads\/2024\/05\/attaf-chine.webp\",\"contentUrl\":\"https:\/\/elmawkie.dz\/fr\/wp-content\/uploads\/2024\/05\/attaf-chine.webp\",\"width\":900,\"height\":675},{\"@type\":\"BreadcrumbList\",\"@id\":\"https:\/\/elmawkie.dz\/fr\/attaf-plaide-depuis-pekin-pour-que-le-soutien-a-la-cause-palestinienne-soit-au-coeur-du-partenariat-sino-arabe\/#breadcrumb\",\"itemListElement\":[{\"@type\":\"ListItem\",\"position\":1,\"name\":\"Home\",\"item\":\"https:\/\/elmawkie.dz\/fr\/\"},{\"@type\":\"ListItem\",\"position\":2,\"name\":\"Attaf plaide depuis P\u00e9kin pour que le soutien \u00e0 la cause palestinienne soit au c\u0153ur du partenariat sino-arabe\"}]},{\"@type\":\"WebSite\",\"@id\":\"https:\/\/elmawkie.dz\/fr\/#website\",\"url\":\"https:\/\/elmawkie.dz\/fr\/\",\"name\":\"EL MAWKIE\",\"description\":\"Journal \u00c9lectronique Alg\u00e9rien\",\"publisher\":{\"@id\":\"https:\/\/elmawkie.dz\/fr\/#organization\"},\"potentialAction\":[{\"@type\":\"SearchAction\",\"target\":{\"@type\":\"EntryPoint\",\"urlTemplate\":\"https:\/\/elmawkie.dz\/fr\/?s={search_term_string}\"},\"query-input\":\"required name=search_term_string\"}],\"inLanguage\":\"fr-FR\"},{\"@type\":\"Organization\",\"@id\":\"https:\/\/elmawkie.dz\/fr\/#organization\",\"name\":\"EL MAWKIE\",\"url\":\"https:\/\/elmawkie.dz\/fr\/\",\"logo\":{\"@type\":\"ImageObject\",\"inLanguage\":\"fr-FR\",\"@id\":\"https:\/\/elmawkie.dz\/fr\/#\/schema\/logo\/image\/\",\"url\":\"https:\/\/elmawkie.dz\/fr\/wp-content\/uploads\/2024\/05\/logo1.png\",\"contentUrl\":\"https:\/\/elmawkie.dz\/fr\/wp-content\/uploads\/2024\/05\/logo1.png\",\"width\":1648,\"height\":652,\"caption\":\"EL MAWKIE\"},\"image\":{\"@id\":\"https:\/\/elmawkie.dz\/fr\/#\/schema\/logo\/image\/\"},\"sameAs\":[\"https:\/\/www.facebook.com\/profile.php?id=100088407094989&locale=fr_FR\"]},{\"@type\":\"Person\",\"@id\":\"https:\/\/elmawkie.dz\/fr\/#\/schema\/person\/4ed8433201bc23634185d8dd37097c64\",\"name\":\"Hamra Fouzia\",\"image\":{\"@type\":\"ImageObject\",\"inLanguage\":\"fr-FR\",\"@id\":\"https:\/\/elmawkie.dz\/fr\/#\/schema\/person\/image\/\",\"url\":\"https:\/\/secure.gravatar.com\/avatar\/ea215268aad51f3219f9a59227db6fa1?s=96&d=mm&r=g\",\"contentUrl\":\"https:\/\/secure.gravatar.com\/avatar\/ea215268aad51f3219f9a59227db6fa1?s=96&d=mm&r=g\",\"caption\":\"Hamra Fouzia\"},\"sameAs\":[\"https:\/\/elmawkie.dz\/fr\"],\"url\":\"https:\/\/elmawkie.dz\/fr\/author\/elmawkie\/\"}]}<\/script>\n<!-- \/ Yoast SEO Premium plugin. -->","yoast_head_json":{"title":"Attaf plaide depuis P\u00e9kin pour que le soutien \u00e0 la cause palestinienne soit au c\u0153ur du partenariat sino-arabe - El Mawkie","robots":{"index":"index","follow":"follow","max-snippet":"max-snippet:-1","max-image-preview":"max-image-preview:large","max-video-preview":"max-video-preview:-1"},"canonical":"https:\/\/elmawkie.dz\/fr\/attaf-plaide-depuis-pekin-pour-que-le-soutien-a-la-cause-palestinienne-soit-au-coeur-du-partenariat-sino-arabe\/","og_locale":"fr_FR","og_type":"article","og_title":"Attaf plaide depuis P\u00e9kin pour que le soutien \u00e0 la cause palestinienne soit au c\u0153ur du partenariat sino-arabe","og_description":"Le ministre des Affaires \u00e9trang\u00e8res et de la Communaut\u00e9 nationale \u00e0 l&rsquo;\u00e9tranger, Ahmed Attaf a mis en avant, jeudi depuis P\u00e9kin, les r\u00e9alisations accomplies au niveau international durant deux d\u00e9cennies de partenariat sino-arabe, des partenaires attach\u00e9s aux principes et aux valeurs consacr\u00e9s par la Charte des Nations unies, appelant \u00e0 mettre la d\u00e9fense de la &hellip;","og_url":"https:\/\/elmawkie.dz\/fr\/attaf-plaide-depuis-pekin-pour-que-le-soutien-a-la-cause-palestinienne-soit-au-coeur-du-partenariat-sino-arabe\/","og_site_name":"El Mawkie","article_publisher":"https:\/\/www.facebook.com\/profile.php?id=100088407094989&locale=fr_FR","article_published_time":"2024-05-31T13:36:26+00:00","article_modified_time":"2024-05-31T13:58:30+00:00","og_image":[{"width":900,"height":675,"url":"https:\/\/elmawkie.dz\/fr\/wp-content\/uploads\/2024\/05\/attaf-chine.webp","type":"image\/webp"}],"author":"Hamra Fouzia","twitter_card":"summary_large_image","twitter_misc":{"Written by":"Hamra Fouzia","Est. reading time":"5 minutes"},"schema":{"@context":"https:\/\/schema.org","@graph":[{"@type":"Article","@id":"https:\/\/elmawkie.dz\/fr\/attaf-plaide-depuis-pekin-pour-que-le-soutien-a-la-cause-palestinienne-soit-au-coeur-du-partenariat-sino-arabe\/#article","isPartOf":{"@id":"https:\/\/elmawkie.dz\/fr\/attaf-plaide-depuis-pekin-pour-que-le-soutien-a-la-cause-palestinienne-soit-au-coeur-du-partenariat-sino-arabe\/"},"author":{"name":"Hamra Fouzia","@id":"https:\/\/elmawkie.dz\/fr\/#\/schema\/person\/4ed8433201bc23634185d8dd37097c64"},"headline":"Attaf plaide depuis P\u00e9kin pour que le soutien \u00e0 la cause palestinienne soit au c\u0153ur du partenariat sino-arabe","datePublished":"2024-05-31T13:36:26+00:00","dateModified":"2024-05-31T13:58:30+00:00","mainEntityOfPage":{"@id":"https:\/\/elmawkie.dz\/fr\/attaf-plaide-depuis-pekin-pour-que-le-soutien-a-la-cause-palestinienne-soit-au-coeur-du-partenariat-sino-arabe\/"},"wordCount":879,"commentCount":0,"publisher":{"@id":"https:\/\/elmawkie.dz\/fr\/#organization"},"image":{"@id":"https:\/\/elmawkie.dz\/fr\/attaf-plaide-depuis-pekin-pour-que-le-soutien-a-la-cause-palestinienne-soit-au-coeur-du-partenariat-sino-arabe\/#primaryimage"},"thumbnailUrl":"https:\/\/elmawkie.dz\/fr\/wp-content\/uploads\/2024\/05\/attaf-chine.webp","articleSection":["Diplomatie"],"inLanguage":"fr-FR","potentialAction":[{"@type":"CommentAction","name":"Comment","target":["https:\/\/elmawkie.dz\/fr\/attaf-plaide-depuis-pekin-pour-que-le-soutien-a-la-cause-palestinienne-soit-au-coeur-du-partenariat-sino-arabe\/#respond"]}]},{"@type":"WebPage","@id":"https:\/\/elmawkie.dz\/fr\/attaf-plaide-depuis-pekin-pour-que-le-soutien-a-la-cause-palestinienne-soit-au-coeur-du-partenariat-sino-arabe\/","url":"https:\/\/elmawkie.dz\/fr\/attaf-plaide-depuis-pekin-pour-que-le-soutien-a-la-cause-palestinienne-soit-au-coeur-du-partenariat-sino-arabe\/","name":"Attaf plaide depuis P\u00e9kin pour que le soutien \u00e0 la cause palestinienne soit au c\u0153ur du partenariat sino-arabe - El Mawkie","isPartOf":{"@id":"https:\/\/elmawkie.dz\/fr\/#website"},"primaryImageOfPage":{"@id":"https:\/\/elmawkie.dz\/fr\/attaf-plaide-depuis-pekin-pour-que-le-soutien-a-la-cause-palestinienne-soit-au-coeur-du-partenariat-sino-arabe\/#primaryimage"},"image":{"@id":"https:\/\/elmawkie.dz\/fr\/attaf-plaide-depuis-pekin-pour-que-le-soutien-a-la-cause-palestinienne-soit-au-coeur-du-partenariat-sino-arabe\/#primaryimage"},"thumbnailUrl":"https:\/\/elmawkie.dz\/fr\/wp-content\/uploads\/2024\/05\/attaf-chine.webp","datePublished":"2024-05-31T13:36:26+00:00","dateModified":"2024-05-31T13:58:30+00:00","breadcrumb":{"@id":"https:\/\/elmawkie.dz\/fr\/attaf-plaide-depuis-pekin-pour-que-le-soutien-a-la-cause-palestinienne-soit-au-coeur-du-partenariat-sino-arabe\/#breadcrumb"},"inLanguage":"fr-FR","potentialAction":[{"@type":"ReadAction","target":["https:\/\/elmawkie.dz\/fr\/attaf-plaide-depuis-pekin-pour-que-le-soutien-a-la-cause-palestinienne-soit-au-coeur-du-partenariat-sino-arabe\/"]}]},{"@type":"ImageObject","inLanguage":"fr-FR","@id":"https:\/\/elmawkie.dz\/fr\/attaf-plaide-depuis-pekin-pour-que-le-soutien-a-la-cause-palestinienne-soit-au-coeur-du-partenariat-sino-arabe\/#primaryimage","url":"https:\/\/elmawkie.dz\/fr\/wp-content\/uploads\/2024\/05\/attaf-chine.webp","contentUrl":"https:\/\/elmawkie.dz\/fr\/wp-content\/uploads\/2024\/05\/attaf-chine.webp","width":900,"height":675},{"@type":"BreadcrumbList","@id":"https:\/\/elmawkie.dz\/fr\/attaf-plaide-depuis-pekin-pour-que-le-soutien-a-la-cause-palestinienne-soit-au-coeur-du-partenariat-sino-arabe\/#breadcrumb","itemListElement":[{"@type":"ListItem","position":1,"name":"Home","item":"https:\/\/elmawkie.dz\/fr\/"},{"@type":"ListItem","position":2,"name":"Attaf plaide depuis P\u00e9kin pour que le soutien \u00e0 la cause palestinienne soit au c\u0153ur du partenariat sino-arabe"}]},{"@type":"WebSite","@id":"https:\/\/elmawkie.dz\/fr\/#website","url":"https:\/\/elmawkie.dz\/fr\/","name":"EL MAWKIE","description":"Journal \u00c9lectronique Alg\u00e9rien","publisher":{"@id":"https:\/\/elmawkie.dz\/fr\/#organization"},"potentialAction":[{"@type":"SearchAction","target":{"@type":"EntryPoint","urlTemplate":"https:\/\/elmawkie.dz\/fr\/?s={search_term_string}"},"query-input":"required name=search_term_string"}],"inLanguage":"fr-FR"},{"@type":"Organization","@id":"https:\/\/elmawkie.dz\/fr\/#organization","name":"EL MAWKIE","url":"https:\/\/elmawkie.dz\/fr\/","logo":{"@type":"ImageObject","inLanguage":"fr-FR","@id":"https:\/\/elmawkie.dz\/fr\/#\/schema\/logo\/image\/","url":"https:\/\/elmawkie.dz\/fr\/wp-content\/uploads\/2024\/05\/logo1.png","contentUrl":"https:\/\/elmawkie.dz\/fr\/wp-content\/uploads\/2024\/05\/logo1.png","width":1648,"height":652,"caption":"EL MAWKIE"},"image":{"@id":"https:\/\/elmawkie.dz\/fr\/#\/schema\/logo\/image\/"},"sameAs":["https:\/\/www.facebook.com\/profile.php?id=100088407094989&locale=fr_FR"]},{"@type":"Person","@id":"https:\/\/elmawkie.dz\/fr\/#\/schema\/person\/4ed8433201bc23634185d8dd37097c64","name":"Hamra Fouzia","image":{"@type":"ImageObject","inLanguage":"fr-FR","@id":"https:\/\/elmawkie.dz\/fr\/#\/schema\/person\/image\/","url":"https:\/\/secure.gravatar.com\/avatar\/ea215268aad51f3219f9a59227db6fa1?s=96&d=mm&r=g","contentUrl":"https:\/\/secure.gravatar.com\/avatar\/ea215268aad51f3219f9a59227db6fa1?s=96&d=mm&r=g","caption":"Hamra Fouzia"},"sameAs":["https:\/\/elmawkie.dz\/fr"],"url":"https:\/\/elmawkie.dz\/fr\/author\/elmawkie\/"}]}},"_links":{"self":[{"href":"https:\/\/elmawkie.dz\/fr\/wp-json\/wp\/v2\/posts\/1380","targetHints":{"allow":["GET"]}}],"collection":[{"href":"https:\/\/elmawkie.dz\/fr\/wp-json\/wp\/v2\/posts"}],"about":[{"href":"https:\/\/elmawkie.dz\/fr\/wp-json\/wp\/v2\/types\/post"}],"author":[{"embeddable":true,"href":"https:\/\/elmawkie.dz\/fr\/wp-json\/wp\/v2\/users\/3"}],"replies":[{"embeddable":true,"href":"https:\/\/elmawkie.dz\/fr\/wp-json\/wp\/v2\/comments?post=1380"}],"version-history":[{"count":0,"href":"https:\/\/elmawkie.dz\/fr\/wp-json\/wp\/v2\/posts\/1380\/revisions"}],"wp:featuredmedia":[{"embeddable":true,"href":"https:\/\/elmawkie.dz\/fr\/wp-json\/wp\/v2\/media\/1381"}],"wp:attachment":[{"href":"https:\/\/elmawkie.dz\/fr\/wp-json\/wp\/v2\/media?parent=1380"}],"wp:term":[{"taxonomy":"category","embeddable":true,"href":"https:\/\/elmawkie.dz\/fr\/wp-json\/wp\/v2\/categories?post=1380"},{"taxonomy":"post_tag","embeddable":true,"href":"https:\/\/elmawkie.dz\/fr\/wp-json\/wp\/v2\/tags?post=1380"}],"curies":[{"name":"wp","href":"https:\/\/api.w.org\/{rel}","templated":true}]}}