{"id":1379,"date":"2024-05-31T14:51:26","date_gmt":"2024-05-31T13:51:26","guid":{"rendered":"https:\/\/elmawkie.dz\/fr\/?p=1379"},"modified":"2024-05-31T15:03:33","modified_gmt":"2024-05-31T14:03:33","slug":"oran-operations-combinees-entre-la-gendarmerie-et-la-police","status":"publish","type":"post","link":"https:\/\/elmawkie.dz\/fr\/oran-operations-combinees-entre-la-gendarmerie-et-la-police\/","title":{"rendered":"Oran: op\u00e9rations combin\u00e9es entre la gendarmerie et la Police"},"content":{"rendered":"<p><em>Une grande op\u00e9ration s\u00e9curitaire combin\u00e9e entre les \u00e9l\u00e9ments du groupement territorial de la Gendarmerie D\u2019Oran ainsi les unit\u00e9s de la police, a \u00e9t\u00e9 organis\u00e9e dans la soir\u00e9e de jeudi , ayant cibl\u00e9 plusieurs quartiers et cit\u00e9s chaude r\u00e9put\u00e9e par le banditisme et d\u2019actes r\u00e9pr\u00e9hensible au niveau de la Daira D\u2019Oran ,a-t-on appris aupr\u00e8s de cellule de communication de groupement de la GN .<\/em><\/p>\n<p><em>cette op\u00e9ration s&rsquo;est sold\u00e9e par la v\u00e9rification de 493 personnes et 281 v\u00e9hicules ayant permis l&rsquo;arrestation de dix neuf \u00a0individus dont qu\u2019\u00e2tres individus recherch\u00e9 par la justice \u00a0, Armes blanche , saisie de 17,341 kg de kif trait\u00e9,1011 comprim\u00e9s de psychotrope, 4,5 grammes de Coca\u00efne avec la saisie de 55 millions de centimes .\u00a0<\/em><\/p>\n<p><em>les m\u00eames services ont enregistr\u00e9 30 infractions routi\u00e8res et d\u00e9lits de circulation, et 03 cas de mise en fourri\u00e8re, pr\u00e9cise la m\u00eame source.<\/em><\/p>\n<p><img decoding=\"async\" class=\"size-medium wp-image-1384\" src=\"https:\/\/elmawkie.dz\/fr\/wp-content\/uploads\/2024\/05\/IMG_6321-300x185.jpeg\" alt=\"\" width=\"300\" height=\"185\" srcset=\"https:\/\/elmawkie.dz\/fr\/wp-content\/uploads\/2024\/05\/IMG_6321-300x185.jpeg 300w, https:\/\/elmawkie.dz\/fr\/wp-content\/uploads\/2024\/05\/IMG_6321-768x475.jpeg 768w, https:\/\/elmawkie.dz\/fr\/wp-content\/uploads\/2024\/05\/IMG_6321.jpeg 770w\" sizes=\"(max-width: 300px) 100vw, 300px\" \/><\/p>\n<p>&nbsp;<\/p>\n<p><em>A cet effet les services de s\u00e9curit\u00e9, du groupement territorial de la gendarmerie nationale de la wilaya D\u2019Oran et \u00a0de la s\u00fbret\u00e9 , informe les citoyens que les deux num\u00e9ro vert 1055 et \u00a015.48 sont mis \u00e0 leur disposition pour tout signalement.<\/em><\/p>\n<p>&nbsp;<\/p>\n<p>&nbsp;<\/p>\n<p>&nbsp;<\/p>\n","protected":false},"excerpt":{"rendered":"<p>Une grande op\u00e9ration s\u00e9curitaire combin\u00e9e entre les \u00e9l\u00e9ments du groupement territorial de la Gendarmerie D\u2019Oran ainsi les unit\u00e9s de la police, a \u00e9t\u00e9 organis\u00e9e dans la soir\u00e9e de jeudi , ayant cibl\u00e9 plusieurs quartiers et cit\u00e9s chaude r\u00e9put\u00e9e par le banditisme et d\u2019actes r\u00e9pr\u00e9hensible au niveau de la Daira D\u2019Oran ,a-t-on appris aupr\u00e8s de cellule &hellip;<\/p>\n","protected":false},"author":3,"featured_media":1383,"comment_status":"open","ping_status":"open","sticky":false,"template":"","format":"standard","meta":{"footnotes":""},"categories":[47],"tags":[73,74,76,75],"class_list":["post-1379","post","type-post","status-publish","format-standard","has-post-thumbnail","hentry","category-national","tag-groupement-territorial-de-la-gendarmerie-nationale","tag-les-unites-de-la-police","tag-operation-securitaire-combinee","tag-oran"],"yoast_head":"<!-- This site is optimized with the Yoast SEO Premium plugin v22.6 (Yoast SEO v22.6) - https:\/\/yoast.com\/wordpress\/plugins\/seo\/ -->\n<title>Oran: op\u00e9rations combin\u00e9es entre la gendarmerie et la Police - El Mawkie<\/title>\n<meta name=\"robots\" content=\"index, follow, max-snippet:-1, max-image-preview:large, max-video-preview:-1\" \/>\n<link rel=\"canonical\" href=\"https:\/\/elmawkie.dz\/fr\/oran-operations-combinees-entre-la-gendarmerie-et-la-police\/\" \/>\n<meta property=\"og:locale\" content=\"fr_FR\" \/>\n<meta property=\"og:type\" content=\"article\" \/>\n<meta property=\"og:title\" content=\"Oran: op\u00e9rations combin\u00e9es entre la gendarmerie et la Police\" \/>\n<meta property=\"og:description\" content=\"Une grande op\u00e9ration s\u00e9curitaire combin\u00e9e entre les \u00e9l\u00e9ments du groupement territorial de la Gendarmerie D\u2019Oran ainsi les unit\u00e9s de la police, a \u00e9t\u00e9 organis\u00e9e dans la soir\u00e9e de jeudi , ayant cibl\u00e9 plusieurs quartiers et cit\u00e9s chaude r\u00e9put\u00e9e par le banditisme et d\u2019actes r\u00e9pr\u00e9hensible au niveau de la Daira D\u2019Oran ,a-t-on appris aupr\u00e8s de cellule &hellip;\" \/>\n<meta property=\"og:url\" content=\"https:\/\/elmawkie.dz\/fr\/oran-operations-combinees-entre-la-gendarmerie-et-la-police\/\" \/>\n<meta property=\"og:site_name\" content=\"El Mawkie\" \/>\n<meta property=\"article:publisher\" content=\"https:\/\/www.facebook.com\/profile.php?id=100088407094989&amp;locale=fr_FR\" \/>\n<meta property=\"article:published_time\" content=\"2024-05-31T13:51:26+00:00\" \/>\n<meta property=\"article:modified_time\" content=\"2024-05-31T14:03:33+00:00\" \/>\n<meta property=\"og:image\" content=\"https:\/\/elmawkie.dz\/fr\/wp-content\/uploads\/2024\/05\/IMG_6374.jpeg\" \/>\n\t<meta property=\"og:image:width\" content=\"620\" \/>\n\t<meta property=\"og:image:height\" content=\"330\" \/>\n\t<meta property=\"og:image:type\" content=\"image\/jpeg\" \/>\n<meta name=\"author\" content=\"Hamra Fouzia\" \/>\n<meta name=\"twitter:card\" content=\"summary_large_image\" \/>\n<meta name=\"twitter:label1\" content=\"Written by\" \/>\n\t<meta name=\"twitter:data1\" content=\"Hamra Fouzia\" \/>\n\t<meta name=\"twitter:label2\" content=\"Est. reading time\" \/>\n\t<meta name=\"twitter:data2\" content=\"2 minutes\" \/>\n<script type=\"application\/ld+json\" class=\"yoast-schema-graph\">{\"@context\":\"https:\/\/schema.org\",\"@graph\":[{\"@type\":\"Article\",\"@id\":\"https:\/\/elmawkie.dz\/fr\/oran-operations-combinees-entre-la-gendarmerie-et-la-police\/#article\",\"isPartOf\":{\"@id\":\"https:\/\/elmawkie.dz\/fr\/oran-operations-combinees-entre-la-gendarmerie-et-la-police\/\"},\"author\":{\"name\":\"Hamra Fouzia\",\"@id\":\"https:\/\/elmawkie.dz\/fr\/#\/schema\/person\/4ed8433201bc23634185d8dd37097c64\"},\"headline\":\"Oran: op\u00e9rations combin\u00e9es entre la gendarmerie et la Police\",\"datePublished\":\"2024-05-31T13:51:26+00:00\",\"dateModified\":\"2024-05-31T14:03:33+00:00\",\"mainEntityOfPage\":{\"@id\":\"https:\/\/elmawkie.dz\/fr\/oran-operations-combinees-entre-la-gendarmerie-et-la-police\/\"},\"wordCount\":216,\"commentCount\":0,\"publisher\":{\"@id\":\"https:\/\/elmawkie.dz\/fr\/#organization\"},\"image\":{\"@id\":\"https:\/\/elmawkie.dz\/fr\/oran-operations-combinees-entre-la-gendarmerie-et-la-police\/#primaryimage\"},\"thumbnailUrl\":\"https:\/\/elmawkie.dz\/fr\/wp-content\/uploads\/2024\/05\/IMG_6374.jpeg\",\"keywords\":[\"Groupement territorial de la gendarmerie nationale\",\"Les unit\u00e9s de la police\",\"op\u00e9ration s\u00e9curitaire combin\u00e9e\",\"Oran\"],\"articleSection\":[\"National\"],\"inLanguage\":\"fr-FR\",\"potentialAction\":[{\"@type\":\"CommentAction\",\"name\":\"Comment\",\"target\":[\"https:\/\/elmawkie.dz\/fr\/oran-operations-combinees-entre-la-gendarmerie-et-la-police\/#respond\"]}]},{\"@type\":\"WebPage\",\"@id\":\"https:\/\/elmawkie.dz\/fr\/oran-operations-combinees-entre-la-gendarmerie-et-la-police\/\",\"url\":\"https:\/\/elmawkie.dz\/fr\/oran-operations-combinees-entre-la-gendarmerie-et-la-police\/\",\"name\":\"Oran: op\u00e9rations combin\u00e9es entre la gendarmerie et la Police - El Mawkie\",\"isPartOf\":{\"@id\":\"https:\/\/elmawkie.dz\/fr\/#website\"},\"primaryImageOfPage\":{\"@id\":\"https:\/\/elmawkie.dz\/fr\/oran-operations-combinees-entre-la-gendarmerie-et-la-police\/#primaryimage\"},\"image\":{\"@id\":\"https:\/\/elmawkie.dz\/fr\/oran-operations-combinees-entre-la-gendarmerie-et-la-police\/#primaryimage\"},\"thumbnailUrl\":\"https:\/\/elmawkie.dz\/fr\/wp-content\/uploads\/2024\/05\/IMG_6374.jpeg\",\"datePublished\":\"2024-05-31T13:51:26+00:00\",\"dateModified\":\"2024-05-31T14:03:33+00:00\",\"breadcrumb\":{\"@id\":\"https:\/\/elmawkie.dz\/fr\/oran-operations-combinees-entre-la-gendarmerie-et-la-police\/#breadcrumb\"},\"inLanguage\":\"fr-FR\",\"potentialAction\":[{\"@type\":\"ReadAction\",\"target\":[\"https:\/\/elmawkie.dz\/fr\/oran-operations-combinees-entre-la-gendarmerie-et-la-police\/\"]}]},{\"@type\":\"ImageObject\",\"inLanguage\":\"fr-FR\",\"@id\":\"https:\/\/elmawkie.dz\/fr\/oran-operations-combinees-entre-la-gendarmerie-et-la-police\/#primaryimage\",\"url\":\"https:\/\/elmawkie.dz\/fr\/wp-content\/uploads\/2024\/05\/IMG_6374.jpeg\",\"contentUrl\":\"https:\/\/elmawkie.dz\/fr\/wp-content\/uploads\/2024\/05\/IMG_6374.jpeg\",\"width\":620,\"height\":330},{\"@type\":\"BreadcrumbList\",\"@id\":\"https:\/\/elmawkie.dz\/fr\/oran-operations-combinees-entre-la-gendarmerie-et-la-police\/#breadcrumb\",\"itemListElement\":[{\"@type\":\"ListItem\",\"position\":1,\"name\":\"Home\",\"item\":\"https:\/\/elmawkie.dz\/fr\/\"},{\"@type\":\"ListItem\",\"position\":2,\"name\":\"Oran: op\u00e9rations combin\u00e9es entre la gendarmerie et la Police\"}]},{\"@type\":\"WebSite\",\"@id\":\"https:\/\/elmawkie.dz\/fr\/#website\",\"url\":\"https:\/\/elmawkie.dz\/fr\/\",\"name\":\"EL MAWKIE\",\"description\":\"Journal \u00c9lectronique Alg\u00e9rien\",\"publisher\":{\"@id\":\"https:\/\/elmawkie.dz\/fr\/#organization\"},\"potentialAction\":[{\"@type\":\"SearchAction\",\"target\":{\"@type\":\"EntryPoint\",\"urlTemplate\":\"https:\/\/elmawkie.dz\/fr\/?s={search_term_string}\"},\"query-input\":\"required name=search_term_string\"}],\"inLanguage\":\"fr-FR\"},{\"@type\":\"Organization\",\"@id\":\"https:\/\/elmawkie.dz\/fr\/#organization\",\"name\":\"EL MAWKIE\",\"url\":\"https:\/\/elmawkie.dz\/fr\/\",\"logo\":{\"@type\":\"ImageObject\",\"inLanguage\":\"fr-FR\",\"@id\":\"https:\/\/elmawkie.dz\/fr\/#\/schema\/logo\/image\/\",\"url\":\"https:\/\/elmawkie.dz\/fr\/wp-content\/uploads\/2024\/05\/logo1.png\",\"contentUrl\":\"https:\/\/elmawkie.dz\/fr\/wp-content\/uploads\/2024\/05\/logo1.png\",\"width\":1648,\"height\":652,\"caption\":\"EL MAWKIE\"},\"image\":{\"@id\":\"https:\/\/elmawkie.dz\/fr\/#\/schema\/logo\/image\/\"},\"sameAs\":[\"https:\/\/www.facebook.com\/profile.php?id=100088407094989&locale=fr_FR\"]},{\"@type\":\"Person\",\"@id\":\"https:\/\/elmawkie.dz\/fr\/#\/schema\/person\/4ed8433201bc23634185d8dd37097c64\",\"name\":\"Hamra Fouzia\",\"image\":{\"@type\":\"ImageObject\",\"inLanguage\":\"fr-FR\",\"@id\":\"https:\/\/elmawkie.dz\/fr\/#\/schema\/person\/image\/\",\"url\":\"https:\/\/secure.gravatar.com\/avatar\/ea215268aad51f3219f9a59227db6fa1?s=96&d=mm&r=g\",\"contentUrl\":\"https:\/\/secure.gravatar.com\/avatar\/ea215268aad51f3219f9a59227db6fa1?s=96&d=mm&r=g\",\"caption\":\"Hamra Fouzia\"},\"sameAs\":[\"https:\/\/elmawkie.dz\/fr\"],\"url\":\"https:\/\/elmawkie.dz\/fr\/author\/elmawkie\/\"}]}<\/script>\n<!-- \/ Yoast SEO Premium plugin. -->","yoast_head_json":{"title":"Oran: op\u00e9rations combin\u00e9es entre la gendarmerie et la Police - El Mawkie","robots":{"index":"index","follow":"follow","max-snippet":"max-snippet:-1","max-image-preview":"max-image-preview:large","max-video-preview":"max-video-preview:-1"},"canonical":"https:\/\/elmawkie.dz\/fr\/oran-operations-combinees-entre-la-gendarmerie-et-la-police\/","og_locale":"fr_FR","og_type":"article","og_title":"Oran: op\u00e9rations combin\u00e9es entre la gendarmerie et la Police","og_description":"Une grande op\u00e9ration s\u00e9curitaire combin\u00e9e entre les \u00e9l\u00e9ments du groupement territorial de la Gendarmerie D\u2019Oran ainsi les unit\u00e9s de la police, a \u00e9t\u00e9 organis\u00e9e dans la soir\u00e9e de jeudi , ayant cibl\u00e9 plusieurs quartiers et cit\u00e9s chaude r\u00e9put\u00e9e par le banditisme et d\u2019actes r\u00e9pr\u00e9hensible au niveau de la Daira D\u2019Oran ,a-t-on appris aupr\u00e8s de cellule &hellip;","og_url":"https:\/\/elmawkie.dz\/fr\/oran-operations-combinees-entre-la-gendarmerie-et-la-police\/","og_site_name":"El Mawkie","article_publisher":"https:\/\/www.facebook.com\/profile.php?id=100088407094989&locale=fr_FR","article_published_time":"2024-05-31T13:51:26+00:00","article_modified_time":"2024-05-31T14:03:33+00:00","og_image":[{"width":620,"height":330,"url":"https:\/\/elmawkie.dz\/fr\/wp-content\/uploads\/2024\/05\/IMG_6374.jpeg","type":"image\/jpeg"}],"author":"Hamra Fouzia","twitter_card":"summary_large_image","twitter_misc":{"Written by":"Hamra Fouzia","Est. reading time":"2 minutes"},"schema":{"@context":"https:\/\/schema.org","@graph":[{"@type":"Article","@id":"https:\/\/elmawkie.dz\/fr\/oran-operations-combinees-entre-la-gendarmerie-et-la-police\/#article","isPartOf":{"@id":"https:\/\/elmawkie.dz\/fr\/oran-operations-combinees-entre-la-gendarmerie-et-la-police\/"},"author":{"name":"Hamra Fouzia","@id":"https:\/\/elmawkie.dz\/fr\/#\/schema\/person\/4ed8433201bc23634185d8dd37097c64"},"headline":"Oran: op\u00e9rations combin\u00e9es entre la gendarmerie et la Police","datePublished":"2024-05-31T13:51:26+00:00","dateModified":"2024-05-31T14:03:33+00:00","mainEntityOfPage":{"@id":"https:\/\/elmawkie.dz\/fr\/oran-operations-combinees-entre-la-gendarmerie-et-la-police\/"},"wordCount":216,"commentCount":0,"publisher":{"@id":"https:\/\/elmawkie.dz\/fr\/#organization"},"image":{"@id":"https:\/\/elmawkie.dz\/fr\/oran-operations-combinees-entre-la-gendarmerie-et-la-police\/#primaryimage"},"thumbnailUrl":"https:\/\/elmawkie.dz\/fr\/wp-content\/uploads\/2024\/05\/IMG_6374.jpeg","keywords":["Groupement territorial de la gendarmerie nationale","Les unit\u00e9s de la police","op\u00e9ration s\u00e9curitaire combin\u00e9e","Oran"],"articleSection":["National"],"inLanguage":"fr-FR","potentialAction":[{"@type":"CommentAction","name":"Comment","target":["https:\/\/elmawkie.dz\/fr\/oran-operations-combinees-entre-la-gendarmerie-et-la-police\/#respond"]}]},{"@type":"WebPage","@id":"https:\/\/elmawkie.dz\/fr\/oran-operations-combinees-entre-la-gendarmerie-et-la-police\/","url":"https:\/\/elmawkie.dz\/fr\/oran-operations-combinees-entre-la-gendarmerie-et-la-police\/","name":"Oran: op\u00e9rations combin\u00e9es entre la gendarmerie et la Police - El Mawkie","isPartOf":{"@id":"https:\/\/elmawkie.dz\/fr\/#website"},"primaryImageOfPage":{"@id":"https:\/\/elmawkie.dz\/fr\/oran-operations-combinees-entre-la-gendarmerie-et-la-police\/#primaryimage"},"image":{"@id":"https:\/\/elmawkie.dz\/fr\/oran-operations-combinees-entre-la-gendarmerie-et-la-police\/#primaryimage"},"thumbnailUrl":"https:\/\/elmawkie.dz\/fr\/wp-content\/uploads\/2024\/05\/IMG_6374.jpeg","datePublished":"2024-05-31T13:51:26+00:00","dateModified":"2024-05-31T14:03:33+00:00","breadcrumb":{"@id":"https:\/\/elmawkie.dz\/fr\/oran-operations-combinees-entre-la-gendarmerie-et-la-police\/#breadcrumb"},"inLanguage":"fr-FR","potentialAction":[{"@type":"ReadAction","target":["https:\/\/elmawkie.dz\/fr\/oran-operations-combinees-entre-la-gendarmerie-et-la-police\/"]}]},{"@type":"ImageObject","inLanguage":"fr-FR","@id":"https:\/\/elmawkie.dz\/fr\/oran-operations-combinees-entre-la-gendarmerie-et-la-police\/#primaryimage","url":"https:\/\/elmawkie.dz\/fr\/wp-content\/uploads\/2024\/05\/IMG_6374.jpeg","contentUrl":"https:\/\/elmawkie.dz\/fr\/wp-content\/uploads\/2024\/05\/IMG_6374.jpeg","width":620,"height":330},{"@type":"BreadcrumbList","@id":"https:\/\/elmawkie.dz\/fr\/oran-operations-combinees-entre-la-gendarmerie-et-la-police\/#breadcrumb","itemListElement":[{"@type":"ListItem","position":1,"name":"Home","item":"https:\/\/elmawkie.dz\/fr\/"},{"@type":"ListItem","position":2,"name":"Oran: op\u00e9rations combin\u00e9es entre la gendarmerie et la Police"}]},{"@type":"WebSite","@id":"https:\/\/elmawkie.dz\/fr\/#website","url":"https:\/\/elmawkie.dz\/fr\/","name":"EL MAWKIE","description":"Journal \u00c9lectronique Alg\u00e9rien","publisher":{"@id":"https:\/\/elmawkie.dz\/fr\/#organization"},"potentialAction":[{"@type":"SearchAction","target":{"@type":"EntryPoint","urlTemplate":"https:\/\/elmawkie.dz\/fr\/?s={search_term_string}"},"query-input":"required name=search_term_string"}],"inLanguage":"fr-FR"},{"@type":"Organization","@id":"https:\/\/elmawkie.dz\/fr\/#organization","name":"EL MAWKIE","url":"https:\/\/elmawkie.dz\/fr\/","logo":{"@type":"ImageObject","inLanguage":"fr-FR","@id":"https:\/\/elmawkie.dz\/fr\/#\/schema\/logo\/image\/","url":"https:\/\/elmawkie.dz\/fr\/wp-content\/uploads\/2024\/05\/logo1.png","contentUrl":"https:\/\/elmawkie.dz\/fr\/wp-content\/uploads\/2024\/05\/logo1.png","width":1648,"height":652,"caption":"EL MAWKIE"},"image":{"@id":"https:\/\/elmawkie.dz\/fr\/#\/schema\/logo\/image\/"},"sameAs":["https:\/\/www.facebook.com\/profile.php?id=100088407094989&locale=fr_FR"]},{"@type":"Person","@id":"https:\/\/elmawkie.dz\/fr\/#\/schema\/person\/4ed8433201bc23634185d8dd37097c64","name":"Hamra Fouzia","image":{"@type":"ImageObject","inLanguage":"fr-FR","@id":"https:\/\/elmawkie.dz\/fr\/#\/schema\/person\/image\/","url":"https:\/\/secure.gravatar.com\/avatar\/ea215268aad51f3219f9a59227db6fa1?s=96&d=mm&r=g","contentUrl":"https:\/\/secure.gravatar.com\/avatar\/ea215268aad51f3219f9a59227db6fa1?s=96&d=mm&r=g","caption":"Hamra Fouzia"},"sameAs":["https:\/\/elmawkie.dz\/fr"],"url":"https:\/\/elmawkie.dz\/fr\/author\/elmawkie\/"}]}},"_links":{"self":[{"href":"https:\/\/elmawkie.dz\/fr\/wp-json\/wp\/v2\/posts\/1379","targetHints":{"allow":["GET"]}}],"collection":[{"href":"https:\/\/elmawkie.dz\/fr\/wp-json\/wp\/v2\/posts"}],"about":[{"href":"https:\/\/elmawkie.dz\/fr\/wp-json\/wp\/v2\/types\/post"}],"author":[{"embeddable":true,"href":"https:\/\/elmawkie.dz\/fr\/wp-json\/wp\/v2\/users\/3"}],"replies":[{"embeddable":true,"href":"https:\/\/elmawkie.dz\/fr\/wp-json\/wp\/v2\/comments?post=1379"}],"version-history":[{"count":0,"href":"https:\/\/elmawkie.dz\/fr\/wp-json\/wp\/v2\/posts\/1379\/revisions"}],"wp:featuredmedia":[{"embeddable":true,"href":"https:\/\/elmawkie.dz\/fr\/wp-json\/wp\/v2\/media\/1383"}],"wp:attachment":[{"href":"https:\/\/elmawkie.dz\/fr\/wp-json\/wp\/v2\/media?parent=1379"}],"wp:term":[{"taxonomy":"category","embeddable":true,"href":"https:\/\/elmawkie.dz\/fr\/wp-json\/wp\/v2\/categories?post=1379"},{"taxonomy":"post_tag","embeddable":true,"href":"https:\/\/elmawkie.dz\/fr\/wp-json\/wp\/v2\/tags?post=1379"}],"curies":[{"name":"wp","href":"https:\/\/api.w.org\/{rel}","templated":true}]}}