{"id":1373,"date":"2024-05-30T22:57:44","date_gmt":"2024-05-30T21:57:44","guid":{"rendered":"https:\/\/elmawkie.dz\/fr\/?p=1373"},"modified":"2024-05-30T22:57:44","modified_gmt":"2024-05-30T21:57:44","slug":"la-slovenie-votera-mardi-pour-la-reconnaissance-de-letat-de-palestine","status":"publish","type":"post","link":"https:\/\/elmawkie.dz\/fr\/la-slovenie-votera-mardi-pour-la-reconnaissance-de-letat-de-palestine\/","title":{"rendered":"La Slov\u00e9nie votera Mardi pour la reconnaissance de l\u2019\u00e9tat de Palestine"},"content":{"rendered":"<p>Le Premier ministre slov\u00e8ne, Robert Golub, a annonc\u00e9 ce jeudi, que son pays compte reconna\u00eetre l\u2019\u00c9tat de Palestine, ce qui en fait le quatri\u00e8me pays \u00e0 prendre une telle mesure en quelques jours, a rapport\u00e9 l\u2019agence de presse officielle de la Slovanie .<\/p>\n<p>Selon l\u2019agence, le Parlement slov\u00e8ne va voter mardi la reconnaissance officielle de l&rsquo;\u00c9tat de Palestine, alors que l&rsquo;Espagne, l&rsquo;Irlande et la Norv\u00e8ge ont d\u00e9j\u00e0 reconnu l\u2019\u00e9tat palestinienne le 28 Mai 2024 .<\/p>\n<p>D\u2019apr\u00e8s la pr\u00e9sidente Son pays avait, selon ses dires, d\u00e9cid\u00e9 de reconna\u00eetre la Palestine comme un \u00c9tat ind\u00e9pendant et souverain sur les fronti\u00e8res de 1967, conform\u00e9ment au droit international et aux r\u00e9solutions du Conseil de s\u00e9curit\u00e9 de l\u2019ONU, indique la m\u00eame source.<\/p>\n","protected":false},"excerpt":{"rendered":"<p>Le Premier ministre slov\u00e8ne, Robert Golub, a annonc\u00e9 ce jeudi, que son pays compte reconna\u00eetre l\u2019\u00c9tat de Palestine, ce qui en fait le quatri\u00e8me pays \u00e0 prendre une telle mesure en quelques jours, a rapport\u00e9 l\u2019agence de presse officielle de la Slovanie . Selon l\u2019agence, le Parlement slov\u00e8ne va voter mardi la reconnaissance officielle de &hellip;<\/p>\n","protected":false},"author":3,"featured_media":1375,"comment_status":"open","ping_status":"open","sticky":false,"template":"","format":"standard","meta":{"footnotes":""},"categories":[44],"tags":[],"class_list":["post-1373","post","type-post","status-publish","format-standard","has-post-thumbnail","hentry","category-international"],"yoast_head":"<!-- This site is optimized with the Yoast SEO Premium plugin v22.6 (Yoast SEO v22.6) - https:\/\/yoast.com\/wordpress\/plugins\/seo\/ -->\n<title>La Slov\u00e9nie votera Mardi pour la reconnaissance de l\u2019\u00e9tat de Palestine - El Mawkie<\/title>\n<meta name=\"robots\" content=\"index, follow, max-snippet:-1, max-image-preview:large, max-video-preview:-1\" \/>\n<link rel=\"canonical\" href=\"https:\/\/elmawkie.dz\/fr\/la-slovenie-votera-mardi-pour-la-reconnaissance-de-letat-de-palestine\/\" \/>\n<meta property=\"og:locale\" content=\"fr_FR\" \/>\n<meta property=\"og:type\" content=\"article\" \/>\n<meta property=\"og:title\" content=\"La Slov\u00e9nie votera Mardi pour la reconnaissance de l\u2019\u00e9tat de Palestine\" \/>\n<meta property=\"og:description\" content=\"Le Premier ministre slov\u00e8ne, Robert Golub, a annonc\u00e9 ce jeudi, que son pays compte reconna\u00eetre l\u2019\u00c9tat de Palestine, ce qui en fait le quatri\u00e8me pays \u00e0 prendre une telle mesure en quelques jours, a rapport\u00e9 l\u2019agence de presse officielle de la Slovanie . Selon l\u2019agence, le Parlement slov\u00e8ne va voter mardi la reconnaissance officielle de &hellip;\" \/>\n<meta property=\"og:url\" content=\"https:\/\/elmawkie.dz\/fr\/la-slovenie-votera-mardi-pour-la-reconnaissance-de-letat-de-palestine\/\" \/>\n<meta property=\"og:site_name\" content=\"El Mawkie\" \/>\n<meta property=\"article:publisher\" content=\"https:\/\/www.facebook.com\/profile.php?id=100088407094989&amp;locale=fr_FR\" \/>\n<meta property=\"article:published_time\" content=\"2024-05-30T21:57:44+00:00\" \/>\n<meta property=\"og:image\" content=\"https:\/\/elmawkie.dz\/fr\/wp-content\/uploads\/2024\/05\/IMG_6289.jpeg\" \/>\n\t<meta property=\"og:image:width\" content=\"275\" \/>\n\t<meta property=\"og:image:height\" content=\"183\" \/>\n\t<meta property=\"og:image:type\" content=\"image\/jpeg\" \/>\n<meta name=\"author\" content=\"Hamra Fouzia\" \/>\n<meta name=\"twitter:card\" content=\"summary_large_image\" \/>\n<meta name=\"twitter:label1\" content=\"Written by\" \/>\n\t<meta name=\"twitter:data1\" content=\"Hamra Fouzia\" \/>\n\t<meta name=\"twitter:label2\" content=\"Est. reading time\" \/>\n\t<meta name=\"twitter:data2\" content=\"1 minute\" \/>\n<script type=\"application\/ld+json\" class=\"yoast-schema-graph\">{\"@context\":\"https:\/\/schema.org\",\"@graph\":[{\"@type\":\"Article\",\"@id\":\"https:\/\/elmawkie.dz\/fr\/la-slovenie-votera-mardi-pour-la-reconnaissance-de-letat-de-palestine\/#article\",\"isPartOf\":{\"@id\":\"https:\/\/elmawkie.dz\/fr\/la-slovenie-votera-mardi-pour-la-reconnaissance-de-letat-de-palestine\/\"},\"author\":{\"name\":\"Hamra Fouzia\",\"@id\":\"https:\/\/elmawkie.dz\/fr\/#\/schema\/person\/4ed8433201bc23634185d8dd37097c64\"},\"headline\":\"La Slov\u00e9nie votera Mardi pour la reconnaissance de l\u2019\u00e9tat de Palestine\",\"datePublished\":\"2024-05-30T21:57:44+00:00\",\"dateModified\":\"2024-05-30T21:57:44+00:00\",\"mainEntityOfPage\":{\"@id\":\"https:\/\/elmawkie.dz\/fr\/la-slovenie-votera-mardi-pour-la-reconnaissance-de-letat-de-palestine\/\"},\"wordCount\":149,\"commentCount\":0,\"publisher\":{\"@id\":\"https:\/\/elmawkie.dz\/fr\/#organization\"},\"image\":{\"@id\":\"https:\/\/elmawkie.dz\/fr\/la-slovenie-votera-mardi-pour-la-reconnaissance-de-letat-de-palestine\/#primaryimage\"},\"thumbnailUrl\":\"https:\/\/elmawkie.dz\/fr\/wp-content\/uploads\/2024\/05\/IMG_6289.jpeg\",\"articleSection\":[\"International\"],\"inLanguage\":\"fr-FR\",\"potentialAction\":[{\"@type\":\"CommentAction\",\"name\":\"Comment\",\"target\":[\"https:\/\/elmawkie.dz\/fr\/la-slovenie-votera-mardi-pour-la-reconnaissance-de-letat-de-palestine\/#respond\"]}]},{\"@type\":\"WebPage\",\"@id\":\"https:\/\/elmawkie.dz\/fr\/la-slovenie-votera-mardi-pour-la-reconnaissance-de-letat-de-palestine\/\",\"url\":\"https:\/\/elmawkie.dz\/fr\/la-slovenie-votera-mardi-pour-la-reconnaissance-de-letat-de-palestine\/\",\"name\":\"La Slov\u00e9nie votera Mardi pour la reconnaissance de l\u2019\u00e9tat de Palestine - El Mawkie\",\"isPartOf\":{\"@id\":\"https:\/\/elmawkie.dz\/fr\/#website\"},\"primaryImageOfPage\":{\"@id\":\"https:\/\/elmawkie.dz\/fr\/la-slovenie-votera-mardi-pour-la-reconnaissance-de-letat-de-palestine\/#primaryimage\"},\"image\":{\"@id\":\"https:\/\/elmawkie.dz\/fr\/la-slovenie-votera-mardi-pour-la-reconnaissance-de-letat-de-palestine\/#primaryimage\"},\"thumbnailUrl\":\"https:\/\/elmawkie.dz\/fr\/wp-content\/uploads\/2024\/05\/IMG_6289.jpeg\",\"datePublished\":\"2024-05-30T21:57:44+00:00\",\"dateModified\":\"2024-05-30T21:57:44+00:00\",\"breadcrumb\":{\"@id\":\"https:\/\/elmawkie.dz\/fr\/la-slovenie-votera-mardi-pour-la-reconnaissance-de-letat-de-palestine\/#breadcrumb\"},\"inLanguage\":\"fr-FR\",\"potentialAction\":[{\"@type\":\"ReadAction\",\"target\":[\"https:\/\/elmawkie.dz\/fr\/la-slovenie-votera-mardi-pour-la-reconnaissance-de-letat-de-palestine\/\"]}]},{\"@type\":\"ImageObject\",\"inLanguage\":\"fr-FR\",\"@id\":\"https:\/\/elmawkie.dz\/fr\/la-slovenie-votera-mardi-pour-la-reconnaissance-de-letat-de-palestine\/#primaryimage\",\"url\":\"https:\/\/elmawkie.dz\/fr\/wp-content\/uploads\/2024\/05\/IMG_6289.jpeg\",\"contentUrl\":\"https:\/\/elmawkie.dz\/fr\/wp-content\/uploads\/2024\/05\/IMG_6289.jpeg\",\"width\":275,\"height\":183},{\"@type\":\"BreadcrumbList\",\"@id\":\"https:\/\/elmawkie.dz\/fr\/la-slovenie-votera-mardi-pour-la-reconnaissance-de-letat-de-palestine\/#breadcrumb\",\"itemListElement\":[{\"@type\":\"ListItem\",\"position\":1,\"name\":\"Home\",\"item\":\"https:\/\/elmawkie.dz\/fr\/\"},{\"@type\":\"ListItem\",\"position\":2,\"name\":\"La Slov\u00e9nie votera Mardi pour la reconnaissance de l\u2019\u00e9tat de Palestine\"}]},{\"@type\":\"WebSite\",\"@id\":\"https:\/\/elmawkie.dz\/fr\/#website\",\"url\":\"https:\/\/elmawkie.dz\/fr\/\",\"name\":\"EL MAWKIE\",\"description\":\"Journal \u00c9lectronique Alg\u00e9rien\",\"publisher\":{\"@id\":\"https:\/\/elmawkie.dz\/fr\/#organization\"},\"potentialAction\":[{\"@type\":\"SearchAction\",\"target\":{\"@type\":\"EntryPoint\",\"urlTemplate\":\"https:\/\/elmawkie.dz\/fr\/?s={search_term_string}\"},\"query-input\":\"required name=search_term_string\"}],\"inLanguage\":\"fr-FR\"},{\"@type\":\"Organization\",\"@id\":\"https:\/\/elmawkie.dz\/fr\/#organization\",\"name\":\"EL MAWKIE\",\"url\":\"https:\/\/elmawkie.dz\/fr\/\",\"logo\":{\"@type\":\"ImageObject\",\"inLanguage\":\"fr-FR\",\"@id\":\"https:\/\/elmawkie.dz\/fr\/#\/schema\/logo\/image\/\",\"url\":\"https:\/\/elmawkie.dz\/fr\/wp-content\/uploads\/2024\/05\/logo1.png\",\"contentUrl\":\"https:\/\/elmawkie.dz\/fr\/wp-content\/uploads\/2024\/05\/logo1.png\",\"width\":1648,\"height\":652,\"caption\":\"EL MAWKIE\"},\"image\":{\"@id\":\"https:\/\/elmawkie.dz\/fr\/#\/schema\/logo\/image\/\"},\"sameAs\":[\"https:\/\/www.facebook.com\/profile.php?id=100088407094989&locale=fr_FR\"]},{\"@type\":\"Person\",\"@id\":\"https:\/\/elmawkie.dz\/fr\/#\/schema\/person\/4ed8433201bc23634185d8dd37097c64\",\"name\":\"Hamra Fouzia\",\"image\":{\"@type\":\"ImageObject\",\"inLanguage\":\"fr-FR\",\"@id\":\"https:\/\/elmawkie.dz\/fr\/#\/schema\/person\/image\/\",\"url\":\"https:\/\/secure.gravatar.com\/avatar\/ea215268aad51f3219f9a59227db6fa1?s=96&d=mm&r=g\",\"contentUrl\":\"https:\/\/secure.gravatar.com\/avatar\/ea215268aad51f3219f9a59227db6fa1?s=96&d=mm&r=g\",\"caption\":\"Hamra Fouzia\"},\"sameAs\":[\"https:\/\/elmawkie.dz\/fr\"],\"url\":\"https:\/\/elmawkie.dz\/fr\/author\/elmawkie\/\"}]}<\/script>\n<!-- \/ Yoast SEO Premium plugin. -->","yoast_head_json":{"title":"La Slov\u00e9nie votera Mardi pour la reconnaissance de l\u2019\u00e9tat de Palestine - El Mawkie","robots":{"index":"index","follow":"follow","max-snippet":"max-snippet:-1","max-image-preview":"max-image-preview:large","max-video-preview":"max-video-preview:-1"},"canonical":"https:\/\/elmawkie.dz\/fr\/la-slovenie-votera-mardi-pour-la-reconnaissance-de-letat-de-palestine\/","og_locale":"fr_FR","og_type":"article","og_title":"La Slov\u00e9nie votera Mardi pour la reconnaissance de l\u2019\u00e9tat de Palestine","og_description":"Le Premier ministre slov\u00e8ne, Robert Golub, a annonc\u00e9 ce jeudi, que son pays compte reconna\u00eetre l\u2019\u00c9tat de Palestine, ce qui en fait le quatri\u00e8me pays \u00e0 prendre une telle mesure en quelques jours, a rapport\u00e9 l\u2019agence de presse officielle de la Slovanie . Selon l\u2019agence, le Parlement slov\u00e8ne va voter mardi la reconnaissance officielle de &hellip;","og_url":"https:\/\/elmawkie.dz\/fr\/la-slovenie-votera-mardi-pour-la-reconnaissance-de-letat-de-palestine\/","og_site_name":"El Mawkie","article_publisher":"https:\/\/www.facebook.com\/profile.php?id=100088407094989&locale=fr_FR","article_published_time":"2024-05-30T21:57:44+00:00","og_image":[{"width":275,"height":183,"url":"https:\/\/elmawkie.dz\/fr\/wp-content\/uploads\/2024\/05\/IMG_6289.jpeg","type":"image\/jpeg"}],"author":"Hamra Fouzia","twitter_card":"summary_large_image","twitter_misc":{"Written by":"Hamra Fouzia","Est. reading time":"1 minute"},"schema":{"@context":"https:\/\/schema.org","@graph":[{"@type":"Article","@id":"https:\/\/elmawkie.dz\/fr\/la-slovenie-votera-mardi-pour-la-reconnaissance-de-letat-de-palestine\/#article","isPartOf":{"@id":"https:\/\/elmawkie.dz\/fr\/la-slovenie-votera-mardi-pour-la-reconnaissance-de-letat-de-palestine\/"},"author":{"name":"Hamra Fouzia","@id":"https:\/\/elmawkie.dz\/fr\/#\/schema\/person\/4ed8433201bc23634185d8dd37097c64"},"headline":"La Slov\u00e9nie votera Mardi pour la reconnaissance de l\u2019\u00e9tat de Palestine","datePublished":"2024-05-30T21:57:44+00:00","dateModified":"2024-05-30T21:57:44+00:00","mainEntityOfPage":{"@id":"https:\/\/elmawkie.dz\/fr\/la-slovenie-votera-mardi-pour-la-reconnaissance-de-letat-de-palestine\/"},"wordCount":149,"commentCount":0,"publisher":{"@id":"https:\/\/elmawkie.dz\/fr\/#organization"},"image":{"@id":"https:\/\/elmawkie.dz\/fr\/la-slovenie-votera-mardi-pour-la-reconnaissance-de-letat-de-palestine\/#primaryimage"},"thumbnailUrl":"https:\/\/elmawkie.dz\/fr\/wp-content\/uploads\/2024\/05\/IMG_6289.jpeg","articleSection":["International"],"inLanguage":"fr-FR","potentialAction":[{"@type":"CommentAction","name":"Comment","target":["https:\/\/elmawkie.dz\/fr\/la-slovenie-votera-mardi-pour-la-reconnaissance-de-letat-de-palestine\/#respond"]}]},{"@type":"WebPage","@id":"https:\/\/elmawkie.dz\/fr\/la-slovenie-votera-mardi-pour-la-reconnaissance-de-letat-de-palestine\/","url":"https:\/\/elmawkie.dz\/fr\/la-slovenie-votera-mardi-pour-la-reconnaissance-de-letat-de-palestine\/","name":"La Slov\u00e9nie votera Mardi pour la reconnaissance de l\u2019\u00e9tat de Palestine - El Mawkie","isPartOf":{"@id":"https:\/\/elmawkie.dz\/fr\/#website"},"primaryImageOfPage":{"@id":"https:\/\/elmawkie.dz\/fr\/la-slovenie-votera-mardi-pour-la-reconnaissance-de-letat-de-palestine\/#primaryimage"},"image":{"@id":"https:\/\/elmawkie.dz\/fr\/la-slovenie-votera-mardi-pour-la-reconnaissance-de-letat-de-palestine\/#primaryimage"},"thumbnailUrl":"https:\/\/elmawkie.dz\/fr\/wp-content\/uploads\/2024\/05\/IMG_6289.jpeg","datePublished":"2024-05-30T21:57:44+00:00","dateModified":"2024-05-30T21:57:44+00:00","breadcrumb":{"@id":"https:\/\/elmawkie.dz\/fr\/la-slovenie-votera-mardi-pour-la-reconnaissance-de-letat-de-palestine\/#breadcrumb"},"inLanguage":"fr-FR","potentialAction":[{"@type":"ReadAction","target":["https:\/\/elmawkie.dz\/fr\/la-slovenie-votera-mardi-pour-la-reconnaissance-de-letat-de-palestine\/"]}]},{"@type":"ImageObject","inLanguage":"fr-FR","@id":"https:\/\/elmawkie.dz\/fr\/la-slovenie-votera-mardi-pour-la-reconnaissance-de-letat-de-palestine\/#primaryimage","url":"https:\/\/elmawkie.dz\/fr\/wp-content\/uploads\/2024\/05\/IMG_6289.jpeg","contentUrl":"https:\/\/elmawkie.dz\/fr\/wp-content\/uploads\/2024\/05\/IMG_6289.jpeg","width":275,"height":183},{"@type":"BreadcrumbList","@id":"https:\/\/elmawkie.dz\/fr\/la-slovenie-votera-mardi-pour-la-reconnaissance-de-letat-de-palestine\/#breadcrumb","itemListElement":[{"@type":"ListItem","position":1,"name":"Home","item":"https:\/\/elmawkie.dz\/fr\/"},{"@type":"ListItem","position":2,"name":"La Slov\u00e9nie votera Mardi pour la reconnaissance de l\u2019\u00e9tat de Palestine"}]},{"@type":"WebSite","@id":"https:\/\/elmawkie.dz\/fr\/#website","url":"https:\/\/elmawkie.dz\/fr\/","name":"EL MAWKIE","description":"Journal \u00c9lectronique Alg\u00e9rien","publisher":{"@id":"https:\/\/elmawkie.dz\/fr\/#organization"},"potentialAction":[{"@type":"SearchAction","target":{"@type":"EntryPoint","urlTemplate":"https:\/\/elmawkie.dz\/fr\/?s={search_term_string}"},"query-input":"required name=search_term_string"}],"inLanguage":"fr-FR"},{"@type":"Organization","@id":"https:\/\/elmawkie.dz\/fr\/#organization","name":"EL MAWKIE","url":"https:\/\/elmawkie.dz\/fr\/","logo":{"@type":"ImageObject","inLanguage":"fr-FR","@id":"https:\/\/elmawkie.dz\/fr\/#\/schema\/logo\/image\/","url":"https:\/\/elmawkie.dz\/fr\/wp-content\/uploads\/2024\/05\/logo1.png","contentUrl":"https:\/\/elmawkie.dz\/fr\/wp-content\/uploads\/2024\/05\/logo1.png","width":1648,"height":652,"caption":"EL MAWKIE"},"image":{"@id":"https:\/\/elmawkie.dz\/fr\/#\/schema\/logo\/image\/"},"sameAs":["https:\/\/www.facebook.com\/profile.php?id=100088407094989&locale=fr_FR"]},{"@type":"Person","@id":"https:\/\/elmawkie.dz\/fr\/#\/schema\/person\/4ed8433201bc23634185d8dd37097c64","name":"Hamra Fouzia","image":{"@type":"ImageObject","inLanguage":"fr-FR","@id":"https:\/\/elmawkie.dz\/fr\/#\/schema\/person\/image\/","url":"https:\/\/secure.gravatar.com\/avatar\/ea215268aad51f3219f9a59227db6fa1?s=96&d=mm&r=g","contentUrl":"https:\/\/secure.gravatar.com\/avatar\/ea215268aad51f3219f9a59227db6fa1?s=96&d=mm&r=g","caption":"Hamra Fouzia"},"sameAs":["https:\/\/elmawkie.dz\/fr"],"url":"https:\/\/elmawkie.dz\/fr\/author\/elmawkie\/"}]}},"_links":{"self":[{"href":"https:\/\/elmawkie.dz\/fr\/wp-json\/wp\/v2\/posts\/1373","targetHints":{"allow":["GET"]}}],"collection":[{"href":"https:\/\/elmawkie.dz\/fr\/wp-json\/wp\/v2\/posts"}],"about":[{"href":"https:\/\/elmawkie.dz\/fr\/wp-json\/wp\/v2\/types\/post"}],"author":[{"embeddable":true,"href":"https:\/\/elmawkie.dz\/fr\/wp-json\/wp\/v2\/users\/3"}],"replies":[{"embeddable":true,"href":"https:\/\/elmawkie.dz\/fr\/wp-json\/wp\/v2\/comments?post=1373"}],"version-history":[{"count":0,"href":"https:\/\/elmawkie.dz\/fr\/wp-json\/wp\/v2\/posts\/1373\/revisions"}],"wp:featuredmedia":[{"embeddable":true,"href":"https:\/\/elmawkie.dz\/fr\/wp-json\/wp\/v2\/media\/1375"}],"wp:attachment":[{"href":"https:\/\/elmawkie.dz\/fr\/wp-json\/wp\/v2\/media?parent=1373"}],"wp:term":[{"taxonomy":"category","embeddable":true,"href":"https:\/\/elmawkie.dz\/fr\/wp-json\/wp\/v2\/categories?post=1373"},{"taxonomy":"post_tag","embeddable":true,"href":"https:\/\/elmawkie.dz\/fr\/wp-json\/wp\/v2\/tags?post=1373"}],"curies":[{"name":"wp","href":"https:\/\/api.w.org\/{rel}","templated":true}]}}