{"id":1370,"date":"2024-05-30T21:42:20","date_gmt":"2024-05-30T20:42:20","guid":{"rendered":"https:\/\/elmawkie.dz\/fr\/?p=1370"},"modified":"2024-05-30T21:42:20","modified_gmt":"2024-05-30T20:42:20","slug":"le-president-de-la-republique-reitere-le-soutien-de-lalgerie-aux-causes-justes-a-travers-le-monde","status":"publish","type":"post","link":"https:\/\/elmawkie.dz\/fr\/le-president-de-la-republique-reitere-le-soutien-de-lalgerie-aux-causes-justes-a-travers-le-monde\/","title":{"rendered":"Le pr\u00e9sident de la R\u00e9publique r\u00e9it\u00e8re le soutien de l&rsquo;Alg\u00e9rie aux causes justes \u00e0 travers le monde"},"content":{"rendered":"<div class=\"itemIntroText col-xs-hidden \">\n<p><strong>KHENCHELA &#8211; Le pr\u00e9sident de la R\u00e9publique, M. Abdelmadjid Tebboune, a r\u00e9it\u00e9r\u00e9, jeudi depuis la wilaya de Khenchela, le soutien de l&rsquo;Alg\u00e9rie en faveur des causes justes \u00e0 travers le monde, en t\u00eate desquelles la cause palestinienne qu&rsquo;il a qualifi\u00e9e de \u00ab\u00a0cause de tout le peuple alg\u00e9rien\u00a0\u00bb.<\/strong><\/p>\n<\/div>\n<div class=\"itemFullText\">\n<p>\u00ab\u00a0La performance de la diplomatie alg\u00e9rienne est honorable, et nous devons, de ce fait, \u00eatre forts \u00e0 l&rsquo;int\u00e9rieur du pays, car la consolidation du front int\u00e9rieur nous permet de soutenir les causes justes \u00e0 travers le monde, \u00e0 l&rsquo;instar de la Palestine et du Sahara occidental, consid\u00e9r\u00e9 comme la derni\u00e8re colonie en Afrique, et pour laquelle les Nations unies doivent parvenir \u00e0 une solution \u00e0 l&rsquo;effet de permettre au peuple sahraoui d&rsquo;acc\u00e9der \u00e0 son autod\u00e9termination\u00a0\u00bb, a d\u00e9clar\u00e9 le pr\u00e9sident de la R\u00e9publique lors de sa rencontre avec les notables et les repr\u00e9sentants de la soci\u00e9t\u00e9 civile de la wilaya de Khenchela.<\/p>\n<p>A ce propos, le pr\u00e9sident de la R\u00e9publique a soulign\u00e9 que la cause palestinienne \u00e9tait \u00ab\u00a0la cause de tous les Alg\u00e9riens\u00a0\u00bb, affirmant que la Palestine, \u00ab\u00a0premi\u00e8re des deux qiblas et troisi\u00e8me des Lieux saints\u00a0\u00bb, figurait parmi \u00ab\u00a0les principes sacro-saints du peuple alg\u00e9rien\u00a0\u00bb.<\/p>\n<p>Le pr\u00e9sident de la R\u00e9publique a, \u00e9galement, rappel\u00e9 que l&rsquo;Alg\u00e9rie avait lanc\u00e9 un appel \u00e0 tous les hommes \u00e9pris de libert\u00e9 de par le monde \u00e0 recourir \u00e0 la Cour internationale de justice (CIJ) pour condamner l&rsquo;entit\u00e9 sioniste, affirmant, par la m\u00eame, que l&rsquo;Alg\u00e9rie \u00ab\u00a0poursuivra ses efforts en vue de d\u00e9fendre la cause palestinienne\u00a0\u00bb.Aps<\/p>\n<\/div>\n","protected":false},"excerpt":{"rendered":"<p>KHENCHELA &#8211; Le pr\u00e9sident de la R\u00e9publique, M. Abdelmadjid Tebboune, a r\u00e9it\u00e9r\u00e9, jeudi depuis la wilaya de Khenchela, le soutien de l&rsquo;Alg\u00e9rie en faveur des causes justes \u00e0 travers le monde, en t\u00eate desquelles la cause palestinienne qu&rsquo;il a qualifi\u00e9e de \u00ab\u00a0cause de tout le peuple alg\u00e9rien\u00a0\u00bb. \u00ab\u00a0La performance de la diplomatie alg\u00e9rienne est honorable, &hellip;<\/p>\n","protected":false},"author":3,"featured_media":1371,"comment_status":"open","ping_status":"open","sticky":false,"template":"","format":"standard","meta":{"footnotes":""},"categories":[47],"tags":[],"class_list":["post-1370","post","type-post","status-publish","format-standard","has-post-thumbnail","hentry","category-national"],"yoast_head":"<!-- This site is optimized with the Yoast SEO Premium plugin v22.6 (Yoast SEO v22.6) - https:\/\/yoast.com\/wordpress\/plugins\/seo\/ -->\n<title>Le pr\u00e9sident de la R\u00e9publique r\u00e9it\u00e8re le soutien de l&#039;Alg\u00e9rie aux causes justes \u00e0 travers le monde - El Mawkie<\/title>\n<meta name=\"robots\" content=\"index, follow, max-snippet:-1, max-image-preview:large, max-video-preview:-1\" \/>\n<link rel=\"canonical\" href=\"https:\/\/elmawkie.dz\/fr\/le-president-de-la-republique-reitere-le-soutien-de-lalgerie-aux-causes-justes-a-travers-le-monde\/\" \/>\n<meta property=\"og:locale\" content=\"fr_FR\" \/>\n<meta property=\"og:type\" content=\"article\" \/>\n<meta property=\"og:title\" content=\"Le pr\u00e9sident de la R\u00e9publique r\u00e9it\u00e8re le soutien de l&#039;Alg\u00e9rie aux causes justes \u00e0 travers le monde\" \/>\n<meta property=\"og:description\" content=\"KHENCHELA &#8211; Le pr\u00e9sident de la R\u00e9publique, M. Abdelmadjid Tebboune, a r\u00e9it\u00e9r\u00e9, jeudi depuis la wilaya de Khenchela, le soutien de l&rsquo;Alg\u00e9rie en faveur des causes justes \u00e0 travers le monde, en t\u00eate desquelles la cause palestinienne qu&rsquo;il a qualifi\u00e9e de \u00ab\u00a0cause de tout le peuple alg\u00e9rien\u00a0\u00bb. \u00ab\u00a0La performance de la diplomatie alg\u00e9rienne est honorable, &hellip;\" \/>\n<meta property=\"og:url\" content=\"https:\/\/elmawkie.dz\/fr\/le-president-de-la-republique-reitere-le-soutien-de-lalgerie-aux-causes-justes-a-travers-le-monde\/\" \/>\n<meta property=\"og:site_name\" content=\"El Mawkie\" \/>\n<meta property=\"article:publisher\" content=\"https:\/\/www.facebook.com\/profile.php?id=100088407094989&amp;locale=fr_FR\" \/>\n<meta property=\"article:published_time\" content=\"2024-05-30T20:42:20+00:00\" \/>\n<meta property=\"og:image\" content=\"https:\/\/elmawkie.dz\/fr\/wp-content\/uploads\/2024\/05\/IMG_6276.jpeg\" \/>\n\t<meta property=\"og:image:width\" content=\"580\" \/>\n\t<meta property=\"og:image:height\" content=\"350\" \/>\n\t<meta property=\"og:image:type\" content=\"image\/jpeg\" \/>\n<meta name=\"author\" content=\"Hamra Fouzia\" \/>\n<meta name=\"twitter:card\" content=\"summary_large_image\" \/>\n<meta name=\"twitter:label1\" content=\"Written by\" \/>\n\t<meta name=\"twitter:data1\" content=\"Hamra Fouzia\" \/>\n\t<meta name=\"twitter:label2\" content=\"Est. reading time\" \/>\n\t<meta name=\"twitter:data2\" content=\"2 minutes\" \/>\n<script type=\"application\/ld+json\" class=\"yoast-schema-graph\">{\"@context\":\"https:\/\/schema.org\",\"@graph\":[{\"@type\":\"Article\",\"@id\":\"https:\/\/elmawkie.dz\/fr\/le-president-de-la-republique-reitere-le-soutien-de-lalgerie-aux-causes-justes-a-travers-le-monde\/#article\",\"isPartOf\":{\"@id\":\"https:\/\/elmawkie.dz\/fr\/le-president-de-la-republique-reitere-le-soutien-de-lalgerie-aux-causes-justes-a-travers-le-monde\/\"},\"author\":{\"name\":\"Hamra Fouzia\",\"@id\":\"https:\/\/elmawkie.dz\/fr\/#\/schema\/person\/4ed8433201bc23634185d8dd37097c64\"},\"headline\":\"Le pr\u00e9sident de la R\u00e9publique r\u00e9it\u00e8re le soutien de l&rsquo;Alg\u00e9rie aux causes justes \u00e0 travers le monde\",\"datePublished\":\"2024-05-30T20:42:20+00:00\",\"dateModified\":\"2024-05-30T20:42:20+00:00\",\"mainEntityOfPage\":{\"@id\":\"https:\/\/elmawkie.dz\/fr\/le-president-de-la-republique-reitere-le-soutien-de-lalgerie-aux-causes-justes-a-travers-le-monde\/\"},\"wordCount\":298,\"commentCount\":0,\"publisher\":{\"@id\":\"https:\/\/elmawkie.dz\/fr\/#organization\"},\"image\":{\"@id\":\"https:\/\/elmawkie.dz\/fr\/le-president-de-la-republique-reitere-le-soutien-de-lalgerie-aux-causes-justes-a-travers-le-monde\/#primaryimage\"},\"thumbnailUrl\":\"https:\/\/elmawkie.dz\/fr\/wp-content\/uploads\/2024\/05\/IMG_6276.jpeg\",\"articleSection\":[\"National\"],\"inLanguage\":\"fr-FR\",\"potentialAction\":[{\"@type\":\"CommentAction\",\"name\":\"Comment\",\"target\":[\"https:\/\/elmawkie.dz\/fr\/le-president-de-la-republique-reitere-le-soutien-de-lalgerie-aux-causes-justes-a-travers-le-monde\/#respond\"]}]},{\"@type\":\"WebPage\",\"@id\":\"https:\/\/elmawkie.dz\/fr\/le-president-de-la-republique-reitere-le-soutien-de-lalgerie-aux-causes-justes-a-travers-le-monde\/\",\"url\":\"https:\/\/elmawkie.dz\/fr\/le-president-de-la-republique-reitere-le-soutien-de-lalgerie-aux-causes-justes-a-travers-le-monde\/\",\"name\":\"Le pr\u00e9sident de la R\u00e9publique r\u00e9it\u00e8re le soutien de l'Alg\u00e9rie aux causes justes \u00e0 travers le monde - El Mawkie\",\"isPartOf\":{\"@id\":\"https:\/\/elmawkie.dz\/fr\/#website\"},\"primaryImageOfPage\":{\"@id\":\"https:\/\/elmawkie.dz\/fr\/le-president-de-la-republique-reitere-le-soutien-de-lalgerie-aux-causes-justes-a-travers-le-monde\/#primaryimage\"},\"image\":{\"@id\":\"https:\/\/elmawkie.dz\/fr\/le-president-de-la-republique-reitere-le-soutien-de-lalgerie-aux-causes-justes-a-travers-le-monde\/#primaryimage\"},\"thumbnailUrl\":\"https:\/\/elmawkie.dz\/fr\/wp-content\/uploads\/2024\/05\/IMG_6276.jpeg\",\"datePublished\":\"2024-05-30T20:42:20+00:00\",\"dateModified\":\"2024-05-30T20:42:20+00:00\",\"breadcrumb\":{\"@id\":\"https:\/\/elmawkie.dz\/fr\/le-president-de-la-republique-reitere-le-soutien-de-lalgerie-aux-causes-justes-a-travers-le-monde\/#breadcrumb\"},\"inLanguage\":\"fr-FR\",\"potentialAction\":[{\"@type\":\"ReadAction\",\"target\":[\"https:\/\/elmawkie.dz\/fr\/le-president-de-la-republique-reitere-le-soutien-de-lalgerie-aux-causes-justes-a-travers-le-monde\/\"]}]},{\"@type\":\"ImageObject\",\"inLanguage\":\"fr-FR\",\"@id\":\"https:\/\/elmawkie.dz\/fr\/le-president-de-la-republique-reitere-le-soutien-de-lalgerie-aux-causes-justes-a-travers-le-monde\/#primaryimage\",\"url\":\"https:\/\/elmawkie.dz\/fr\/wp-content\/uploads\/2024\/05\/IMG_6276.jpeg\",\"contentUrl\":\"https:\/\/elmawkie.dz\/fr\/wp-content\/uploads\/2024\/05\/IMG_6276.jpeg\",\"width\":580,\"height\":350},{\"@type\":\"BreadcrumbList\",\"@id\":\"https:\/\/elmawkie.dz\/fr\/le-president-de-la-republique-reitere-le-soutien-de-lalgerie-aux-causes-justes-a-travers-le-monde\/#breadcrumb\",\"itemListElement\":[{\"@type\":\"ListItem\",\"position\":1,\"name\":\"Home\",\"item\":\"https:\/\/elmawkie.dz\/fr\/\"},{\"@type\":\"ListItem\",\"position\":2,\"name\":\"Le pr\u00e9sident de la R\u00e9publique r\u00e9it\u00e8re le soutien de l&rsquo;Alg\u00e9rie aux causes justes \u00e0 travers le monde\"}]},{\"@type\":\"WebSite\",\"@id\":\"https:\/\/elmawkie.dz\/fr\/#website\",\"url\":\"https:\/\/elmawkie.dz\/fr\/\",\"name\":\"EL MAWKIE\",\"description\":\"Journal \u00c9lectronique Alg\u00e9rien\",\"publisher\":{\"@id\":\"https:\/\/elmawkie.dz\/fr\/#organization\"},\"potentialAction\":[{\"@type\":\"SearchAction\",\"target\":{\"@type\":\"EntryPoint\",\"urlTemplate\":\"https:\/\/elmawkie.dz\/fr\/?s={search_term_string}\"},\"query-input\":\"required name=search_term_string\"}],\"inLanguage\":\"fr-FR\"},{\"@type\":\"Organization\",\"@id\":\"https:\/\/elmawkie.dz\/fr\/#organization\",\"name\":\"EL MAWKIE\",\"url\":\"https:\/\/elmawkie.dz\/fr\/\",\"logo\":{\"@type\":\"ImageObject\",\"inLanguage\":\"fr-FR\",\"@id\":\"https:\/\/elmawkie.dz\/fr\/#\/schema\/logo\/image\/\",\"url\":\"https:\/\/elmawkie.dz\/fr\/wp-content\/uploads\/2024\/05\/logo1.png\",\"contentUrl\":\"https:\/\/elmawkie.dz\/fr\/wp-content\/uploads\/2024\/05\/logo1.png\",\"width\":1648,\"height\":652,\"caption\":\"EL MAWKIE\"},\"image\":{\"@id\":\"https:\/\/elmawkie.dz\/fr\/#\/schema\/logo\/image\/\"},\"sameAs\":[\"https:\/\/www.facebook.com\/profile.php?id=100088407094989&locale=fr_FR\"]},{\"@type\":\"Person\",\"@id\":\"https:\/\/elmawkie.dz\/fr\/#\/schema\/person\/4ed8433201bc23634185d8dd37097c64\",\"name\":\"Hamra Fouzia\",\"image\":{\"@type\":\"ImageObject\",\"inLanguage\":\"fr-FR\",\"@id\":\"https:\/\/elmawkie.dz\/fr\/#\/schema\/person\/image\/\",\"url\":\"https:\/\/secure.gravatar.com\/avatar\/ea215268aad51f3219f9a59227db6fa1?s=96&d=mm&r=g\",\"contentUrl\":\"https:\/\/secure.gravatar.com\/avatar\/ea215268aad51f3219f9a59227db6fa1?s=96&d=mm&r=g\",\"caption\":\"Hamra Fouzia\"},\"sameAs\":[\"https:\/\/elmawkie.dz\/fr\"],\"url\":\"https:\/\/elmawkie.dz\/fr\/author\/elmawkie\/\"}]}<\/script>\n<!-- \/ Yoast SEO Premium plugin. -->","yoast_head_json":{"title":"Le pr\u00e9sident de la R\u00e9publique r\u00e9it\u00e8re le soutien de l'Alg\u00e9rie aux causes justes \u00e0 travers le monde - El Mawkie","robots":{"index":"index","follow":"follow","max-snippet":"max-snippet:-1","max-image-preview":"max-image-preview:large","max-video-preview":"max-video-preview:-1"},"canonical":"https:\/\/elmawkie.dz\/fr\/le-president-de-la-republique-reitere-le-soutien-de-lalgerie-aux-causes-justes-a-travers-le-monde\/","og_locale":"fr_FR","og_type":"article","og_title":"Le pr\u00e9sident de la R\u00e9publique r\u00e9it\u00e8re le soutien de l'Alg\u00e9rie aux causes justes \u00e0 travers le monde","og_description":"KHENCHELA &#8211; Le pr\u00e9sident de la R\u00e9publique, M. Abdelmadjid Tebboune, a r\u00e9it\u00e9r\u00e9, jeudi depuis la wilaya de Khenchela, le soutien de l&rsquo;Alg\u00e9rie en faveur des causes justes \u00e0 travers le monde, en t\u00eate desquelles la cause palestinienne qu&rsquo;il a qualifi\u00e9e de \u00ab\u00a0cause de tout le peuple alg\u00e9rien\u00a0\u00bb. \u00ab\u00a0La performance de la diplomatie alg\u00e9rienne est honorable, &hellip;","og_url":"https:\/\/elmawkie.dz\/fr\/le-president-de-la-republique-reitere-le-soutien-de-lalgerie-aux-causes-justes-a-travers-le-monde\/","og_site_name":"El Mawkie","article_publisher":"https:\/\/www.facebook.com\/profile.php?id=100088407094989&locale=fr_FR","article_published_time":"2024-05-30T20:42:20+00:00","og_image":[{"width":580,"height":350,"url":"https:\/\/elmawkie.dz\/fr\/wp-content\/uploads\/2024\/05\/IMG_6276.jpeg","type":"image\/jpeg"}],"author":"Hamra Fouzia","twitter_card":"summary_large_image","twitter_misc":{"Written by":"Hamra Fouzia","Est. reading time":"2 minutes"},"schema":{"@context":"https:\/\/schema.org","@graph":[{"@type":"Article","@id":"https:\/\/elmawkie.dz\/fr\/le-president-de-la-republique-reitere-le-soutien-de-lalgerie-aux-causes-justes-a-travers-le-monde\/#article","isPartOf":{"@id":"https:\/\/elmawkie.dz\/fr\/le-president-de-la-republique-reitere-le-soutien-de-lalgerie-aux-causes-justes-a-travers-le-monde\/"},"author":{"name":"Hamra Fouzia","@id":"https:\/\/elmawkie.dz\/fr\/#\/schema\/person\/4ed8433201bc23634185d8dd37097c64"},"headline":"Le pr\u00e9sident de la R\u00e9publique r\u00e9it\u00e8re le soutien de l&rsquo;Alg\u00e9rie aux causes justes \u00e0 travers le monde","datePublished":"2024-05-30T20:42:20+00:00","dateModified":"2024-05-30T20:42:20+00:00","mainEntityOfPage":{"@id":"https:\/\/elmawkie.dz\/fr\/le-president-de-la-republique-reitere-le-soutien-de-lalgerie-aux-causes-justes-a-travers-le-monde\/"},"wordCount":298,"commentCount":0,"publisher":{"@id":"https:\/\/elmawkie.dz\/fr\/#organization"},"image":{"@id":"https:\/\/elmawkie.dz\/fr\/le-president-de-la-republique-reitere-le-soutien-de-lalgerie-aux-causes-justes-a-travers-le-monde\/#primaryimage"},"thumbnailUrl":"https:\/\/elmawkie.dz\/fr\/wp-content\/uploads\/2024\/05\/IMG_6276.jpeg","articleSection":["National"],"inLanguage":"fr-FR","potentialAction":[{"@type":"CommentAction","name":"Comment","target":["https:\/\/elmawkie.dz\/fr\/le-president-de-la-republique-reitere-le-soutien-de-lalgerie-aux-causes-justes-a-travers-le-monde\/#respond"]}]},{"@type":"WebPage","@id":"https:\/\/elmawkie.dz\/fr\/le-president-de-la-republique-reitere-le-soutien-de-lalgerie-aux-causes-justes-a-travers-le-monde\/","url":"https:\/\/elmawkie.dz\/fr\/le-president-de-la-republique-reitere-le-soutien-de-lalgerie-aux-causes-justes-a-travers-le-monde\/","name":"Le pr\u00e9sident de la R\u00e9publique r\u00e9it\u00e8re le soutien de l'Alg\u00e9rie aux causes justes \u00e0 travers le monde - El Mawkie","isPartOf":{"@id":"https:\/\/elmawkie.dz\/fr\/#website"},"primaryImageOfPage":{"@id":"https:\/\/elmawkie.dz\/fr\/le-president-de-la-republique-reitere-le-soutien-de-lalgerie-aux-causes-justes-a-travers-le-monde\/#primaryimage"},"image":{"@id":"https:\/\/elmawkie.dz\/fr\/le-president-de-la-republique-reitere-le-soutien-de-lalgerie-aux-causes-justes-a-travers-le-monde\/#primaryimage"},"thumbnailUrl":"https:\/\/elmawkie.dz\/fr\/wp-content\/uploads\/2024\/05\/IMG_6276.jpeg","datePublished":"2024-05-30T20:42:20+00:00","dateModified":"2024-05-30T20:42:20+00:00","breadcrumb":{"@id":"https:\/\/elmawkie.dz\/fr\/le-president-de-la-republique-reitere-le-soutien-de-lalgerie-aux-causes-justes-a-travers-le-monde\/#breadcrumb"},"inLanguage":"fr-FR","potentialAction":[{"@type":"ReadAction","target":["https:\/\/elmawkie.dz\/fr\/le-president-de-la-republique-reitere-le-soutien-de-lalgerie-aux-causes-justes-a-travers-le-monde\/"]}]},{"@type":"ImageObject","inLanguage":"fr-FR","@id":"https:\/\/elmawkie.dz\/fr\/le-president-de-la-republique-reitere-le-soutien-de-lalgerie-aux-causes-justes-a-travers-le-monde\/#primaryimage","url":"https:\/\/elmawkie.dz\/fr\/wp-content\/uploads\/2024\/05\/IMG_6276.jpeg","contentUrl":"https:\/\/elmawkie.dz\/fr\/wp-content\/uploads\/2024\/05\/IMG_6276.jpeg","width":580,"height":350},{"@type":"BreadcrumbList","@id":"https:\/\/elmawkie.dz\/fr\/le-president-de-la-republique-reitere-le-soutien-de-lalgerie-aux-causes-justes-a-travers-le-monde\/#breadcrumb","itemListElement":[{"@type":"ListItem","position":1,"name":"Home","item":"https:\/\/elmawkie.dz\/fr\/"},{"@type":"ListItem","position":2,"name":"Le pr\u00e9sident de la R\u00e9publique r\u00e9it\u00e8re le soutien de l&rsquo;Alg\u00e9rie aux causes justes \u00e0 travers le monde"}]},{"@type":"WebSite","@id":"https:\/\/elmawkie.dz\/fr\/#website","url":"https:\/\/elmawkie.dz\/fr\/","name":"EL MAWKIE","description":"Journal \u00c9lectronique Alg\u00e9rien","publisher":{"@id":"https:\/\/elmawkie.dz\/fr\/#organization"},"potentialAction":[{"@type":"SearchAction","target":{"@type":"EntryPoint","urlTemplate":"https:\/\/elmawkie.dz\/fr\/?s={search_term_string}"},"query-input":"required name=search_term_string"}],"inLanguage":"fr-FR"},{"@type":"Organization","@id":"https:\/\/elmawkie.dz\/fr\/#organization","name":"EL MAWKIE","url":"https:\/\/elmawkie.dz\/fr\/","logo":{"@type":"ImageObject","inLanguage":"fr-FR","@id":"https:\/\/elmawkie.dz\/fr\/#\/schema\/logo\/image\/","url":"https:\/\/elmawkie.dz\/fr\/wp-content\/uploads\/2024\/05\/logo1.png","contentUrl":"https:\/\/elmawkie.dz\/fr\/wp-content\/uploads\/2024\/05\/logo1.png","width":1648,"height":652,"caption":"EL MAWKIE"},"image":{"@id":"https:\/\/elmawkie.dz\/fr\/#\/schema\/logo\/image\/"},"sameAs":["https:\/\/www.facebook.com\/profile.php?id=100088407094989&locale=fr_FR"]},{"@type":"Person","@id":"https:\/\/elmawkie.dz\/fr\/#\/schema\/person\/4ed8433201bc23634185d8dd37097c64","name":"Hamra Fouzia","image":{"@type":"ImageObject","inLanguage":"fr-FR","@id":"https:\/\/elmawkie.dz\/fr\/#\/schema\/person\/image\/","url":"https:\/\/secure.gravatar.com\/avatar\/ea215268aad51f3219f9a59227db6fa1?s=96&d=mm&r=g","contentUrl":"https:\/\/secure.gravatar.com\/avatar\/ea215268aad51f3219f9a59227db6fa1?s=96&d=mm&r=g","caption":"Hamra Fouzia"},"sameAs":["https:\/\/elmawkie.dz\/fr"],"url":"https:\/\/elmawkie.dz\/fr\/author\/elmawkie\/"}]}},"_links":{"self":[{"href":"https:\/\/elmawkie.dz\/fr\/wp-json\/wp\/v2\/posts\/1370","targetHints":{"allow":["GET"]}}],"collection":[{"href":"https:\/\/elmawkie.dz\/fr\/wp-json\/wp\/v2\/posts"}],"about":[{"href":"https:\/\/elmawkie.dz\/fr\/wp-json\/wp\/v2\/types\/post"}],"author":[{"embeddable":true,"href":"https:\/\/elmawkie.dz\/fr\/wp-json\/wp\/v2\/users\/3"}],"replies":[{"embeddable":true,"href":"https:\/\/elmawkie.dz\/fr\/wp-json\/wp\/v2\/comments?post=1370"}],"version-history":[{"count":0,"href":"https:\/\/elmawkie.dz\/fr\/wp-json\/wp\/v2\/posts\/1370\/revisions"}],"wp:featuredmedia":[{"embeddable":true,"href":"https:\/\/elmawkie.dz\/fr\/wp-json\/wp\/v2\/media\/1371"}],"wp:attachment":[{"href":"https:\/\/elmawkie.dz\/fr\/wp-json\/wp\/v2\/media?parent=1370"}],"wp:term":[{"taxonomy":"category","embeddable":true,"href":"https:\/\/elmawkie.dz\/fr\/wp-json\/wp\/v2\/categories?post=1370"},{"taxonomy":"post_tag","embeddable":true,"href":"https:\/\/elmawkie.dz\/fr\/wp-json\/wp\/v2\/tags?post=1370"}],"curies":[{"name":"wp","href":"https:\/\/api.w.org\/{rel}","templated":true}]}}