{"id":1361,"date":"2024-05-29T23:07:51","date_gmt":"2024-05-29T22:07:51","guid":{"rendered":"https:\/\/elmawkie.dz\/fr\/?p=1361"},"modified":"2024-05-29T23:12:51","modified_gmt":"2024-05-29T22:12:51","slug":"le-mexique-demande-a-se-joindre-au-proces-de-lafrique-du-sud-contre-israel","status":"publish","type":"post","link":"https:\/\/elmawkie.dz\/fr\/le-mexique-demande-a-se-joindre-au-proces-de-lafrique-du-sud-contre-israel\/","title":{"rendered":"Le Mexique demande \u00e0 se joindre \u00a0au proc\u00e8s de l&rsquo;Afrique du Sud contre Isra\u00ebl"},"content":{"rendered":"<p><em>La Cour internationale de justice a annonc\u00e9 avoir re\u00e7u une demande du Mexique de rejoindre la cause de g\u00e9nocide que l&rsquo;Afrique du Sud a soulev\u00e9e contre Isra\u00ebl \u00e0 la suite de l&rsquo;agression \u00e0 Gaza.<\/em><\/p>\n<p><em>Selon l\u2019agence de presse palestinienne \u00ab WAFA \u00bb Le Mexique a demand\u00e9 \u00e0 se joindre au proc\u00e8s intent\u00e9 par l&rsquo;Afrique du Sud contre Isra\u00ebl pour violation de la Convention des Nations Unies sur la pr\u00e9vention et la punition du crime de g\u00e9nocide de 1948.<\/em><\/p>\n<p><em>La m\u00eame source ajoute que la demande d&rsquo;intervention du Mexique \u00e9tait fond\u00e9e sur l&rsquo;article 63 du Statut de la Cour, qui \u00ab\u00a0donne \u00e0 d&rsquo;autres \u00c9tats le droit d&rsquo;intervenir dans le but de faire une d\u00e9claration sur l&rsquo;interpr\u00e9tation de la Convention\u00a0\u00bb.<\/em><\/p>\n<p><em>Le Mexique a indiqu\u00e9 qu&rsquo;il souhaitait \u00a0\u00bb pr\u00e9senter son point de vue sur l&rsquo;interpr\u00e9tation des dispositions de la Convention pertinentes \u00e0 la question \u00ab\u00a0.<\/em><\/p>\n<p><em>Le Minist\u00e8re des Affaires \u00e9trang\u00e8res palestinien a salu\u00e9 la d\u00e9claration du Gouvernement des \u00c9tats-Unis du Mexique d&rsquo;intervenir en vertu de l&rsquo;article 63 des R\u00e8gles de la Cour Internationale de Justice , indique l\u2019agence de presse \u00ab WAFA \u00bb .<\/em><\/p>\n<p>&nbsp;<\/p>\n<p>&nbsp;<\/p>\n","protected":false},"excerpt":{"rendered":"<p>La Cour internationale de justice a annonc\u00e9 avoir re\u00e7u une demande du Mexique de rejoindre la cause de g\u00e9nocide que l&rsquo;Afrique du Sud a soulev\u00e9e contre Isra\u00ebl \u00e0 la suite de l&rsquo;agression \u00e0 Gaza. Selon l\u2019agence de presse palestinienne \u00ab WAFA \u00bb Le Mexique a demand\u00e9 \u00e0 se joindre au proc\u00e8s intent\u00e9 par l&rsquo;Afrique du &hellip;<\/p>\n","protected":false},"author":3,"featured_media":1362,"comment_status":"open","ping_status":"open","sticky":false,"template":"","format":"standard","meta":{"footnotes":""},"categories":[44],"tags":[72,71],"class_list":["post-1361","post","type-post","status-publish","format-standard","has-post-thumbnail","hentry","category-international","tag-la-palestine","tag-le-mexique"],"yoast_head":"<!-- This site is optimized with the Yoast SEO Premium plugin v22.6 (Yoast SEO v22.6) - https:\/\/yoast.com\/wordpress\/plugins\/seo\/ -->\n<title>Le Mexique demande \u00e0 se joindre \u00a0au proc\u00e8s de l&#039;Afrique du Sud contre Isra\u00ebl - El Mawkie<\/title>\n<meta name=\"robots\" content=\"index, follow, max-snippet:-1, max-image-preview:large, max-video-preview:-1\" \/>\n<link rel=\"canonical\" href=\"https:\/\/elmawkie.dz\/fr\/le-mexique-demande-a-se-joindre-au-proces-de-lafrique-du-sud-contre-israel\/\" \/>\n<meta property=\"og:locale\" content=\"fr_FR\" \/>\n<meta property=\"og:type\" content=\"article\" \/>\n<meta property=\"og:title\" content=\"Le Mexique demande \u00e0 se joindre \u00a0au proc\u00e8s de l&#039;Afrique du Sud contre Isra\u00ebl\" \/>\n<meta property=\"og:description\" content=\"La Cour internationale de justice a annonc\u00e9 avoir re\u00e7u une demande du Mexique de rejoindre la cause de g\u00e9nocide que l&rsquo;Afrique du Sud a soulev\u00e9e contre Isra\u00ebl \u00e0 la suite de l&rsquo;agression \u00e0 Gaza. Selon l\u2019agence de presse palestinienne \u00ab WAFA \u00bb Le Mexique a demand\u00e9 \u00e0 se joindre au proc\u00e8s intent\u00e9 par l&rsquo;Afrique du &hellip;\" \/>\n<meta property=\"og:url\" content=\"https:\/\/elmawkie.dz\/fr\/le-mexique-demande-a-se-joindre-au-proces-de-lafrique-du-sud-contre-israel\/\" \/>\n<meta property=\"og:site_name\" content=\"El Mawkie\" \/>\n<meta property=\"article:publisher\" content=\"https:\/\/www.facebook.com\/profile.php?id=100088407094989&amp;locale=fr_FR\" \/>\n<meta property=\"article:published_time\" content=\"2024-05-29T22:07:51+00:00\" \/>\n<meta property=\"article:modified_time\" content=\"2024-05-29T22:12:51+00:00\" \/>\n<meta property=\"og:image\" content=\"https:\/\/elmawkie.dz\/fr\/wp-content\/uploads\/2024\/05\/IMG_6241.jpeg\" \/>\n\t<meta property=\"og:image:width\" content=\"600\" \/>\n\t<meta property=\"og:image:height\" content=\"337\" \/>\n\t<meta property=\"og:image:type\" content=\"image\/jpeg\" \/>\n<meta name=\"author\" content=\"Hamra Fouzia\" \/>\n<meta name=\"twitter:card\" content=\"summary_large_image\" \/>\n<meta name=\"twitter:label1\" content=\"Written by\" \/>\n\t<meta name=\"twitter:data1\" content=\"Hamra Fouzia\" \/>\n\t<meta name=\"twitter:label2\" content=\"Est. reading time\" \/>\n\t<meta name=\"twitter:data2\" content=\"2 minutes\" \/>\n<script type=\"application\/ld+json\" class=\"yoast-schema-graph\">{\"@context\":\"https:\/\/schema.org\",\"@graph\":[{\"@type\":\"Article\",\"@id\":\"https:\/\/elmawkie.dz\/fr\/le-mexique-demande-a-se-joindre-au-proces-de-lafrique-du-sud-contre-israel\/#article\",\"isPartOf\":{\"@id\":\"https:\/\/elmawkie.dz\/fr\/le-mexique-demande-a-se-joindre-au-proces-de-lafrique-du-sud-contre-israel\/\"},\"author\":{\"name\":\"Hamra Fouzia\",\"@id\":\"https:\/\/elmawkie.dz\/fr\/#\/schema\/person\/4ed8433201bc23634185d8dd37097c64\"},\"headline\":\"Le Mexique demande \u00e0 se joindre \u00a0au proc\u00e8s de l&rsquo;Afrique du Sud contre Isra\u00ebl\",\"datePublished\":\"2024-05-29T22:07:51+00:00\",\"dateModified\":\"2024-05-29T22:12:51+00:00\",\"mainEntityOfPage\":{\"@id\":\"https:\/\/elmawkie.dz\/fr\/le-mexique-demande-a-se-joindre-au-proces-de-lafrique-du-sud-contre-israel\/\"},\"wordCount\":215,\"commentCount\":0,\"publisher\":{\"@id\":\"https:\/\/elmawkie.dz\/fr\/#organization\"},\"image\":{\"@id\":\"https:\/\/elmawkie.dz\/fr\/le-mexique-demande-a-se-joindre-au-proces-de-lafrique-du-sud-contre-israel\/#primaryimage\"},\"thumbnailUrl\":\"https:\/\/elmawkie.dz\/fr\/wp-content\/uploads\/2024\/05\/IMG_6241.jpeg\",\"keywords\":[\"la Palestine\",\"Le Mexique\"],\"articleSection\":[\"International\"],\"inLanguage\":\"fr-FR\",\"potentialAction\":[{\"@type\":\"CommentAction\",\"name\":\"Comment\",\"target\":[\"https:\/\/elmawkie.dz\/fr\/le-mexique-demande-a-se-joindre-au-proces-de-lafrique-du-sud-contre-israel\/#respond\"]}]},{\"@type\":\"WebPage\",\"@id\":\"https:\/\/elmawkie.dz\/fr\/le-mexique-demande-a-se-joindre-au-proces-de-lafrique-du-sud-contre-israel\/\",\"url\":\"https:\/\/elmawkie.dz\/fr\/le-mexique-demande-a-se-joindre-au-proces-de-lafrique-du-sud-contre-israel\/\",\"name\":\"Le Mexique demande \u00e0 se joindre \u00a0au proc\u00e8s de l'Afrique du Sud contre Isra\u00ebl - El Mawkie\",\"isPartOf\":{\"@id\":\"https:\/\/elmawkie.dz\/fr\/#website\"},\"primaryImageOfPage\":{\"@id\":\"https:\/\/elmawkie.dz\/fr\/le-mexique-demande-a-se-joindre-au-proces-de-lafrique-du-sud-contre-israel\/#primaryimage\"},\"image\":{\"@id\":\"https:\/\/elmawkie.dz\/fr\/le-mexique-demande-a-se-joindre-au-proces-de-lafrique-du-sud-contre-israel\/#primaryimage\"},\"thumbnailUrl\":\"https:\/\/elmawkie.dz\/fr\/wp-content\/uploads\/2024\/05\/IMG_6241.jpeg\",\"datePublished\":\"2024-05-29T22:07:51+00:00\",\"dateModified\":\"2024-05-29T22:12:51+00:00\",\"breadcrumb\":{\"@id\":\"https:\/\/elmawkie.dz\/fr\/le-mexique-demande-a-se-joindre-au-proces-de-lafrique-du-sud-contre-israel\/#breadcrumb\"},\"inLanguage\":\"fr-FR\",\"potentialAction\":[{\"@type\":\"ReadAction\",\"target\":[\"https:\/\/elmawkie.dz\/fr\/le-mexique-demande-a-se-joindre-au-proces-de-lafrique-du-sud-contre-israel\/\"]}]},{\"@type\":\"ImageObject\",\"inLanguage\":\"fr-FR\",\"@id\":\"https:\/\/elmawkie.dz\/fr\/le-mexique-demande-a-se-joindre-au-proces-de-lafrique-du-sud-contre-israel\/#primaryimage\",\"url\":\"https:\/\/elmawkie.dz\/fr\/wp-content\/uploads\/2024\/05\/IMG_6241.jpeg\",\"contentUrl\":\"https:\/\/elmawkie.dz\/fr\/wp-content\/uploads\/2024\/05\/IMG_6241.jpeg\",\"width\":600,\"height\":337},{\"@type\":\"BreadcrumbList\",\"@id\":\"https:\/\/elmawkie.dz\/fr\/le-mexique-demande-a-se-joindre-au-proces-de-lafrique-du-sud-contre-israel\/#breadcrumb\",\"itemListElement\":[{\"@type\":\"ListItem\",\"position\":1,\"name\":\"Home\",\"item\":\"https:\/\/elmawkie.dz\/fr\/\"},{\"@type\":\"ListItem\",\"position\":2,\"name\":\"Le Mexique demande \u00e0 se joindre \u00a0au proc\u00e8s de l&rsquo;Afrique du Sud contre Isra\u00ebl\"}]},{\"@type\":\"WebSite\",\"@id\":\"https:\/\/elmawkie.dz\/fr\/#website\",\"url\":\"https:\/\/elmawkie.dz\/fr\/\",\"name\":\"EL MAWKIE\",\"description\":\"Journal \u00c9lectronique Alg\u00e9rien\",\"publisher\":{\"@id\":\"https:\/\/elmawkie.dz\/fr\/#organization\"},\"potentialAction\":[{\"@type\":\"SearchAction\",\"target\":{\"@type\":\"EntryPoint\",\"urlTemplate\":\"https:\/\/elmawkie.dz\/fr\/?s={search_term_string}\"},\"query-input\":\"required name=search_term_string\"}],\"inLanguage\":\"fr-FR\"},{\"@type\":\"Organization\",\"@id\":\"https:\/\/elmawkie.dz\/fr\/#organization\",\"name\":\"EL MAWKIE\",\"url\":\"https:\/\/elmawkie.dz\/fr\/\",\"logo\":{\"@type\":\"ImageObject\",\"inLanguage\":\"fr-FR\",\"@id\":\"https:\/\/elmawkie.dz\/fr\/#\/schema\/logo\/image\/\",\"url\":\"https:\/\/elmawkie.dz\/fr\/wp-content\/uploads\/2024\/05\/logo1.png\",\"contentUrl\":\"https:\/\/elmawkie.dz\/fr\/wp-content\/uploads\/2024\/05\/logo1.png\",\"width\":1648,\"height\":652,\"caption\":\"EL MAWKIE\"},\"image\":{\"@id\":\"https:\/\/elmawkie.dz\/fr\/#\/schema\/logo\/image\/\"},\"sameAs\":[\"https:\/\/www.facebook.com\/profile.php?id=100088407094989&locale=fr_FR\"]},{\"@type\":\"Person\",\"@id\":\"https:\/\/elmawkie.dz\/fr\/#\/schema\/person\/4ed8433201bc23634185d8dd37097c64\",\"name\":\"Hamra Fouzia\",\"image\":{\"@type\":\"ImageObject\",\"inLanguage\":\"fr-FR\",\"@id\":\"https:\/\/elmawkie.dz\/fr\/#\/schema\/person\/image\/\",\"url\":\"https:\/\/secure.gravatar.com\/avatar\/ea215268aad51f3219f9a59227db6fa1?s=96&d=mm&r=g\",\"contentUrl\":\"https:\/\/secure.gravatar.com\/avatar\/ea215268aad51f3219f9a59227db6fa1?s=96&d=mm&r=g\",\"caption\":\"Hamra Fouzia\"},\"sameAs\":[\"https:\/\/elmawkie.dz\/fr\"],\"url\":\"https:\/\/elmawkie.dz\/fr\/author\/elmawkie\/\"}]}<\/script>\n<!-- \/ Yoast SEO Premium plugin. -->","yoast_head_json":{"title":"Le Mexique demande \u00e0 se joindre \u00a0au proc\u00e8s de l'Afrique du Sud contre Isra\u00ebl - El Mawkie","robots":{"index":"index","follow":"follow","max-snippet":"max-snippet:-1","max-image-preview":"max-image-preview:large","max-video-preview":"max-video-preview:-1"},"canonical":"https:\/\/elmawkie.dz\/fr\/le-mexique-demande-a-se-joindre-au-proces-de-lafrique-du-sud-contre-israel\/","og_locale":"fr_FR","og_type":"article","og_title":"Le Mexique demande \u00e0 se joindre \u00a0au proc\u00e8s de l'Afrique du Sud contre Isra\u00ebl","og_description":"La Cour internationale de justice a annonc\u00e9 avoir re\u00e7u une demande du Mexique de rejoindre la cause de g\u00e9nocide que l&rsquo;Afrique du Sud a soulev\u00e9e contre Isra\u00ebl \u00e0 la suite de l&rsquo;agression \u00e0 Gaza. Selon l\u2019agence de presse palestinienne \u00ab WAFA \u00bb Le Mexique a demand\u00e9 \u00e0 se joindre au proc\u00e8s intent\u00e9 par l&rsquo;Afrique du &hellip;","og_url":"https:\/\/elmawkie.dz\/fr\/le-mexique-demande-a-se-joindre-au-proces-de-lafrique-du-sud-contre-israel\/","og_site_name":"El Mawkie","article_publisher":"https:\/\/www.facebook.com\/profile.php?id=100088407094989&locale=fr_FR","article_published_time":"2024-05-29T22:07:51+00:00","article_modified_time":"2024-05-29T22:12:51+00:00","og_image":[{"width":600,"height":337,"url":"https:\/\/elmawkie.dz\/fr\/wp-content\/uploads\/2024\/05\/IMG_6241.jpeg","type":"image\/jpeg"}],"author":"Hamra Fouzia","twitter_card":"summary_large_image","twitter_misc":{"Written by":"Hamra Fouzia","Est. reading time":"2 minutes"},"schema":{"@context":"https:\/\/schema.org","@graph":[{"@type":"Article","@id":"https:\/\/elmawkie.dz\/fr\/le-mexique-demande-a-se-joindre-au-proces-de-lafrique-du-sud-contre-israel\/#article","isPartOf":{"@id":"https:\/\/elmawkie.dz\/fr\/le-mexique-demande-a-se-joindre-au-proces-de-lafrique-du-sud-contre-israel\/"},"author":{"name":"Hamra Fouzia","@id":"https:\/\/elmawkie.dz\/fr\/#\/schema\/person\/4ed8433201bc23634185d8dd37097c64"},"headline":"Le Mexique demande \u00e0 se joindre \u00a0au proc\u00e8s de l&rsquo;Afrique du Sud contre Isra\u00ebl","datePublished":"2024-05-29T22:07:51+00:00","dateModified":"2024-05-29T22:12:51+00:00","mainEntityOfPage":{"@id":"https:\/\/elmawkie.dz\/fr\/le-mexique-demande-a-se-joindre-au-proces-de-lafrique-du-sud-contre-israel\/"},"wordCount":215,"commentCount":0,"publisher":{"@id":"https:\/\/elmawkie.dz\/fr\/#organization"},"image":{"@id":"https:\/\/elmawkie.dz\/fr\/le-mexique-demande-a-se-joindre-au-proces-de-lafrique-du-sud-contre-israel\/#primaryimage"},"thumbnailUrl":"https:\/\/elmawkie.dz\/fr\/wp-content\/uploads\/2024\/05\/IMG_6241.jpeg","keywords":["la Palestine","Le Mexique"],"articleSection":["International"],"inLanguage":"fr-FR","potentialAction":[{"@type":"CommentAction","name":"Comment","target":["https:\/\/elmawkie.dz\/fr\/le-mexique-demande-a-se-joindre-au-proces-de-lafrique-du-sud-contre-israel\/#respond"]}]},{"@type":"WebPage","@id":"https:\/\/elmawkie.dz\/fr\/le-mexique-demande-a-se-joindre-au-proces-de-lafrique-du-sud-contre-israel\/","url":"https:\/\/elmawkie.dz\/fr\/le-mexique-demande-a-se-joindre-au-proces-de-lafrique-du-sud-contre-israel\/","name":"Le Mexique demande \u00e0 se joindre \u00a0au proc\u00e8s de l'Afrique du Sud contre Isra\u00ebl - El Mawkie","isPartOf":{"@id":"https:\/\/elmawkie.dz\/fr\/#website"},"primaryImageOfPage":{"@id":"https:\/\/elmawkie.dz\/fr\/le-mexique-demande-a-se-joindre-au-proces-de-lafrique-du-sud-contre-israel\/#primaryimage"},"image":{"@id":"https:\/\/elmawkie.dz\/fr\/le-mexique-demande-a-se-joindre-au-proces-de-lafrique-du-sud-contre-israel\/#primaryimage"},"thumbnailUrl":"https:\/\/elmawkie.dz\/fr\/wp-content\/uploads\/2024\/05\/IMG_6241.jpeg","datePublished":"2024-05-29T22:07:51+00:00","dateModified":"2024-05-29T22:12:51+00:00","breadcrumb":{"@id":"https:\/\/elmawkie.dz\/fr\/le-mexique-demande-a-se-joindre-au-proces-de-lafrique-du-sud-contre-israel\/#breadcrumb"},"inLanguage":"fr-FR","potentialAction":[{"@type":"ReadAction","target":["https:\/\/elmawkie.dz\/fr\/le-mexique-demande-a-se-joindre-au-proces-de-lafrique-du-sud-contre-israel\/"]}]},{"@type":"ImageObject","inLanguage":"fr-FR","@id":"https:\/\/elmawkie.dz\/fr\/le-mexique-demande-a-se-joindre-au-proces-de-lafrique-du-sud-contre-israel\/#primaryimage","url":"https:\/\/elmawkie.dz\/fr\/wp-content\/uploads\/2024\/05\/IMG_6241.jpeg","contentUrl":"https:\/\/elmawkie.dz\/fr\/wp-content\/uploads\/2024\/05\/IMG_6241.jpeg","width":600,"height":337},{"@type":"BreadcrumbList","@id":"https:\/\/elmawkie.dz\/fr\/le-mexique-demande-a-se-joindre-au-proces-de-lafrique-du-sud-contre-israel\/#breadcrumb","itemListElement":[{"@type":"ListItem","position":1,"name":"Home","item":"https:\/\/elmawkie.dz\/fr\/"},{"@type":"ListItem","position":2,"name":"Le Mexique demande \u00e0 se joindre \u00a0au proc\u00e8s de l&rsquo;Afrique du Sud contre Isra\u00ebl"}]},{"@type":"WebSite","@id":"https:\/\/elmawkie.dz\/fr\/#website","url":"https:\/\/elmawkie.dz\/fr\/","name":"EL MAWKIE","description":"Journal \u00c9lectronique Alg\u00e9rien","publisher":{"@id":"https:\/\/elmawkie.dz\/fr\/#organization"},"potentialAction":[{"@type":"SearchAction","target":{"@type":"EntryPoint","urlTemplate":"https:\/\/elmawkie.dz\/fr\/?s={search_term_string}"},"query-input":"required name=search_term_string"}],"inLanguage":"fr-FR"},{"@type":"Organization","@id":"https:\/\/elmawkie.dz\/fr\/#organization","name":"EL MAWKIE","url":"https:\/\/elmawkie.dz\/fr\/","logo":{"@type":"ImageObject","inLanguage":"fr-FR","@id":"https:\/\/elmawkie.dz\/fr\/#\/schema\/logo\/image\/","url":"https:\/\/elmawkie.dz\/fr\/wp-content\/uploads\/2024\/05\/logo1.png","contentUrl":"https:\/\/elmawkie.dz\/fr\/wp-content\/uploads\/2024\/05\/logo1.png","width":1648,"height":652,"caption":"EL MAWKIE"},"image":{"@id":"https:\/\/elmawkie.dz\/fr\/#\/schema\/logo\/image\/"},"sameAs":["https:\/\/www.facebook.com\/profile.php?id=100088407094989&locale=fr_FR"]},{"@type":"Person","@id":"https:\/\/elmawkie.dz\/fr\/#\/schema\/person\/4ed8433201bc23634185d8dd37097c64","name":"Hamra Fouzia","image":{"@type":"ImageObject","inLanguage":"fr-FR","@id":"https:\/\/elmawkie.dz\/fr\/#\/schema\/person\/image\/","url":"https:\/\/secure.gravatar.com\/avatar\/ea215268aad51f3219f9a59227db6fa1?s=96&d=mm&r=g","contentUrl":"https:\/\/secure.gravatar.com\/avatar\/ea215268aad51f3219f9a59227db6fa1?s=96&d=mm&r=g","caption":"Hamra Fouzia"},"sameAs":["https:\/\/elmawkie.dz\/fr"],"url":"https:\/\/elmawkie.dz\/fr\/author\/elmawkie\/"}]}},"_links":{"self":[{"href":"https:\/\/elmawkie.dz\/fr\/wp-json\/wp\/v2\/posts\/1361","targetHints":{"allow":["GET"]}}],"collection":[{"href":"https:\/\/elmawkie.dz\/fr\/wp-json\/wp\/v2\/posts"}],"about":[{"href":"https:\/\/elmawkie.dz\/fr\/wp-json\/wp\/v2\/types\/post"}],"author":[{"embeddable":true,"href":"https:\/\/elmawkie.dz\/fr\/wp-json\/wp\/v2\/users\/3"}],"replies":[{"embeddable":true,"href":"https:\/\/elmawkie.dz\/fr\/wp-json\/wp\/v2\/comments?post=1361"}],"version-history":[{"count":0,"href":"https:\/\/elmawkie.dz\/fr\/wp-json\/wp\/v2\/posts\/1361\/revisions"}],"wp:featuredmedia":[{"embeddable":true,"href":"https:\/\/elmawkie.dz\/fr\/wp-json\/wp\/v2\/media\/1362"}],"wp:attachment":[{"href":"https:\/\/elmawkie.dz\/fr\/wp-json\/wp\/v2\/media?parent=1361"}],"wp:term":[{"taxonomy":"category","embeddable":true,"href":"https:\/\/elmawkie.dz\/fr\/wp-json\/wp\/v2\/categories?post=1361"},{"taxonomy":"post_tag","embeddable":true,"href":"https:\/\/elmawkie.dz\/fr\/wp-json\/wp\/v2\/tags?post=1361"}],"curies":[{"name":"wp","href":"https:\/\/api.w.org\/{rel}","templated":true}]}}